{"id":28992,"date":"2020-06-29T18:32:12","date_gmt":"2020-06-29T22:32:12","guid":{"rendered":"http:\/\/blogdalucianaoliveira.com.br\/blog\/?p=28992"},"modified":"2020-06-29T18:32:22","modified_gmt":"2020-06-29T22:32:22","slug":"uniao-europeia-mantem-bloqueio-a-entrada-de-pessoas-do-brasil","status":"publish","type":"post","link":"http:\/\/blogdalucianaoliveira.com.br\/blog\/2020\/06\/29\/uniao-europeia-mantem-bloqueio-a-entrada-de-pessoas-do-brasil\/","title":{"rendered":"Uni\u00e3o Europeia mant\u00e9m bloqueio \u00e0 entrada de pessoas do Brasil"},"content":{"rendered":"\n<figure class=\"wp-block-image size-large\"><img data-recalc-dims=\"1\" loading=\"lazy\" decoding=\"async\" width=\"600\" height=\"324\" data-attachment-id=\"28993\" data-permalink=\"http:\/\/blogdalucianaoliveira.com.br\/blog\/2020\/06\/29\/uniao-europeia-mantem-bloqueio-a-entrada-de-pessoas-do-brasil\/image-83-6\/\" data-orig-file=\"https:\/\/i0.wp.com\/blogdalucianaoliveira.com.br\/blog\/wp-content\/uploads\/2020\/06\/image-83.jpeg?fit=610%2C329\" data-orig-size=\"610,329\" data-comments-opened=\"0\" data-image-meta=\"{&quot;aperture&quot;:&quot;0&quot;,&quot;credit&quot;:&quot;&quot;,&quot;camera&quot;:&quot;&quot;,&quot;caption&quot;:&quot;&quot;,&quot;created_timestamp&quot;:&quot;0&quot;,&quot;copyright&quot;:&quot;&quot;,&quot;focal_length&quot;:&quot;0&quot;,&quot;iso&quot;:&quot;0&quot;,&quot;shutter_speed&quot;:&quot;0&quot;,&quot;title&quot;:&quot;&quot;,&quot;orientation&quot;:&quot;0&quot;}\" data-image-title=\"image-83\" data-image-description=\"\" data-image-caption=\"\" data-medium-file=\"https:\/\/i0.wp.com\/blogdalucianaoliveira.com.br\/blog\/wp-content\/uploads\/2020\/06\/image-83.jpeg?fit=300%2C162\" data-large-file=\"https:\/\/i0.wp.com\/blogdalucianaoliveira.com.br\/blog\/wp-content\/uploads\/2020\/06\/image-83.jpeg?fit=600%2C324\" src=\"https:\/\/i0.wp.com\/blogdalucianaoliveira.com.br\/blog\/wp-content\/uploads\/2020\/06\/image-83.jpeg?resize=600%2C324\" alt=\"\" class=\"wp-image-28993\" srcset=\"https:\/\/i0.wp.com\/blogdalucianaoliveira.com.br\/blog\/wp-content\/uploads\/2020\/06\/image-83.jpeg?w=610 610w, https:\/\/i0.wp.com\/blogdalucianaoliveira.com.br\/blog\/wp-content\/uploads\/2020\/06\/image-83.jpeg?resize=300%2C162 300w, https:\/\/i0.wp.com\/blogdalucianaoliveira.com.br\/blog\/wp-content\/uploads\/2020\/06\/image-83.jpeg?resize=556%2C300 556w\" sizes=\"auto, (max-width: 600px) 100vw, 600px\" \/><\/figure>\n\n\n\n<p><strong>247 &#8211;<\/strong>&nbsp;Os 27 pa\u00edses que integram a Uni\u00e3o Europeia abrir\u00e3o suas fronteiras externas nesta quarta-feira, 1\u00ba, para determinados pa\u00edses onde a pandemia est\u00e1 relativamente controlada. O Brasil ficou de fora desta medida.&nbsp;<\/p>\n\n\n\n<!--more-->\n\n\n\n<p>Segundo a&nbsp;<a href=\"https:\/\/revistaforum.com.br\/noticias\/europa-proibe-entrada-de-brasileiros-por-descontrole-da-pandemia-de-coronavirus\/\">Revista F\u00f3rum<\/a>, cidad\u00e3os de 14 pa\u00edses poder\u00e3o entrar na Uni\u00e3o &nbsp;Europeia: Arg\u00e9lia, Austr\u00e1lia, Canad\u00e1, Coreia do Sul, Ge\u00f3rgia, Jap\u00e3o, Marrocos, Montenegro, Nova Zel\u00e2ndia, Ruanda, S\u00e9rvia, Tail\u00e2ndia, Tun\u00edsia e Uruguai.&nbsp;<\/p>\n\n\n\n<p>Considerados como locais onde o cont\u00e1gio do coronav\u00edrus est\u00e1 descontrolado, a Uni\u00e3o Europeia manteve o bloqueio \u00e0 entrada de pessoas do Brasil, Estados Unidos, R\u00fassia, Ar\u00e1bia Saudita e Turquia.<\/p>\n\n\n\n<p>A rela\u00e7\u00e3o de pa\u00edses ser\u00e1 revisada a cada duas semanas. A proibi\u00e7\u00e3o de entrada \u00e9 para viagens \u201cn\u00e3o essenciais\u201d, como turismo. As restri\u00e7\u00f5es n\u00e3o se aplicam a estudantes, trabalhadores sazonais, passageiros em tr\u00e2nsito, refugiados e familiares de residentes.<\/p>\n\n\n\n<p>Atualmente os brasileiros tamb\u00e9m estao proibidos de entrar nos Estados Unidos por conta do cont\u00e1gio do coronav\u00edrus no pa\u00eds, cujas medidas de combate v\u00eam sendo sabotadas pelo presidente Jair Bolsonaro.\u00a0<\/p>\n","protected":false},"excerpt":{"rendered":"<p>247 &#8211;&nbsp;Os 27 pa\u00edses que integram a Uni\u00e3o Europeia abrir\u00e3o suas fronteiras externas nesta quarta-feira, 1\u00ba, para determinados pa\u00edses onde a pandemia est\u00e1 relativamente controlada. O Brasil ficou de fora desta medida.&nbsp;<\/p>\n","protected":false},"author":1,"featured_media":0,"comment_status":"closed","ping_status":"open","sticky":false,"template":"","format":"standard","meta":{"_exactmetrics_skip_tracking":false,"_exactmetrics_sitenote_active":false,"_exactmetrics_sitenote_note":"","_exactmetrics_sitenote_category":0,"jetpack_post_was_ever_published":false,"_jetpack_newsletter_access":"","_jetpack_dont_email_post_to_subs":false,"_jetpack_newsletter_tier_id":0,"_jetpack_memberships_contains_paywalled_content":false,"_jetpack_memberships_contains_paid_content":false,"footnotes":"","jetpack_publicize_message":"","jetpack_publicize_feature_enabled":true,"jetpack_social_post_already_shared":true,"jetpack_social_options":{"image_generator_settings":{"template":"highway","enabled":false},"version":2}},"categories":[1],"tags":[],"class_list":["post-28992","post","type-post","status-publish","format-standard","hentry","category-notas"],"jetpack_publicize_connections":[],"jetpack_sharing_enabled":true,"jetpack_featured_media_url":"","jetpack_shortlink":"https:\/\/wp.me\/p7wKYW-7xC","jetpack-related-posts":[],"_links":{"self":[{"href":"http:\/\/blogdalucianaoliveira.com.br\/blog\/wp-json\/wp\/v2\/posts\/28992","targetHints":{"allow":["GET"]}}],"collection":[{"href":"http:\/\/blogdalucianaoliveira.com.br\/blog\/wp-json\/wp\/v2\/posts"}],"about":[{"href":"http:\/\/blogdalucianaoliveira.com.br\/blog\/wp-json\/wp\/v2\/types\/post"}],"author":[{"embeddable":true,"href":"http:\/\/blogdalucianaoliveira.com.br\/blog\/wp-json\/wp\/v2\/users\/1"}],"replies":[{"embeddable":true,"href":"http:\/\/blogdalucianaoliveira.com.br\/blog\/wp-json\/wp\/v2\/comments?post=28992"}],"version-history":[{"count":1,"href":"http:\/\/blogdalucianaoliveira.com.br\/blog\/wp-json\/wp\/v2\/posts\/28992\/revisions"}],"predecessor-version":[{"id":28994,"href":"http:\/\/blogdalucianaoliveira.com.br\/blog\/wp-json\/wp\/v2\/posts\/28992\/revisions\/28994"}],"wp:attachment":[{"href":"http:\/\/blogdalucianaoliveira.com.br\/blog\/wp-json\/wp\/v2\/media?parent=28992"}],"wp:term":[{"taxonomy":"category","embeddable":true,"href":"http:\/\/blogdalucianaoliveira.com.br\/blog\/wp-json\/wp\/v2\/categories?post=28992"},{"taxonomy":"post_tag","embeddable":true,"href":"http:\/\/blogdalucianaoliveira.com.br\/blog\/wp-json\/wp\/v2\/tags?post=28992"}],"curies":[{"name":"wp","href":"https:\/\/api.w.org\/{rel}","templated":true}]}}