{"id":28998,"date":"2020-06-30T13:31:51","date_gmt":"2020-06-30T17:31:51","guid":{"rendered":"http:\/\/blogdalucianaoliveira.com.br\/blog\/?p=28998"},"modified":"2020-06-30T13:31:59","modified_gmt":"2020-06-30T17:31:59","slug":"investigados-por-assassinato-de-marielle-cometeram-outro-crime-no-mesmo-dia","status":"publish","type":"post","link":"http:\/\/blogdalucianaoliveira.com.br\/blog\/2020\/06\/30\/investigados-por-assassinato-de-marielle-cometeram-outro-crime-no-mesmo-dia\/","title":{"rendered":"Investigados por assassinato de Marielle cometeram outro crime no mesmo dia"},"content":{"rendered":"\n<figure class=\"wp-block-image size-large\"><img data-recalc-dims=\"1\" loading=\"lazy\" decoding=\"async\" width=\"600\" height=\"360\" data-attachment-id=\"28999\" data-permalink=\"http:\/\/blogdalucianaoliveira.com.br\/blog\/2020\/06\/30\/investigados-por-assassinato-de-marielle-cometeram-outro-crime-no-mesmo-dia\/image-85-6\/\" data-orig-file=\"https:\/\/i0.wp.com\/blogdalucianaoliveira.com.br\/blog\/wp-content\/uploads\/2020\/06\/image-85.jpeg?fit=1024%2C614\" data-orig-size=\"1024,614\" data-comments-opened=\"0\" data-image-meta=\"{&quot;aperture&quot;:&quot;0&quot;,&quot;credit&quot;:&quot;&quot;,&quot;camera&quot;:&quot;&quot;,&quot;caption&quot;:&quot;&quot;,&quot;created_timestamp&quot;:&quot;0&quot;,&quot;copyright&quot;:&quot;&quot;,&quot;focal_length&quot;:&quot;0&quot;,&quot;iso&quot;:&quot;0&quot;,&quot;shutter_speed&quot;:&quot;0&quot;,&quot;title&quot;:&quot;&quot;,&quot;orientation&quot;:&quot;0&quot;}\" data-image-title=\"image-85\" data-image-description=\"\" data-image-caption=\"\" data-medium-file=\"https:\/\/i0.wp.com\/blogdalucianaoliveira.com.br\/blog\/wp-content\/uploads\/2020\/06\/image-85.jpeg?fit=300%2C180\" data-large-file=\"https:\/\/i0.wp.com\/blogdalucianaoliveira.com.br\/blog\/wp-content\/uploads\/2020\/06\/image-85.jpeg?fit=600%2C360\" src=\"https:\/\/i0.wp.com\/blogdalucianaoliveira.com.br\/blog\/wp-content\/uploads\/2020\/06\/image-85.jpeg?resize=600%2C360\" alt=\"\" class=\"wp-image-28999\" srcset=\"https:\/\/i0.wp.com\/blogdalucianaoliveira.com.br\/blog\/wp-content\/uploads\/2020\/06\/image-85.jpeg?w=1024 1024w, https:\/\/i0.wp.com\/blogdalucianaoliveira.com.br\/blog\/wp-content\/uploads\/2020\/06\/image-85.jpeg?resize=300%2C180 300w, https:\/\/i0.wp.com\/blogdalucianaoliveira.com.br\/blog\/wp-content\/uploads\/2020\/06\/image-85.jpeg?resize=768%2C461 768w, https:\/\/i0.wp.com\/blogdalucianaoliveira.com.br\/blog\/wp-content\/uploads\/2020\/06\/image-85.jpeg?resize=500%2C300 500w\" sizes=\"auto, (max-width: 600px) 100vw, 600px\" \/><\/figure>\n\n\n\n<h4 class=\"wp-block-heading\">Integrantes do grupo assassinaram um rival naquele 14 de mar\u00e7o. Presos de hoje chegaram a prestar depoimento no caso Marielle<\/h4>\n\n\n\n<!--more-->\n\n\n\n<p>Na Carta Capital <\/p>\n\n\n\n<p>A opera\u00e7\u00e3o da Pol\u00edcia Civil do Rio de Janeiro, que&nbsp;<a href=\"https:\/\/www.cartacapital.com.br\/justica\/caso-marielle-escritorio-do-crime-e-alvo-de-operacao\/\">prendeu integrantes do \u201cEscrit\u00f3rio do Crime\u201d&nbsp;na manh\u00e3 desta ter\u00e7a-feira 30,<\/a>&nbsp;est\u00e1 associada a um assassinato que ocorreu no dia 14 de mar\u00e7o de 2018 \u2013 um diferente, por\u00e9m, do que matou a vereadora Marielle Silva e o motorista Anderson Gomes.<\/p>\n\n\n\n<p>Segundo informa\u00e7\u00f5es fornecidas pelo Minist\u00e9rio P\u00fablico do Rio de Janeiro (MP-RJ), os quatro pedidos de busca e apreens\u00e3o foram expedidos para homens ligados a Adriano da N\u00f3brega, conhecido chefe desse n\u00facleo de mil\u00edcias do Rio de Janeiro e poss\u00edvel mandante do homic\u00eddio de Marcelo Diotti da Mata, que aconteceu naquele 14 de mar\u00e7o em um estacionamento de uma hamburgueria na Barra da Tijuca, zona oeste carioca.<\/p>\n\n\n\n<p>Marielle e Anderson, no entanto, foram mortos na regi\u00e3o central do Rio.<\/p>\n\n\n\n<p>\u201c\u2018Capit\u00e3o Adriano\u2019 \u00e9 apontado como mandante do homic\u00eddio de Marcelo Diotti da Mata, cuja execu\u00e7\u00e3o, na noite de 14 de mar\u00e7o de 2018, no estacionamento de uma hamburgueria na Barra da Tijuca, ficou a cargo do grupo criminoso agora denunciado. Diotti, que j\u00e1 havia sido preso por homic\u00eddio e explora\u00e7\u00e3o de m\u00e1quinas de ca\u00e7a-n\u00edqueis, era visto como desafeto por seus executores.\u201d, informou o MP-RJ por meio de nota explicativa sobre a Opera\u00e7\u00e3o T\u00e2natos, nome dado a a\u00e7\u00e3o.<\/p>\n\n\n\n<p>Adriano foi posteriormente morto, no dia 9 de fevereiro de 2020, em uma a\u00e7\u00e3o do Bope no interior da Bahia, onde estava foragido. Seu nome tem aparecido novamente na m\u00eddia por conta de seus<a href=\"https:\/\/www.cartacapital.com.br\/politica\/queiroz-recebeu-r-400-mil-de-adriano-da-nobrega-aponta-mp-rj\/\">envolvimentos com Fabr\u00edcio Queiroz<\/a>, ex-assessor do senador Fl\u00e1vio Bolsonaro (Republicanos-RJ), l\u00edder de um esquema de rachadinhas no gabinete do ent\u00e3o deputado estadual. O caso tamb\u00e9m \u00e9 investigado pelo MP-RJ.<\/p>\n\n\n\n<p>No in\u00edcio da manh\u00e3, foram presos Leonardo Gouv\u00eaa da Silva (apelidado de \u2018MAD\u2019 e atual l\u00edder do grupo) e Leandro Gouv\u00eaa da Silva (\u2018Tonh\u00e3o\u2019), que chegaram a ser ouvidos nos depoimentos colhidos ao longo da investiga\u00e7\u00e3o do caso Marielle.&nbsp;Outros dois denunciados s\u00e3o apontados como bra\u00e7os armados do Escrit\u00f3rio. S\u00e3o eles Jo\u00e3o Luiz da Silva (\u2018Gago\u2019) e Anderson de Souza Oliveira (\u2018Mug\u00e3o\u2019), ambos ex-policiais militares.<\/p>\n\n\n\n<p>Al\u00e9m disso, o MP-RJ tamb\u00e9m destaca que o mesmo grupo \u00e9 apontado como autor da tentativa frustrada de execu\u00e7\u00e3o do PM reformado Anderson Cl\u00e1udio da Silva (\u2018Andinho\u2019) e do tamb\u00e9m PM Natalino dos Santos Rodrigues, em 6 de janeiro de 2018, na Rua Ribeiro de Andrade, em Bangu. Ambos sobreviveram na ocasi\u00e3o, mas Anderson seria executado no dia 10 de abril do mesmo ano.<\/p>\n\n\n\n<p>\u201cFortemente armados e com trajes que impedem identifica\u00e7\u00e3o visual, tais como balaclava e roupas camufladas, os atiradores desembarcam do ve\u00edculo e progridem at\u00e9 o alvo executando-o sem chances de defesa\u201d, diz a nota do MP-RJ.<\/p>\n\n\n\n<p>Para a realiza\u00e7\u00e3o da Opera\u00e7\u00e3o, foram apresentadas tr\u00eas tipos de den\u00fancias. Uma junto \u00e0 1\u00aa Vara Especializada da Comarca da Capital, tendo sido expedidos mandados de pris\u00e3o e busca e apreens\u00e3o por crime de organiza\u00e7\u00e3o criminosa. A segunda, \u00e0 3\u00aa Vara Criminal da Comarca da Capital, e a terceira den\u00fancia oferecida foi distribu\u00edda junto \u00e0 4\u00aa Vara Criminal da Comarca da Capital, focando especificamente no assassinato de Marcelo Diotti da Matta.<\/p>\n","protected":false},"excerpt":{"rendered":"<p>Integrantes do grupo assassinaram um rival naquele 14 de mar\u00e7o. Presos de hoje chegaram a prestar depoimento no caso Marielle<\/p>\n","protected":false},"author":1,"featured_media":0,"comment_status":"closed","ping_status":"open","sticky":false,"template":"","format":"standard","meta":{"_exactmetrics_skip_tracking":false,"_exactmetrics_sitenote_active":false,"_exactmetrics_sitenote_note":"","_exactmetrics_sitenote_category":0,"jetpack_post_was_ever_published":false,"_jetpack_newsletter_access":"","_jetpack_dont_email_post_to_subs":false,"_jetpack_newsletter_tier_id":0,"_jetpack_memberships_contains_paywalled_content":false,"_jetpack_memberships_contains_paid_content":false,"footnotes":"","jetpack_publicize_message":"","jetpack_publicize_feature_enabled":true,"jetpack_social_post_already_shared":true,"jetpack_social_options":{"image_generator_settings":{"template":"highway","enabled":false},"version":2}},"categories":[1],"tags":[],"class_list":["post-28998","post","type-post","status-publish","format-standard","hentry","category-notas"],"jetpack_publicize_connections":[],"jetpack_sharing_enabled":true,"jetpack_featured_media_url":"","jetpack_shortlink":"https:\/\/wp.me\/p7wKYW-7xI","jetpack-related-posts":[],"_links":{"self":[{"href":"http:\/\/blogdalucianaoliveira.com.br\/blog\/wp-json\/wp\/v2\/posts\/28998","targetHints":{"allow":["GET"]}}],"collection":[{"href":"http:\/\/blogdalucianaoliveira.com.br\/blog\/wp-json\/wp\/v2\/posts"}],"about":[{"href":"http:\/\/blogdalucianaoliveira.com.br\/blog\/wp-json\/wp\/v2\/types\/post"}],"author":[{"embeddable":true,"href":"http:\/\/blogdalucianaoliveira.com.br\/blog\/wp-json\/wp\/v2\/users\/1"}],"replies":[{"embeddable":true,"href":"http:\/\/blogdalucianaoliveira.com.br\/blog\/wp-json\/wp\/v2\/comments?post=28998"}],"version-history":[{"count":1,"href":"http:\/\/blogdalucianaoliveira.com.br\/blog\/wp-json\/wp\/v2\/posts\/28998\/revisions"}],"predecessor-version":[{"id":29000,"href":"http:\/\/blogdalucianaoliveira.com.br\/blog\/wp-json\/wp\/v2\/posts\/28998\/revisions\/29000"}],"wp:attachment":[{"href":"http:\/\/blogdalucianaoliveira.com.br\/blog\/wp-json\/wp\/v2\/media?parent=28998"}],"wp:term":[{"taxonomy":"category","embeddable":true,"href":"http:\/\/blogdalucianaoliveira.com.br\/blog\/wp-json\/wp\/v2\/categories?post=28998"},{"taxonomy":"post_tag","embeddable":true,"href":"http:\/\/blogdalucianaoliveira.com.br\/blog\/wp-json\/wp\/v2\/tags?post=28998"}],"curies":[{"name":"wp","href":"https:\/\/api.w.org\/{rel}","templated":true}]}}