{"id":29001,"date":"2020-06-30T13:50:24","date_gmt":"2020-06-30T17:50:24","guid":{"rendered":"http:\/\/blogdalucianaoliveira.com.br\/blog\/?p=29001"},"modified":"2020-06-30T13:50:38","modified_gmt":"2020-06-30T17:50:38","slug":"queimadas-na-amazonia-podem-virar-caso-de-saude-publica-durante-a-pandemia","status":"publish","type":"post","link":"http:\/\/blogdalucianaoliveira.com.br\/blog\/2020\/06\/30\/queimadas-na-amazonia-podem-virar-caso-de-saude-publica-durante-a-pandemia\/","title":{"rendered":"Queimadas na Amaz\u00f4nia podem virar caso de sa\u00fade p\u00fablica durante a pandemia"},"content":{"rendered":"\n<figure class=\"wp-block-image size-large\"><img data-recalc-dims=\"1\" loading=\"lazy\" decoding=\"async\" width=\"600\" height=\"400\" data-attachment-id=\"29002\" data-permalink=\"http:\/\/blogdalucianaoliveira.com.br\/blog\/2020\/06\/30\/queimadas-na-amazonia-podem-virar-caso-de-saude-publica-durante-a-pandemia\/image-86-6\/\" data-orig-file=\"https:\/\/i0.wp.com\/blogdalucianaoliveira.com.br\/blog\/wp-content\/uploads\/2020\/06\/image-86.jpeg?fit=600%2C400\" data-orig-size=\"600,400\" data-comments-opened=\"0\" data-image-meta=\"{&quot;aperture&quot;:&quot;0&quot;,&quot;credit&quot;:&quot;&quot;,&quot;camera&quot;:&quot;&quot;,&quot;caption&quot;:&quot;&quot;,&quot;created_timestamp&quot;:&quot;0&quot;,&quot;copyright&quot;:&quot;&quot;,&quot;focal_length&quot;:&quot;0&quot;,&quot;iso&quot;:&quot;0&quot;,&quot;shutter_speed&quot;:&quot;0&quot;,&quot;title&quot;:&quot;&quot;,&quot;orientation&quot;:&quot;0&quot;}\" data-image-title=\"image-86\" data-image-description=\"\" data-image-caption=\"\" data-medium-file=\"https:\/\/i0.wp.com\/blogdalucianaoliveira.com.br\/blog\/wp-content\/uploads\/2020\/06\/image-86.jpeg?fit=300%2C200\" data-large-file=\"https:\/\/i0.wp.com\/blogdalucianaoliveira.com.br\/blog\/wp-content\/uploads\/2020\/06\/image-86.jpeg?fit=600%2C400\" src=\"https:\/\/i0.wp.com\/blogdalucianaoliveira.com.br\/blog\/wp-content\/uploads\/2020\/06\/image-86.jpeg?resize=600%2C400\" alt=\"\" class=\"wp-image-29002\" srcset=\"https:\/\/i0.wp.com\/blogdalucianaoliveira.com.br\/blog\/wp-content\/uploads\/2020\/06\/image-86.jpeg?w=600 600w, https:\/\/i0.wp.com\/blogdalucianaoliveira.com.br\/blog\/wp-content\/uploads\/2020\/06\/image-86.jpeg?resize=300%2C200 300w, https:\/\/i0.wp.com\/blogdalucianaoliveira.com.br\/blog\/wp-content\/uploads\/2020\/06\/image-86.jpeg?resize=450%2C300 450w\" sizes=\"auto, (max-width: 600px) 100vw, 600px\" \/><\/figure>\n\n\n\n<p>O per\u00edodo entre os meses de maio e setembro \u00e9 considerado cr\u00edtico no bioma amaz\u00f4nico devido \u00e0 estiagem, que com o tempo seco acaba facilitando as queimadas. Somados a isso, vale destacar que grande parte das queimadas s\u00e3o frutos de a\u00e7\u00f5es criminosas.<\/p>\n\n\n\n<!--more-->\n\n\n\n<p>Dino, Portal Terra<\/p>\n\n\n\n<p>Institui\u00e7\u00f5es alertam que nesse ano o fogo deve prejudicar ainda mais a Amaz\u00f4nia. De acordo com uma estimativa do Instituto de Pesquisa Ambiental da Amaz\u00f4nia (IPAM), at\u00e9 o final de julho o pa\u00eds pode ter at\u00e9 9 mil km\u00b2 de extens\u00e3o na Amaz\u00f4nia que poder\u00e3o ser queimados.<\/p>\n\n\n\n<p>O Instituto Nacional de Pesquisas Espaciais (INPE) pontuou que foram registrados 5.655 focos de inc\u00eandio na Amaz\u00f4nia entre janeiro e o come\u00e7o de junho de 2020. O Instituto pontua ainda que as queimadas devem aumentar justamente nos pr\u00f3ximos meses, quando a estiagem \u00e9 mais severa.<\/p>\n\n\n\n<p>Impactos na sa\u00fade p\u00fablica<br>Al\u00e9m da degrada\u00e7\u00e3o ambiental, as queimadas podem desencadear at\u00e9 mesmo consequ\u00eancias para a sa\u00fade p\u00fablica. A fuma\u00e7a e polui\u00e7\u00e3o afetam com intensidade pessoas que possuem problemas respirat\u00f3rios, sendo que a ida desses pacientes aos hospitais pode complicar ainda mais o sistema de sa\u00fade que est\u00e1 concentrado no atendimento \u00e0s v\u00edtimas de Covid-19.<\/p>\n\n\n\n<p>Segundo a Comiss\u00e3o Cient\u00edfica de Doen\u00e7as Ambientais e Ocupacionais da Sociedade Brasileira de Pneumologia e Tisiologia (SBPT) est\u00e3o entre os sintomas da inala\u00e7\u00e3o de fuma\u00e7a pelas queimadas, ard\u00eancia na garganta, tosse, cansa\u00e7o, falta de ar, rouquid\u00e3o e boca seca. Parte dos sintomas s\u00e3o parecidos com os da Covid-19, o que confundiria o diagn\u00f3stico em um primeiro momento.<\/p>\n\n\n\n<p>Segundo as institui\u00e7\u00f5es de pesquisa, as comunidades s\u00e3o afetadas pelo fogo por causa do chamado &#8220;material particulado&#8221;, que \u00e9 um res\u00edduo t\u00f3xico gerado pela queima. Esses elementos podem, inclusive, chegar a cidades distantes por causa do vento.<\/p>\n\n\n\n<p>De acordo com uma pesquisa da Fiocruz, que foi coordenada pelo Instituto de Comunica\u00e7\u00e3o e Informa\u00e7\u00e3o Cient\u00edfica e Tecnol\u00f3gica em Sa\u00fade (ICICT), o n\u00famero de crian\u00e7as internadas com problemas respirat\u00f3rios dobrou em \u00e1reas afetadas por queimadas na Amaz\u00f4nia. No ano passado, entre maio e junho, foram 2,5 mil interna\u00e7\u00f5es a mais nos hospitais, em rela\u00e7\u00e3o ao per\u00edodo sem fogo.<\/p>\n\n\n\n<p>Na emin\u00eancia das queimadas virarem uma calamidade p\u00fablica, entidades governamentais e privadas precisam intensificar os esfor\u00e7os para combater esse dist\u00farbio. Uma das entidades que promovem a integra\u00e7\u00e3o e coopera\u00e7\u00e3o dos entes amaz\u00f4nicos \u00e9 a PanAmaz\u00f4nia. A organiza\u00e7\u00e3o re\u00fane indiv\u00edduos, institui\u00e7\u00f5es e empresas que atuam na Amaz\u00f4nia e possui sede em Manaus.<\/p>\n\n\n\n<p>Gilvan Guidin, diretor financeiro da fintech UzziPay e integrante da Associa\u00e7\u00e3o PanAmaz\u00f4nia, salienta que o respeito ao meio ambiente precisa ser um pilar de empreendimentos de todos os tipos e afirma que a Amaz\u00f4nia precisa estar no centro da aten\u00e7\u00e3o de todos.<\/p>\n\n\n\n<p>&#8220;Manter esse bioma e os outros protegidos e conservados \u00e9 preservar a pr\u00f3pria vida em si. Por causa desse entendimento, todo o nosso trabalho precisa mirar no respeito ao meio ambiente como um projeto cont\u00ednuo e constante&#8221;, defende.<\/p>\n\n\n\n<p>A fintech ecol\u00f3gica UzziPay, que tem como proposta conservar uma \u00e1rvore da Amaz\u00f4nia a cada novo cliente, possui uma \u00e1rea de 700 hectares de reserva legal em Porto Velho (RO). E, segundo M\u00e1rcio Barnab\u00e9, Chief Marketing Officer da empresa, nesse per\u00edodo de estiagem a \u00e1rea de conserva\u00e7\u00e3o est\u00e1 com alerta m\u00e1ximo para as queimadas.<br><br>Alternativas para o combate \u00e0s queimadas<br>Segundo especialistas a conserva\u00e7\u00e3o de \u00e1reas verdes e o combate \u00e0s queimadas precisam ser encarados como um projeto permanente.<\/p>\n\n\n\n<p>Um estudo encomendado pela UzziPay para a implementa\u00e7\u00e3o do projeto de conserva\u00e7\u00e3o da reserva legal da empresa destaca que \u00e9 poss\u00edvel blindar essas \u00e1reas contra poss\u00edveis invas\u00f5es que sempre se iniciam das bordas para o meio da \u00e1rea, protegendo-as das suscetibilidades do efeito de bordadura, ou seja, do risco do fogo.<\/p>\n\n\n\n<p>Por\u00e9m, para que isso ocorra \u00e9 preciso possuir controle, preparar trilhas, identificar as esp\u00e9cies vegetais com etiquetas e tomar outros cuidados. Essa prote\u00e7\u00e3o \u00e9 fundamental para blindar o local contra invas\u00f5es, depreda\u00e7\u00f5es e outros ataques.<\/p>\n\n\n\n<p>Os projetos de conserva\u00e7\u00e3o podem ser feitos a partir de um Acordo de Coopera\u00e7\u00e3o com uma \u00c1rea Privada. Nesses casos, dentre as atribui\u00e7\u00f5es da empresa que vai financiar os custos da prote\u00e7\u00e3o da \u00e1rea est\u00e3o a realiza\u00e7\u00e3o peri\u00f3dica de coleta de imagens do local, garantir a transpar\u00eancia da proposta e contratar auditoria independente de fiscaliza\u00e7\u00e3o.<\/p>\n\n\n\n<p>&#8220;Para realizar a conserva\u00e7\u00e3o, o projeto da UzziPay prev\u00ea a prote\u00e7\u00e3o da \u00e1rea contra depreda\u00e7\u00e3o, explora\u00e7\u00e3o ilegal, degrada\u00e7\u00e3o e queimadas criminosas. O monitoramento da reserva legal \u00e9 feito por solo, por drone ou voos tripulados sobre o local e por imagens de sat\u00e9lite&#8221;, explica M\u00e1rcio.<\/p>\n\n\n\n<p><\/p>\n","protected":false},"excerpt":{"rendered":"<p>O per\u00edodo entre os meses de maio e setembro \u00e9 considerado cr\u00edtico no bioma amaz\u00f4nico devido \u00e0 estiagem, que com o tempo seco acaba facilitando as queimadas. Somados a isso, vale destacar que grande parte das queimadas s\u00e3o frutos de a\u00e7\u00f5es criminosas.<\/p>\n","protected":false},"author":1,"featured_media":0,"comment_status":"closed","ping_status":"open","sticky":false,"template":"","format":"standard","meta":{"_exactmetrics_skip_tracking":false,"_exactmetrics_sitenote_active":false,"_exactmetrics_sitenote_note":"","_exactmetrics_sitenote_category":0,"jetpack_post_was_ever_published":false,"_jetpack_newsletter_access":"","_jetpack_dont_email_post_to_subs":false,"_jetpack_newsletter_tier_id":0,"_jetpack_memberships_contains_paywalled_content":false,"_jetpack_memberships_contains_paid_content":false,"footnotes":"","jetpack_publicize_message":"","jetpack_publicize_feature_enabled":true,"jetpack_social_post_already_shared":true,"jetpack_social_options":{"image_generator_settings":{"template":"highway","enabled":false},"version":2}},"categories":[1],"tags":[],"class_list":["post-29001","post","type-post","status-publish","format-standard","hentry","category-notas"],"jetpack_publicize_connections":[],"jetpack_sharing_enabled":true,"jetpack_featured_media_url":"","jetpack_shortlink":"https:\/\/wp.me\/p7wKYW-7xL","jetpack-related-posts":[],"_links":{"self":[{"href":"http:\/\/blogdalucianaoliveira.com.br\/blog\/wp-json\/wp\/v2\/posts\/29001","targetHints":{"allow":["GET"]}}],"collection":[{"href":"http:\/\/blogdalucianaoliveira.com.br\/blog\/wp-json\/wp\/v2\/posts"}],"about":[{"href":"http:\/\/blogdalucianaoliveira.com.br\/blog\/wp-json\/wp\/v2\/types\/post"}],"author":[{"embeddable":true,"href":"http:\/\/blogdalucianaoliveira.com.br\/blog\/wp-json\/wp\/v2\/users\/1"}],"replies":[{"embeddable":true,"href":"http:\/\/blogdalucianaoliveira.com.br\/blog\/wp-json\/wp\/v2\/comments?post=29001"}],"version-history":[{"count":1,"href":"http:\/\/blogdalucianaoliveira.com.br\/blog\/wp-json\/wp\/v2\/posts\/29001\/revisions"}],"predecessor-version":[{"id":29003,"href":"http:\/\/blogdalucianaoliveira.com.br\/blog\/wp-json\/wp\/v2\/posts\/29001\/revisions\/29003"}],"wp:attachment":[{"href":"http:\/\/blogdalucianaoliveira.com.br\/blog\/wp-json\/wp\/v2\/media?parent=29001"}],"wp:term":[{"taxonomy":"category","embeddable":true,"href":"http:\/\/blogdalucianaoliveira.com.br\/blog\/wp-json\/wp\/v2\/categories?post=29001"},{"taxonomy":"post_tag","embeddable":true,"href":"http:\/\/blogdalucianaoliveira.com.br\/blog\/wp-json\/wp\/v2\/tags?post=29001"}],"curies":[{"name":"wp","href":"https:\/\/api.w.org\/{rel}","templated":true}]}}