{"id":29004,"date":"2020-06-30T16:07:20","date_gmt":"2020-06-30T20:07:20","guid":{"rendered":"http:\/\/blogdalucianaoliveira.com.br\/blog\/?p=29004"},"modified":"2020-06-30T16:07:24","modified_gmt":"2020-06-30T20:07:24","slug":"povos-indigenas-acionam-o-supremo-para-impedir-genocidio","status":"publish","type":"post","link":"http:\/\/blogdalucianaoliveira.com.br\/blog\/2020\/06\/30\/povos-indigenas-acionam-o-supremo-para-impedir-genocidio\/","title":{"rendered":"Povos ind\u00edgenas acionam o Supremo para impedir genoc\u00eddio"},"content":{"rendered":"\n<figure class=\"wp-block-image\"><img data-recalc-dims=\"1\" decoding=\"async\" src=\"https:\/\/i0.wp.com\/www.correiodopovo.com.br\/image\/policy%3A1.423049%3A1589575112\/.jpg?w=600&#038;ssl=1\" alt=\"Covid-19 j\u00e1 alcan\u00e7ou 38 povos ind\u00edgenas no Brasil, alerta associa\u00e7\u00e3o\"\/><\/figure>\n\n\n\n<p><strong>Do Comin<\/strong> &#8211; Uma a\u00e7\u00e3o protocolada hoje, 30, no Supremo Tribunal Federal pede que o governo tome medidas para proteger os povos ind\u00edgenas da pandemia da Covid-19. O novo coronav\u00edrus j\u00e1 se espalha por Terras Ind\u00edgenas (TIs) em todo o Brasil e contaminou ao menos 9.414 ind\u00edgenas, provocando 380 mortes. A peti\u00e7\u00e3o tem autoria da Articula\u00e7\u00e3o dos Povos Ind\u00edgenas do Brasil (APIB), em conjunto com o PSB, PCdoB, PSOL, PT, REDE e PDT.<\/p>\n\n\n\n<!--more-->\n\n\n\n<p>O principal objetivo \u00e9 que o governo execute um plano emergencial para proteger os povos ind\u00edgenas do Brasil, em especial os isolados, que n\u00e3o t\u00eam contato com outros ind\u00edgenas e n\u00e3o-ind\u00edgenas e s\u00e3o especialmente vulner\u00e1veis \u00e0 pandemia da Covid-19.&nbsp; A pe\u00e7a cont\u00e9m um pedido de medida cautelar, ou seja, um pedido para o Judici\u00e1rio determinar a a\u00e7\u00e3o imediata do poder p\u00fablico.<\/p>\n\n\n\n<p>Um relat\u00f3rio elaborado pelo Instituto Socioambiental (ISA), que embasou a a\u00e7\u00e3o, mostra o avan\u00e7o das invas\u00f5es sobre terras ind\u00edgenas durante a pandemia. O estudo faz um alerta para a possibilidade de aumento dessas invas\u00f5es no segundo semestre, fen\u00f4meno que tem sido tend\u00eancia nos \u00faltimos anos. Garimpeiros, grileiros e desmatadores n\u00e3o paralisaram suas atividades durante a pandemia. Pelo contr\u00e1rio: elas foram intensificadas. A situa\u00e7\u00e3o \u00e9 cr\u00edtica, pois os invasores est\u00e3o em constante circula\u00e7\u00e3o entre as cidades e as TIs e podem levar o coronav\u00edrus para esses territ\u00f3rios.<\/p>\n\n\n\n<p>A a\u00e7\u00e3o solicita que o governo instale barreiras sanit\u00e1rias nas 31 Terras Ind\u00edgenas com presen\u00e7a de povos ind\u00edgenas isolados e de recente contato, impedindo a entrada dos invasores. Algumas das TIs vivem um cen\u00e1rio dram\u00e1tico. \u00c9 o caso da TI Uru-Eu-Wau-Wau. Dados do Deter (sistema de alertas do Inpe) mostram que o desmatamento nos primeiros meses de 2020 j\u00e1 foi maior que no mesmo per\u00edodo do ano anterior.&nbsp; Em abril deste ano, uma lideran\u00e7a Uru-Eu-Wau-Wau foi assassinada dentro da sua pr\u00f3pria terra. O principal suspeito \u00e9 um invasor. \u201cA dissemina\u00e7\u00e3o do coronav\u00edrus entre os \u00edndios isolados da TI Uru-Eu-Wau-Wau representa risco real de exterm\u00ednio em massa desses grupos. Em raz\u00e3o disso, \u00e9 urgente que o Estado brasileiro retire os invasores da TI\u201d, aponta o relat\u00f3rio.<\/p>\n\n\n\n<p>A a\u00e7\u00e3o tamb\u00e9m solicita que a Uni\u00e3o retire os invasores das Terras Ind\u00edgenas Yanomami, Karipuna, Uru-Eu-Wau-Wau, Kayap\u00f3, Ararib\u00f3ia, Munduruku e Trincheira Bacaj\u00e1, que est\u00e3o entre as mais afetadas da Amaz\u00f4nia brasileira. O relat\u00f3rio do ISA mostra o avan\u00e7o das amea\u00e7as em cada um desses territ\u00f3rios.<\/p>\n\n\n\n<p>A argui\u00e7\u00e3o tamb\u00e9m solicita que todos os ind\u00edgenas sejam atendidos pela Sesai, sistema de sa\u00fade ind\u00edgena vinculado ao Sistema \u00danico de Sa\u00fade (SUS). Desde o in\u00edcio da pandemia, apenas ind\u00edgenas que vivem em aldeias est\u00e3o recebendo atendimento especial. Os que vivem nas cidades penam para conseguir atendimento no sistema geral. Nestes locais, as demandas espec\u00edficas desses povos s\u00e3o ignoradas, o que contraria direitos constitucionais dos ind\u00edgenas brasileiros.<\/p>\n\n\n\n<p>Outro pedido da a\u00e7\u00e3o \u00e9 para que o governo execute com urg\u00eancia um plano de enfrentamento \u00e0 Covid-19 nas terras ind\u00edgenas. Esse plano deve ser idealizado pelo Conselho Nacional de Direitos Humanos (CNDH), com aux\u00edlio da Funda\u00e7\u00e3o Oswaldo Cruz, Abrasco e representantes dos povos ind\u00edgenas e conselhos distritais de sa\u00fade ind\u00edgena. Al\u00e9m disso, o governo deve criar uma Sala de Situa\u00e7\u00e3o, ou seja, um espa\u00e7o f\u00edsico ou virtual que d\u00ea suporte \u00e0s decis\u00f5es durante a crise. O grupo deve contar com a participa\u00e7\u00e3o de representantes ind\u00edgenas.<\/p>\n\n\n\n<p>At\u00e9 agora, os \u00f3rg\u00e3os competentes n\u00e3o fizeram o suficiente para conter o avan\u00e7o da pandemia entre os povos ind\u00edgenas. Diversos estudos demonstraram que eles s\u00e3o um dos grupos mais vulner\u00e1veis neste contexto. H\u00e1bitos culturais dos povos ind\u00edgenas, como o compartilhamento de casas e utens\u00edlios, dificultam a conten\u00e7\u00e3o do v\u00edrus entre o grupo em caso de contamina\u00e7\u00e3o. Al\u00e9m disso, a maioria vive em regi\u00f5es afastadas dos grandes centros urbanos e n\u00e3o tem acesso a hospitais e equipamentos essenciais no tratamento da Covid-19, como respiradores. \u00c9 urgente que o governo tome medidas para proteger esses povos, antes que o massacre seja ainda maior.<\/p>\n","protected":false},"excerpt":{"rendered":"<p>Do Comin &#8211; Uma a\u00e7\u00e3o protocolada hoje, 30, no Supremo Tribunal Federal pede que o governo tome medidas para proteger os povos ind\u00edgenas da pandemia da Covid-19. O novo coronav\u00edrus j\u00e1 se espalha por Terras Ind\u00edgenas (TIs) em todo o Brasil e contaminou ao menos 9.414 ind\u00edgenas, provocando 380 mortes. A peti\u00e7\u00e3o tem autoria da&#8230;<a class=\"more-link\" href=\"http:\/\/blogdalucianaoliveira.com.br\/blog\/2020\/06\/30\/povos-indigenas-acionam-o-supremo-para-impedir-genocidio\/\">Continue a leitura <span class=\"meta-nav\">&raquo;<\/span><\/a><\/p>\n","protected":false},"author":1,"featured_media":0,"comment_status":"closed","ping_status":"open","sticky":false,"template":"","format":"standard","meta":{"_exactmetrics_skip_tracking":false,"_exactmetrics_sitenote_active":false,"_exactmetrics_sitenote_note":"","_exactmetrics_sitenote_category":0,"jetpack_post_was_ever_published":false,"_jetpack_newsletter_access":"","_jetpack_dont_email_post_to_subs":false,"_jetpack_newsletter_tier_id":0,"_jetpack_memberships_contains_paywalled_content":false,"_jetpack_memberships_contains_paid_content":false,"footnotes":"","jetpack_publicize_message":"","jetpack_publicize_feature_enabled":true,"jetpack_social_post_already_shared":true,"jetpack_social_options":{"image_generator_settings":{"template":"highway","enabled":false},"version":2}},"categories":[1],"tags":[],"class_list":["post-29004","post","type-post","status-publish","format-standard","hentry","category-notas"],"jetpack_publicize_connections":[],"jetpack_sharing_enabled":true,"jetpack_featured_media_url":"","jetpack_shortlink":"https:\/\/wp.me\/p7wKYW-7xO","jetpack-related-posts":[],"_links":{"self":[{"href":"http:\/\/blogdalucianaoliveira.com.br\/blog\/wp-json\/wp\/v2\/posts\/29004","targetHints":{"allow":["GET"]}}],"collection":[{"href":"http:\/\/blogdalucianaoliveira.com.br\/blog\/wp-json\/wp\/v2\/posts"}],"about":[{"href":"http:\/\/blogdalucianaoliveira.com.br\/blog\/wp-json\/wp\/v2\/types\/post"}],"author":[{"embeddable":true,"href":"http:\/\/blogdalucianaoliveira.com.br\/blog\/wp-json\/wp\/v2\/users\/1"}],"replies":[{"embeddable":true,"href":"http:\/\/blogdalucianaoliveira.com.br\/blog\/wp-json\/wp\/v2\/comments?post=29004"}],"version-history":[{"count":1,"href":"http:\/\/blogdalucianaoliveira.com.br\/blog\/wp-json\/wp\/v2\/posts\/29004\/revisions"}],"predecessor-version":[{"id":29005,"href":"http:\/\/blogdalucianaoliveira.com.br\/blog\/wp-json\/wp\/v2\/posts\/29004\/revisions\/29005"}],"wp:attachment":[{"href":"http:\/\/blogdalucianaoliveira.com.br\/blog\/wp-json\/wp\/v2\/media?parent=29004"}],"wp:term":[{"taxonomy":"category","embeddable":true,"href":"http:\/\/blogdalucianaoliveira.com.br\/blog\/wp-json\/wp\/v2\/categories?post=29004"},{"taxonomy":"post_tag","embeddable":true,"href":"http:\/\/blogdalucianaoliveira.com.br\/blog\/wp-json\/wp\/v2\/tags?post=29004"}],"curies":[{"name":"wp","href":"https:\/\/api.w.org\/{rel}","templated":true}]}}