{"id":29008,"date":"2020-07-01T09:56:12","date_gmt":"2020-07-01T13:56:12","guid":{"rendered":"http:\/\/blogdalucianaoliveira.com.br\/blog\/?p=29008"},"modified":"2020-07-01T09:56:17","modified_gmt":"2020-07-01T13:56:17","slug":"mais-de-metade-dos-brasileiros-nao-tem-trabalho","status":"publish","type":"post","link":"http:\/\/blogdalucianaoliveira.com.br\/blog\/2020\/07\/01\/mais-de-metade-dos-brasileiros-nao-tem-trabalho\/","title":{"rendered":"Mais de metade dos brasileiros n\u00e3o t\u00eam trabalho"},"content":{"rendered":"\n<figure class=\"wp-block-image\"><img data-recalc-dims=\"1\" height=\"411\" width=\"600\" decoding=\"async\" src=\"https:\/\/i0.wp.com\/radiopeaobrasil.com.br\/wp-content\/uploads\/2019\/06\/desemprego-carteira-assinada-emprego-1400-30082018095400955-1024x702.jpeg?resize=600%2C411&#038;ssl=1\" alt=\"Pedidos de seguro-desemprego sobem 35% na primeira quinzena de ...\"\/><\/figure>\n\n\n\n<p>Canal Meio &#8211; Pela primeira vez, mais da metade dos brasileiros\u00a0<a href=\"https:\/\/www.cnnbrasil.com.br\/business\/2020\/06\/30\/pela-primeira-vez-mais-da-metade-dos-brasileiros-nao-tem-trabalho-diz-ibge\">n\u00e3o t\u00eam trabalho<\/a>. De acordo com a Pesquisa Nacional por Amostra de Domic\u00edlios Cont\u00ednua, PNAD, apenas 49,5% das pessoas com idade de trabalhar estavam ocupadas no trimestre encerrado em maio: 85,9 milh\u00f5es de pessoas \u2014 perda de 7,8 milh\u00f5es em apenas tr\u00eas meses, sendo a maioria informal. <\/p>\n\n\n\n<!--more-->\n\n\n\n<p>\u00c9 o menor n\u00edvel de ocupa\u00e7\u00e3o desde 2012, quando o levantamento passou a ser feito pelo IBGE. A taxa de desemprego, que mede a ocupa\u00e7\u00e3o daqueles que buscam trabalho, subiu para 12,9% no trimestre encerrado em maio, ante 11,6% nos tr\u00eas meses anteriores. O n\u00famero de desalentados, aqueles que desistiram de procurar um emprego, saltou 15,3% no trimestre, e agora est\u00e1 em 5,4 milh\u00f5es, mais um recorde na s\u00e9rie.\u00a0E as pessoas que n\u00e3o estavam trabalhando nem procurando cresceram em nove milh\u00f5es de um trimestre para o outro, chegando a 75 milh\u00f5es. Todos recordes.\u00a0(CNN Brasil)<\/p>\n\n\n\n<p><strong>M\u00edriam Leit\u00e3o:<\/strong>&nbsp;\u201cQuando a pandemia tiver passado, e a economia come\u00e7ar a voltar ao normal, o n\u00famero de desempregados vai aumentar muito. O pa\u00eds estar\u00e1 com mais confian\u00e7a, empresas que sobreviverem pensar\u00e3o em investir e \u00e9 nesse momento que mais pessoas responder\u00e3o sim \u00e0 pergunta: \u2018voc\u00ea procurou emprego e n\u00e3o encontrou?\u2019 Dessa resposta sai o \u00edndice do desemprego. E hoje&nbsp;<a href=\"https:\/\/blogs.oglobo.globo.com\/miriam-leitao\/post\/escalada-do-desemprego.html\">muita gente n\u00e3o procura<\/a>. Por causa da pandemia, da crise, da certeza de que n\u00e3o ser\u00e1 contratado. E, se n\u00e3o procura, n\u00e3o entra na estat\u00edstica de desocupados. Quando setembro vier, pensa o economista Bruno Ottoni, o n\u00famero subir\u00e1. Ele acha que no terceiro trimestre \u00e9 que ser\u00e1 o fundo do po\u00e7o. H\u00e1 n\u00fameros que parecem bons, mas n\u00e3o s\u00e3o: caiu a informalidade para o menor percentual da s\u00e9rie, 37,6%. J\u00e1 foi mais de 40%. E aumentou o rendimento real habitual em 3,6%. Em outro momento, isso seria sinal de que informais passaram a ter emprego com carteira assinada e que estavam ganhando mais. Infelizmente, contudo, eles s\u00e3o sinais de que o desemprego bateu mais fortemente nos mais vulner\u00e1veis. O Brasil j\u00e1 estava mal quando veio a pandemia. \u00c9 isso que precisa ficar claro. Estava mal porque n\u00e3o tinha se recuperado da recess\u00e3o iniciada no governo Dilma, e que consumiu 7% do PIB entre 2015 e 2016. E estava mal porque a recupera\u00e7\u00e3o estava perdendo o pouco de for\u00e7a que tinha quando veio a pandemia. O Brasil tem v\u00e1rios trabalhos a fazer depois de vencer o v\u00edrus para superar os desequil\u00edbrios do mercado de trabalho. A situa\u00e7\u00e3o j\u00e1 era ruim antes e ficou muito mais grave com a queda brusca da economia nesta nova recess\u00e3o. O rem\u00e9dio ter\u00e1 que ter a grandeza da crise.\u201d (Globo)<\/p>\n\n\n\n<p><strong>O governo<\/strong>&nbsp;confirmou que vai&nbsp;<a href=\"https:\/\/g1.globo.com\/economia\/noticia\/2020\/06\/30\/governo-prorroga-auxilio-emergencial-por-dois-meses-mas-quer-dividir-pagamento-em-quatro-parcelas.ghtml\">prorrogar<\/a>&nbsp;por mais dois meses o aux\u00edlio emergencial&nbsp;no valor de&nbsp;R$ 600 cada. Mas o pagamento deve ser dividido em quatro parcelas. Paulo Guedes n\u00e3o quer ir al\u00e9m desta extens\u00e3o. (G1)<\/p>\n\n\n\n<p><strong>A d\u00edvida p\u00fablica,<\/strong>&nbsp;ali\u00e1s, atingiu o seu&nbsp;<a href=\"https:\/\/oglobo.globo.com\/economia\/com-aumento-nos-gastos-divida-publica-atinge-maior-nivel-desde-2006-24507035\">maior n\u00edvel desde 2006<\/a>: chegou a R$ 5,9 trilh\u00f5es em maio, 81,9% do PIB. (Globo)<\/p>\n\n\n\n<figure class=\"wp-block-table\"><table class=\"\"><tbody><tr><td><\/td><\/tr><\/tbody><\/table><\/figure>\n","protected":false},"excerpt":{"rendered":"<p>Canal Meio &#8211; Pela primeira vez, mais da metade dos brasileiros\u00a0n\u00e3o t\u00eam trabalho. De acordo com a Pesquisa Nacional por Amostra de Domic\u00edlios Cont\u00ednua, PNAD, apenas 49,5% das pessoas com idade de trabalhar estavam ocupadas no trimestre encerrado em maio: 85,9 milh\u00f5es de pessoas \u2014 perda de 7,8 milh\u00f5es em apenas tr\u00eas meses, sendo a&#8230;<a class=\"more-link\" href=\"http:\/\/blogdalucianaoliveira.com.br\/blog\/2020\/07\/01\/mais-de-metade-dos-brasileiros-nao-tem-trabalho\/\">Continue a leitura <span class=\"meta-nav\">&raquo;<\/span><\/a><\/p>\n","protected":false},"author":1,"featured_media":0,"comment_status":"closed","ping_status":"open","sticky":false,"template":"","format":"standard","meta":{"_exactmetrics_skip_tracking":false,"_exactmetrics_sitenote_active":false,"_exactmetrics_sitenote_note":"","_exactmetrics_sitenote_category":0,"jetpack_post_was_ever_published":false,"_jetpack_newsletter_access":"","_jetpack_dont_email_post_to_subs":false,"_jetpack_newsletter_tier_id":0,"_jetpack_memberships_contains_paywalled_content":false,"_jetpack_memberships_contains_paid_content":false,"footnotes":"","jetpack_publicize_message":"","jetpack_publicize_feature_enabled":true,"jetpack_social_post_already_shared":true,"jetpack_social_options":{"image_generator_settings":{"template":"highway","enabled":false},"version":2}},"categories":[1],"tags":[],"class_list":["post-29008","post","type-post","status-publish","format-standard","hentry","category-notas"],"jetpack_publicize_connections":[],"jetpack_sharing_enabled":true,"jetpack_featured_media_url":"","jetpack_shortlink":"https:\/\/wp.me\/p7wKYW-7xS","jetpack-related-posts":[],"_links":{"self":[{"href":"http:\/\/blogdalucianaoliveira.com.br\/blog\/wp-json\/wp\/v2\/posts\/29008","targetHints":{"allow":["GET"]}}],"collection":[{"href":"http:\/\/blogdalucianaoliveira.com.br\/blog\/wp-json\/wp\/v2\/posts"}],"about":[{"href":"http:\/\/blogdalucianaoliveira.com.br\/blog\/wp-json\/wp\/v2\/types\/post"}],"author":[{"embeddable":true,"href":"http:\/\/blogdalucianaoliveira.com.br\/blog\/wp-json\/wp\/v2\/users\/1"}],"replies":[{"embeddable":true,"href":"http:\/\/blogdalucianaoliveira.com.br\/blog\/wp-json\/wp\/v2\/comments?post=29008"}],"version-history":[{"count":1,"href":"http:\/\/blogdalucianaoliveira.com.br\/blog\/wp-json\/wp\/v2\/posts\/29008\/revisions"}],"predecessor-version":[{"id":29009,"href":"http:\/\/blogdalucianaoliveira.com.br\/blog\/wp-json\/wp\/v2\/posts\/29008\/revisions\/29009"}],"wp:attachment":[{"href":"http:\/\/blogdalucianaoliveira.com.br\/blog\/wp-json\/wp\/v2\/media?parent=29008"}],"wp:term":[{"taxonomy":"category","embeddable":true,"href":"http:\/\/blogdalucianaoliveira.com.br\/blog\/wp-json\/wp\/v2\/categories?post=29008"},{"taxonomy":"post_tag","embeddable":true,"href":"http:\/\/blogdalucianaoliveira.com.br\/blog\/wp-json\/wp\/v2\/tags?post=29008"}],"curies":[{"name":"wp","href":"https:\/\/api.w.org\/{rel}","templated":true}]}}