{"id":29120,"date":"2020-07-10T08:50:06","date_gmt":"2020-07-10T12:50:06","guid":{"rendered":"http:\/\/blogdalucianaoliveira.com.br\/blog\/?p=29120"},"modified":"2020-07-10T08:50:17","modified_gmt":"2020-07-10T12:50:17","slug":"deputado-grileiro-de-rondonia-cogitou-matar-procurador-aponta-pf","status":"publish","type":"post","link":"http:\/\/blogdalucianaoliveira.com.br\/blog\/2020\/07\/10\/deputado-grileiro-de-rondonia-cogitou-matar-procurador-aponta-pf\/","title":{"rendered":"Deputado grileiro de Rond\u00f4nia cogitou matar procurador, aponta PF"},"content":{"rendered":"\n<figure class=\"wp-block-image size-large\"><img loading=\"lazy\" decoding=\"async\" width=\"1200\" height=\"800\" data-attachment-id=\"29121\" data-permalink=\"http:\/\/blogdalucianaoliveira.com.br\/blog\/2020\/07\/10\/deputado-grileiro-de-rondonia-cogitou-matar-procurador-aponta-pf\/2631ef81-0b59-4d9f-b3ff-364da83e8190\/\" data-orig-file=\"https:\/\/i0.wp.com\/blogdalucianaoliveira.com.br\/blog\/wp-content\/uploads\/2020\/07\/2631EF81-0B59-4D9F-B3FF-364DA83E8190.jpeg?fit=1200%2C800\" data-orig-size=\"1200,800\" data-comments-opened=\"0\" data-image-meta=\"{&quot;aperture&quot;:&quot;0&quot;,&quot;credit&quot;:&quot;&quot;,&quot;camera&quot;:&quot;&quot;,&quot;caption&quot;:&quot;&quot;,&quot;created_timestamp&quot;:&quot;0&quot;,&quot;copyright&quot;:&quot;&quot;,&quot;focal_length&quot;:&quot;0&quot;,&quot;iso&quot;:&quot;0&quot;,&quot;shutter_speed&quot;:&quot;0&quot;,&quot;title&quot;:&quot;&quot;,&quot;orientation&quot;:&quot;0&quot;}\" data-image-title=\"2631EF81-0B59-4D9F-B3FF-364DA83E8190\" data-image-description=\"\" data-image-caption=\"\" data-medium-file=\"https:\/\/i0.wp.com\/blogdalucianaoliveira.com.br\/blog\/wp-content\/uploads\/2020\/07\/2631EF81-0B59-4D9F-B3FF-364DA83E8190.jpeg?fit=300%2C200\" data-large-file=\"https:\/\/i0.wp.com\/blogdalucianaoliveira.com.br\/blog\/wp-content\/uploads\/2020\/07\/2631EF81-0B59-4D9F-B3FF-364DA83E8190.jpeg?fit=600%2C400\" src=\"https:\/\/i0.wp.com\/blogdalucianaoliveira.com.br\/blog\/wp-content\/uploads\/2020\/07\/2631EF81-0B59-4D9F-B3FF-364DA83E8190.jpeg?fit=600%2C400\" alt=\"\" class=\"wp-image-29121\" srcset=\"https:\/\/i0.wp.com\/blogdalucianaoliveira.com.br\/blog\/wp-content\/uploads\/2020\/07\/2631EF81-0B59-4D9F-B3FF-364DA83E8190.jpeg?w=1200 1200w, https:\/\/i0.wp.com\/blogdalucianaoliveira.com.br\/blog\/wp-content\/uploads\/2020\/07\/2631EF81-0B59-4D9F-B3FF-364DA83E8190.jpeg?resize=300%2C200 300w, https:\/\/i0.wp.com\/blogdalucianaoliveira.com.br\/blog\/wp-content\/uploads\/2020\/07\/2631EF81-0B59-4D9F-B3FF-364DA83E8190.jpeg?resize=1024%2C683 1024w, https:\/\/i0.wp.com\/blogdalucianaoliveira.com.br\/blog\/wp-content\/uploads\/2020\/07\/2631EF81-0B59-4D9F-B3FF-364DA83E8190.jpeg?resize=768%2C512 768w, https:\/\/i0.wp.com\/blogdalucianaoliveira.com.br\/blog\/wp-content\/uploads\/2020\/07\/2631EF81-0B59-4D9F-B3FF-364DA83E8190.jpeg?resize=450%2C300 450w\" sizes=\"auto, (max-width: 600px) 100vw, 600px\" \/><\/figure>\n\n\n\n<p>Jean Oliveira (MDB) integrava quadrilha que tentou grilar unidade de conserva\u00e7\u00e3o, de acordo com investiga\u00e7\u00e3o.<\/p>\n\n\n\n<!--more-->\n\n\n\n<p><strong><a href=\"https:\/\/www1.folha.uol.com.br\/autores\/fabiano-maisonnave.shtml\">Fabiano Maisonnave<\/a><\/strong>, na FOLHA <\/p>\n\n\n\n<p>O presidente da Comiss\u00e3o de Meio Ambiente da Assembleia Legislativa de Rond\u00f4nia,&nbsp;<a href=\"https:\/\/www1.folha.uol.com.br\/poder\/2019\/12\/deputado-repete-crime-do-pai-e-participa-de-fraude-na-assembleia-de-rondonia-diz-pf.shtml\">Jean Oliveira (MDB), integra uma quadrilha<\/a>&nbsp;que tentou grilar 64,6 mil hectares dentro de uma unidade de conserva\u00e7\u00e3o estadual, aponta investiga\u00e7\u00e3o da Pol\u00edcia Federal e do Minist\u00e9rio P\u00fablico do Estado de Rond\u00f4nia.<\/p>\n\n\n\n<p>A \u00e1rea, equivalente \u00e0 do munic\u00edpio de Belo Horizonte, est\u00e1 dentro da Reserva Extrativista Rio Paca\u00e1s Novos, em Guajar\u00e1-Mirim (RO), a 330 km de Porto Velho.<\/p>\n\n\n\n<p>O objetivo era us\u00e1-la para gerar cr\u00e9ditos de desmatamento. Depois, esses cr\u00e9ditos seriam vendidos a propriet\u00e1rios rurais de Rond\u00f4nia que desflorestaram ilegalmente suas reservas legais e precisam regularizar o seu passivo ambiental.<\/p>\n\n\n\n<p>A PF encontrou um an\u00fancio no site OLX em que 34,6 mil hectares da \u00e1rea grilada eram oferecidos pelo valor de R$ 51,9 milh\u00f5es como \u201c\u00e1rea de compensa\u00e7\u00e3o de reserva legal\u201d. A pol\u00edcia acredita que os demais 30 mil hectares j\u00e1 haviam sido comercializados a outros propriet\u00e1rios de im\u00f3veis rurais.<\/p>\n\n\n\n<p>Al\u00e9m da pr\u00e1tica de grilagem e de outros crimes, o relat\u00f3rio da PF, anexado a uma a\u00e7\u00e3o do Minist\u00e9rio P\u00fablico de Rond\u00f4nia obtida pela&nbsp;<strong>Folha<\/strong>, revela que o grupo cogitou matar o procurador do Estado Matheus Carvalho Dantas, respons\u00e1vel por emitir pareceres ambientais no \u00e2mbito na Procuradoria-Geral do Estado, por ter se recusado a avalizar a grilagem.<\/p>\n\n\n\n<p>Em um dos \u00e1udios gravados, o pecuarista Alexsandro Aparecido Zarelli, apontado pela PF como o l\u00edder da quadrilha, sugere matar Dantas.<\/p>\n\n\n\n<p>\u201cPassar fogo?\u201d, pergunta o deputado. \u201cMandar o Mateus pro inferno\u201d, afirma Zarelli. \u201cVamos atacar ele, u\u00e9. Por que c\u00ea n\u00e3o falou\u201d, diz Oliveira.<\/p>\n\n\n\n<p>Com a ajuda do parlamentar, Zarelli buscava regularizar a \u00e1rea da Resex conhecida como Seringal Paraty, supostamente de posse da empresa E.A.R. Mezabarba &amp; Martins.<\/p>\n\n\n\n<p>Al\u00e9m de especular sobre o assassinato de Dantas, a quadrilha tamb\u00e9m discutiu a possibilidade de afast\u00e1-lo do caso ou de Oliveira apresentar um projeto de lei na Assembleia que legalizaria a grilagem do seringal.<\/p>\n\n\n\n<p>Em paralelo, Zarelli e Oliveira tamb\u00e9m agiram para impedir o desmembramento do cart\u00f3rio de Alta Floresta D\u2019Oeste (a 530 km de Porto Velho), a\u00e7\u00e3o que geraria uma propina de R$ 400 mil, segundo conversa gravada pela PF.<\/p>\n\n\n\n<p>Em dezembro, a&nbsp;<a href=\"https:\/\/www1.folha.uol.com.br\/poder\/2019\/12\/deputado-repete-crime-do-pai-e-participa-de-fraude-na-assembleia-de-rondonia-diz-pf.shtml\">PF deflagrou a Opera\u00e7\u00e3o&nbsp;<\/a><a href=\"https:\/\/www1.folha.uol.com.br\/poder\/2019\/12\/deputado-repete-crime-do-pai-e-participa-de-fraude-na-assembleia-de-rondonia-diz-pf.shtml\">Feldberg<\/a>, com mandado de busca e apreens\u00e3o contra Oliveira. Ele n\u00e3o foi preso por causa do foro especial e continua presidindo a Comiss\u00e3o de Meio Ambiente da assembleia.<\/p>\n\n\n\n<p>Recentemente, Oliveira ganhou mais uma fun\u00e7\u00e3o: foi indicado titular da vaga da assembleia no F\u00f3rum Estadual de Mudan\u00e7as Clim\u00e1ticas.<\/p>\n\n\n\n<p>Para o Minist\u00e9rio P\u00fablico, h\u00e1 \u201cfortes ind\u00edcios de corrup\u00e7\u00e3o ativa, corrup\u00e7\u00e3o passiva, peculato, lavagem de dinheiro, falsifica\u00e7\u00e3o de documento p\u00fablico e organiza\u00e7\u00e3o criminosa, entre outros [crimes]\u201d.<\/p>\n\n\n\n<p>Zarelli est\u00e1 em pris\u00e3o domiciliar, segundo o Minist\u00e9rio P\u00fablico. Os inqu\u00e9ritos policiais est\u00e3o a cargo da PF<\/p>\n\n\n\n<p>O deputado \u00e9 filho do ex-presidente da Assembleia Legislativa de Rond\u00f4nia Carl\u00e3o de Oliveira, foragido da Justi\u00e7a ap\u00f3s ser condenado por desvio de recursos \u2014resultado da Opera\u00e7\u00e3o Domin\u00f3, deflagrada pela PF em 2006.<\/p>\n\n\n\n<p>A inten\u00e7\u00e3o do grupo era usar o mecanismo conhecido como compensa\u00e7\u00e3o de reserva legal, previsto no C\u00f3digo Florestal de 2012, que permite a venda de cr\u00e9ditos gerados pela doa\u00e7\u00e3o de terras em unidades de conserva\u00e7\u00e3o, como a Rio Paca\u00e1s Novos, para regularizar desmatamento.<\/p>\n\n\n\n<p>Pela legisla\u00e7\u00e3o, uma propriedade rural no bioma amaz\u00f4nico deveria ter 80% de \u00e1rea preservada, mas na pr\u00e1tica esse percentual tem sido pouco respeitado.<\/p>\n\n\n\n<p>\u201cAdquirir \u00e1reas em unidades de conserva\u00e7\u00e3o \u00e9 um excelente neg\u00f3cio. Todos saem beneficiados: o Estado se beneficia em regularizar uma \u00e1rea que tem a pend\u00eancia indenizat\u00f3ria pela desocupa\u00e7\u00e3o da unidade de conserva\u00e7\u00e3o, e o detentor de im\u00f3vel legal regulariza compensando a reserva legal de sua propriedade\u201d, afirma o Minist\u00e9rio P\u00fablico de Rond\u00f4nia, nos autos.<\/p>\n\n\n\n<p>Corroborando o parecer desfavor\u00e1vel da Procuradoria do Estado, a investiga\u00e7\u00e3o encontrou diversas fraudes na documenta\u00e7\u00e3o do processo de reivindica\u00e7\u00e3o da propriedade do Seringal Paraty, como \u00e9 chamada a \u00e1rea grilada dentro da reserva extrativista Rio Paca\u00e1s Novos.<\/p>\n\n\n\n<p>Entre as irregularidades est\u00e1 a falsifica\u00e7\u00e3o de uma procura\u00e7\u00e3o do seringueiro Raimundo Miranda Cunha para Eliana Mezabarba, mulher do empres\u00e1rio Daniel Mezabarba. O documento foi assinado em 2008, dois anos ap\u00f3s a morte do seringueiro.<\/p>\n\n\n\n<p>Com essa procura\u00e7\u00e3o, apontam as investiga\u00e7\u00f5es, Eliana Mezabarba passou a tramitar a transfer\u00eancia da propriedade do Seringal de Cunha para a sua empresa. J\u00e1 a rela\u00e7\u00e3o com Zarelli, respons\u00e1vel pelas negocia\u00e7\u00f5es na Secretaria de Estado do Desenvolvimento Ambiental, foi demonstrada por meio de diversas transfer\u00eancias banc\u00e1rias, al\u00e9m de escutas.<\/p>\n\n\n\n<p>Zarelli e Oliveira tamb\u00e9m tinham interesse em evitar o desmembramento do \u00danico Servi\u00e7o Notarial e de Registro de Alta Floresta d\u2019Oeste. Esse desmembramento foi aprovado, via lei, em 2018 a pedido do Tribunal de Justi\u00e7a de Rond\u00f4nia, ap\u00f3s detectar ind\u00edcios de irregularidades.<\/p>\n\n\n\n<p>O objetivo da quadrilha, que envolvia uma serventu\u00e1ria, era impedir a queda na receita do cart\u00f3rio. Em uma conversa por telefone com Zarelli gravada em 4 dezembro de 2018, o deputado fala: \u201cSe ela [serventu\u00e1ria] der um dinheirim (sic), n\u00f3s vai tentar resolver esse trem\u201d.<\/p>\n\n\n\n<p>Em outro trecho, o emedebista pergunta quanto seria a propina. Ao ouvir R$ 400 mil do empres\u00e1rio, ele se anima: \u201cEita porra! Eu vou resolver essa merda!\u201d.<\/p>\n\n\n\n<p>An\u00e1lise de emails e de arquivos de computador mostram que Oliveira, de fato, preparava uma maneira de reverter o desmembramento via projeto de lei na assembleia, o qual, segundo a investiga\u00e7\u00e3o, n\u00e3o chegou a ser apresentado.<\/p>\n\n\n\n<figure class=\"wp-block-image\"><img data-recalc-dims=\"1\" decoding=\"async\" src=\"https:\/\/i0.wp.com\/f.i.uol.com.br\/fotografia\/2020\/07\/09\/15943443185f07c37e70f8e_1594344318_3x2_md.jpg?w=600&#038;ssl=1\" alt=\"Jean Oliveira (\u00e0 esq., de barba e camisa cinza) descerra placa de inaugura\u00e7\u00e3o de \u00e1rea para leil\u00e3o de gado junto com o empres\u00e1rio Alexsandro Zarelli (de bon\u00e9), em Alta Floresta d'Oeste\"\/><figcaption>Jean Oliveira (\u00e0 esq., de barba e camisa cinza) descerra placa de inaugura\u00e7\u00e3o de \u00e1rea para leil\u00e3o de gado junto com o empres\u00e1rio Alexsandro Zarelli (de bon\u00e9), em Alta Floresta d&#8217;Oeste &#8211;&nbsp;Divulga\u00e7\u00e3o<\/figcaption><\/figure>\n\n\n\n<h3 class=\"wp-block-heading\">OUTRO LADO<\/h3>\n\n\n\n<p>A reportagem deixou recados no gabinete do deputado Jean Oliveira e mandou perguntas por escrito, mas ele se recusou a respond\u00ea-las.<\/p>\n\n\n\n<p>\u201cA prop\u00f3sito dos questionamentos formulados pela imprensa, o deputado estadual Jean Oliveira afirma que os procedimentos administrativos e judiciais est\u00e3o nas m\u00e3os das autoridades que investigam o caso\u201d, disse sua assessoria de imprensa.<\/p>\n\n\n\n<p>\u201cAfirma confiar na Justi\u00e7a e no amplo direito de defesa, tendo se colocado \u00e0 disposi\u00e7\u00e3o para prestar todos esclarecimentos necess\u00e1rios. Afirma saber que as pessoas que est\u00e3o na vida p\u00fablica est\u00e3o, corretamente, sujeitas \u00e0 especial aten\u00e7\u00e3o do Judici\u00e1rio, e que tem a consci\u00eancia tranquila, porque seus atos sempre foram pautados pela legalidade\u201d, completou.<\/p>\n\n\n\n<p>A&nbsp;<strong>Folha<\/strong>&nbsp;enviou perguntas a Zarelli, que est\u00e1 foragido, por meio de um sobrinho, mas n\u00e3o houve resposta. A reportagem tamb\u00e9m tentou localizar Mezabarba via WhatsApp, sem sucesso.<\/p>\n\n\n\n<p>A reportagem enviou perguntas a Zarelli em mar\u00e7o e voltou a procur\u00e1-lo nesta quinta-feira (9). Por meio de um sobrinho, ele pediu provas de que este rep\u00f3rter trabalha na&nbsp;<strong>Folha<\/strong>. Foram enviados foto do crach\u00e1 funcional, registro no Minist\u00e9rio do Trabalho, link de uma reportagem publicada nesta quarta e o telefone do jornal.<\/p>\n\n\n\n<p>Zarelli exigiu tamb\u00e9m o CPF, pedido recusado pelo rep\u00f3rter. Por mensagem de texto, seu sobrinho, identificado como Michael, escreveu: \u201cKkkkk. Agora sim to vendo que deve ser top dos tops suas reportagens pra ficar fazendo joguinho.\u201d<\/p>\n","protected":false},"excerpt":{"rendered":"<p>Jean Oliveira (MDB) integrava quadrilha que tentou grilar unidade de conserva\u00e7\u00e3o, de acordo com investiga\u00e7\u00e3o.<\/p>\n","protected":false},"author":1,"featured_media":0,"comment_status":"closed","ping_status":"open","sticky":false,"template":"","format":"standard","meta":{"_exactmetrics_skip_tracking":false,"_exactmetrics_sitenote_active":false,"_exactmetrics_sitenote_note":"","_exactmetrics_sitenote_category":0,"jetpack_post_was_ever_published":false,"_jetpack_newsletter_access":"","_jetpack_dont_email_post_to_subs":false,"_jetpack_newsletter_tier_id":0,"_jetpack_memberships_contains_paywalled_content":false,"_jetpack_memberships_contains_paid_content":false,"footnotes":"","jetpack_publicize_message":"","jetpack_publicize_feature_enabled":true,"jetpack_social_post_already_shared":true,"jetpack_social_options":{"image_generator_settings":{"template":"highway","enabled":false},"version":2}},"categories":[1],"tags":[],"class_list":["post-29120","post","type-post","status-publish","format-standard","hentry","category-notas"],"jetpack_publicize_connections":[],"jetpack_sharing_enabled":true,"jetpack_featured_media_url":"","jetpack_shortlink":"https:\/\/wp.me\/p7wKYW-7zG","jetpack-related-posts":[],"_links":{"self":[{"href":"http:\/\/blogdalucianaoliveira.com.br\/blog\/wp-json\/wp\/v2\/posts\/29120","targetHints":{"allow":["GET"]}}],"collection":[{"href":"http:\/\/blogdalucianaoliveira.com.br\/blog\/wp-json\/wp\/v2\/posts"}],"about":[{"href":"http:\/\/blogdalucianaoliveira.com.br\/blog\/wp-json\/wp\/v2\/types\/post"}],"author":[{"embeddable":true,"href":"http:\/\/blogdalucianaoliveira.com.br\/blog\/wp-json\/wp\/v2\/users\/1"}],"replies":[{"embeddable":true,"href":"http:\/\/blogdalucianaoliveira.com.br\/blog\/wp-json\/wp\/v2\/comments?post=29120"}],"version-history":[{"count":1,"href":"http:\/\/blogdalucianaoliveira.com.br\/blog\/wp-json\/wp\/v2\/posts\/29120\/revisions"}],"predecessor-version":[{"id":29122,"href":"http:\/\/blogdalucianaoliveira.com.br\/blog\/wp-json\/wp\/v2\/posts\/29120\/revisions\/29122"}],"wp:attachment":[{"href":"http:\/\/blogdalucianaoliveira.com.br\/blog\/wp-json\/wp\/v2\/media?parent=29120"}],"wp:term":[{"taxonomy":"category","embeddable":true,"href":"http:\/\/blogdalucianaoliveira.com.br\/blog\/wp-json\/wp\/v2\/categories?post=29120"},{"taxonomy":"post_tag","embeddable":true,"href":"http:\/\/blogdalucianaoliveira.com.br\/blog\/wp-json\/wp\/v2\/tags?post=29120"}],"curies":[{"name":"wp","href":"https:\/\/api.w.org\/{rel}","templated":true}]}}