{"id":29123,"date":"2020-07-10T08:54:59","date_gmt":"2020-07-10T12:54:59","guid":{"rendered":"http:\/\/blogdalucianaoliveira.com.br\/blog\/?p=29123"},"modified":"2020-07-10T08:55:07","modified_gmt":"2020-07-10T12:55:07","slug":"stj-mandou-queiroz-para-casa-mas-negou-prisao-domiciliar-a-jovem-que-furtou-xampu","status":"publish","type":"post","link":"http:\/\/blogdalucianaoliveira.com.br\/blog\/2020\/07\/10\/stj-mandou-queiroz-para-casa-mas-negou-prisao-domiciliar-a-jovem-que-furtou-xampu\/","title":{"rendered":"STJ mandou Queiroz para casa, mas negou pris\u00e3o domiciliar a jovem que furtou xampu"},"content":{"rendered":"\n<figure class=\"wp-block-image size-large\"><img data-recalc-dims=\"1\" loading=\"lazy\" decoding=\"async\" width=\"600\" height=\"374\" data-attachment-id=\"29124\" data-permalink=\"http:\/\/blogdalucianaoliveira.com.br\/blog\/2020\/07\/10\/stj-mandou-queiroz-para-casa-mas-negou-prisao-domiciliar-a-jovem-que-furtou-xampu\/image-21-9\/\" data-orig-file=\"https:\/\/i0.wp.com\/blogdalucianaoliveira.com.br\/blog\/wp-content\/uploads\/2020\/07\/image-21.jpeg?fit=610%2C380\" data-orig-size=\"610,380\" data-comments-opened=\"0\" data-image-meta=\"{&quot;aperture&quot;:&quot;0&quot;,&quot;credit&quot;:&quot;&quot;,&quot;camera&quot;:&quot;&quot;,&quot;caption&quot;:&quot;&quot;,&quot;created_timestamp&quot;:&quot;0&quot;,&quot;copyright&quot;:&quot;&quot;,&quot;focal_length&quot;:&quot;0&quot;,&quot;iso&quot;:&quot;0&quot;,&quot;shutter_speed&quot;:&quot;0&quot;,&quot;title&quot;:&quot;&quot;,&quot;orientation&quot;:&quot;0&quot;}\" data-image-title=\"image-21\" data-image-description=\"\" data-image-caption=\"\" data-medium-file=\"https:\/\/i0.wp.com\/blogdalucianaoliveira.com.br\/blog\/wp-content\/uploads\/2020\/07\/image-21.jpeg?fit=300%2C187\" data-large-file=\"https:\/\/i0.wp.com\/blogdalucianaoliveira.com.br\/blog\/wp-content\/uploads\/2020\/07\/image-21.jpeg?fit=600%2C374\" src=\"https:\/\/i0.wp.com\/blogdalucianaoliveira.com.br\/blog\/wp-content\/uploads\/2020\/07\/image-21.jpeg?resize=600%2C374\" alt=\"\" class=\"wp-image-29124\" srcset=\"https:\/\/i0.wp.com\/blogdalucianaoliveira.com.br\/blog\/wp-content\/uploads\/2020\/07\/image-21.jpeg?w=610 610w, https:\/\/i0.wp.com\/blogdalucianaoliveira.com.br\/blog\/wp-content\/uploads\/2020\/07\/image-21.jpeg?resize=300%2C187 300w, https:\/\/i0.wp.com\/blogdalucianaoliveira.com.br\/blog\/wp-content\/uploads\/2020\/07\/image-21.jpeg?resize=482%2C300 482w\" sizes=\"auto, (max-width: 600px) 100vw, 600px\" \/><\/figure>\n\n\n\n<p><strong>247 &#8211;\u00a0<\/strong>O STJ (Superior Tribunal de Justi\u00e7a), que concedeu a Fabr\u00edcio Queiroz e sua mulher o benef\u00edcio da pris\u00e3o domiciliar, por causa da pandemia do coronav\u00edrus, negou recentemente o mesmo benef\u00edcio para um jovem, preso sob acusa\u00e7\u00e3o de furtar dois xampus, de R$ 10 cada.<\/p>\n\n\n\n<!--more-->\n\n\n\n<p>A decis\u00e3o contr\u00e1ria ao jovem foi do ministro Felix Fischer, do STJ. Na decis\u00e3o, ele afirmou que o jovem que roubara dois xampus ele oferece \u201crisco \u00e0 sociedade\u201d. O Tribunal considerou que Queiroz n\u00e3o oferece risco \u00e0 sociedade, apesar de ser o operador do esquema de sustenta\u00e7\u00e3o financeira do cl\u00e3 Bolsonaro, ser ligado \u00e0s mil\u00edcias do Rio e ter amea\u00e7ado testemunhas no caso da \u201crachadinha\u201d.<\/p>\n\n\n\n<p>No despacho em que negou o pedido dos advogados do jovem, Fischer citou senten\u00e7a de outro ministro do STJ, Rogerio Schietti Cruz, segundo&nbsp;<a href=\"https:\/\/www1.folha.uol.com.br\/colunas\/monicabergamo\/2020\/07\/stj-da-prisao-domiciliar-a-queiroz-mas-nega-a-jovem-que-furtou-xampu.shtml\">M\u00f4nica Bergamo<\/a>. Na senten\u00e7a, afirma-se que \u201ca crise do novo coronav\u00edrus deve ser sempre levada em conta na an\u00e1lise de pleitos de liberta\u00e7\u00e3o de presos, mas, inelutavelmente, n\u00e3o \u00e9 um passe livre para a libera\u00e7\u00e3o de todos\u201d. A tese n\u00e3o valeu para o casal Queiroz.A defesa do jovem apresentou pedido de habeas corpus ao STF (Supremo Tribunal Federal),&nbsp;<a href=\"https:\/\/www.cartacapital.com.br\/justica\/rosa-weber-desconsidera-recomendacao-do-cnj-e-mantem-preso-homem-que-furtou-shampoo\/\">mas ele foi &nbsp;negado pela ministra Rosa Weber em 30 de junho<\/a>. O caso aconteceu em 1\u00ba de fevereiro, na cidade de Barra Bonita, interior de S\u00e3o Paulo. Ap\u00f3s o furto dos dois xampus em um estabelecimento, o jovem foi preso em flagrante. Fischer \u00e9 o relator do caso Queiroz no STJ. A decis\u00e3o de conceder a ele a pris\u00e3o domiciliar, no entanto, foi de Jo\u00e3o Ot\u00e1vio de Noronha, presidente da corte, que est\u00e1 de plant\u00e3o no recesso e&nbsp;<a href=\"https:\/\/www.brasil247.com\/brasil\/presidente-do-stj-sacrificou-ferias-para-soltar-queiroz\">deixou de sair de f\u00e9rias para favorecer o cl\u00e3 Bolsonaro<\/a>.<\/p>\n\n\n\n<p><\/p>\n","protected":false},"excerpt":{"rendered":"<p>247 &#8211;\u00a0O STJ (Superior Tribunal de Justi\u00e7a), que concedeu a Fabr\u00edcio Queiroz e sua mulher o benef\u00edcio da pris\u00e3o domiciliar, por causa da pandemia do coronav\u00edrus, negou recentemente o mesmo benef\u00edcio para um jovem, preso sob acusa\u00e7\u00e3o de furtar dois xampus, de R$ 10 cada.<\/p>\n","protected":false},"author":1,"featured_media":0,"comment_status":"closed","ping_status":"open","sticky":false,"template":"","format":"standard","meta":{"_exactmetrics_skip_tracking":false,"_exactmetrics_sitenote_active":false,"_exactmetrics_sitenote_note":"","_exactmetrics_sitenote_category":0,"jetpack_post_was_ever_published":false,"_jetpack_newsletter_access":"","_jetpack_dont_email_post_to_subs":false,"_jetpack_newsletter_tier_id":0,"_jetpack_memberships_contains_paywalled_content":false,"_jetpack_memberships_contains_paid_content":false,"footnotes":"","jetpack_publicize_message":"","jetpack_publicize_feature_enabled":true,"jetpack_social_post_already_shared":true,"jetpack_social_options":{"image_generator_settings":{"template":"highway","enabled":false},"version":2}},"categories":[1],"tags":[],"class_list":["post-29123","post","type-post","status-publish","format-standard","hentry","category-notas"],"jetpack_publicize_connections":[],"jetpack_sharing_enabled":true,"jetpack_featured_media_url":"","jetpack_shortlink":"https:\/\/wp.me\/p7wKYW-7zJ","jetpack-related-posts":[],"_links":{"self":[{"href":"http:\/\/blogdalucianaoliveira.com.br\/blog\/wp-json\/wp\/v2\/posts\/29123","targetHints":{"allow":["GET"]}}],"collection":[{"href":"http:\/\/blogdalucianaoliveira.com.br\/blog\/wp-json\/wp\/v2\/posts"}],"about":[{"href":"http:\/\/blogdalucianaoliveira.com.br\/blog\/wp-json\/wp\/v2\/types\/post"}],"author":[{"embeddable":true,"href":"http:\/\/blogdalucianaoliveira.com.br\/blog\/wp-json\/wp\/v2\/users\/1"}],"replies":[{"embeddable":true,"href":"http:\/\/blogdalucianaoliveira.com.br\/blog\/wp-json\/wp\/v2\/comments?post=29123"}],"version-history":[{"count":1,"href":"http:\/\/blogdalucianaoliveira.com.br\/blog\/wp-json\/wp\/v2\/posts\/29123\/revisions"}],"predecessor-version":[{"id":29125,"href":"http:\/\/blogdalucianaoliveira.com.br\/blog\/wp-json\/wp\/v2\/posts\/29123\/revisions\/29125"}],"wp:attachment":[{"href":"http:\/\/blogdalucianaoliveira.com.br\/blog\/wp-json\/wp\/v2\/media?parent=29123"}],"wp:term":[{"taxonomy":"category","embeddable":true,"href":"http:\/\/blogdalucianaoliveira.com.br\/blog\/wp-json\/wp\/v2\/categories?post=29123"},{"taxonomy":"post_tag","embeddable":true,"href":"http:\/\/blogdalucianaoliveira.com.br\/blog\/wp-json\/wp\/v2\/tags?post=29123"}],"curies":[{"name":"wp","href":"https:\/\/api.w.org\/{rel}","templated":true}]}}