{"id":29126,"date":"2020-07-10T11:24:51","date_gmt":"2020-07-10T15:24:51","guid":{"rendered":"http:\/\/blogdalucianaoliveira.com.br\/blog\/?p=29126"},"modified":"2020-07-10T11:25:01","modified_gmt":"2020-07-10T15:25:01","slug":"porto-velho-amanhece-com-protesto-contra-bolsonaro","status":"publish","type":"post","link":"http:\/\/blogdalucianaoliveira.com.br\/blog\/2020\/07\/10\/porto-velho-amanhece-com-protesto-contra-bolsonaro\/","title":{"rendered":"Porto Velho amanhece com protesto contra Bolsonaro"},"content":{"rendered":"\n<figure class=\"wp-block-image size-large\"><img data-recalc-dims=\"1\" loading=\"lazy\" decoding=\"async\" width=\"600\" height=\"450\" data-attachment-id=\"29127\" data-permalink=\"http:\/\/blogdalucianaoliveira.com.br\/blog\/2020\/07\/10\/porto-velho-amanhece-com-protesto-contra-bolsonaro\/5457b251-8e58-4b82-bb98-b24d7d274463\/\" data-orig-file=\"https:\/\/i0.wp.com\/blogdalucianaoliveira.com.br\/blog\/wp-content\/uploads\/2020\/07\/5457B251-8E58-4B82-BB98-B24D7D274463.jpeg?fit=960%2C720\" data-orig-size=\"960,720\" data-comments-opened=\"0\" data-image-meta=\"{&quot;aperture&quot;:&quot;0&quot;,&quot;credit&quot;:&quot;&quot;,&quot;camera&quot;:&quot;&quot;,&quot;caption&quot;:&quot;&quot;,&quot;created_timestamp&quot;:&quot;0&quot;,&quot;copyright&quot;:&quot;&quot;,&quot;focal_length&quot;:&quot;0&quot;,&quot;iso&quot;:&quot;0&quot;,&quot;shutter_speed&quot;:&quot;0&quot;,&quot;title&quot;:&quot;&quot;,&quot;orientation&quot;:&quot;1&quot;}\" data-image-title=\"5457B251-8E58-4B82-BB98-B24D7D274463\" data-image-description=\"\" data-image-caption=\"\" data-medium-file=\"https:\/\/i0.wp.com\/blogdalucianaoliveira.com.br\/blog\/wp-content\/uploads\/2020\/07\/5457B251-8E58-4B82-BB98-B24D7D274463.jpeg?fit=300%2C225\" data-large-file=\"https:\/\/i0.wp.com\/blogdalucianaoliveira.com.br\/blog\/wp-content\/uploads\/2020\/07\/5457B251-8E58-4B82-BB98-B24D7D274463.jpeg?fit=600%2C450\" src=\"https:\/\/i0.wp.com\/blogdalucianaoliveira.com.br\/blog\/wp-content\/uploads\/2020\/07\/5457B251-8E58-4B82-BB98-B24D7D274463.jpeg?resize=600%2C450\" alt=\"\" class=\"wp-image-29127\" srcset=\"https:\/\/i0.wp.com\/blogdalucianaoliveira.com.br\/blog\/wp-content\/uploads\/2020\/07\/5457B251-8E58-4B82-BB98-B24D7D274463.jpeg?w=960 960w, https:\/\/i0.wp.com\/blogdalucianaoliveira.com.br\/blog\/wp-content\/uploads\/2020\/07\/5457B251-8E58-4B82-BB98-B24D7D274463.jpeg?resize=300%2C225 300w, https:\/\/i0.wp.com\/blogdalucianaoliveira.com.br\/blog\/wp-content\/uploads\/2020\/07\/5457B251-8E58-4B82-BB98-B24D7D274463.jpeg?resize=768%2C576 768w, https:\/\/i0.wp.com\/blogdalucianaoliveira.com.br\/blog\/wp-content\/uploads\/2020\/07\/5457B251-8E58-4B82-BB98-B24D7D274463.jpeg?resize=400%2C300 400w\" sizes=\"auto, (max-width: 600px) 100vw, 600px\" \/><\/figure>\n\n\n\n<p>Na capital Porto Velho (RO), as principais entradas e sa\u00eddas da cidade amanheceram com faixas #ForaBolsonaro, o ato foi organizado pela Frente Brasil Popular Rond\u00f4nia.  Dia 10 \u00e9 dia nacional de luta Fora Bolsonaro e acontecem atos por todo o Brasil. <\/p>\n\n\n\n<!--more-->\n\n\n\n<p>Fora Bolsonaro para salvar vidas! <br> \ud83d\udcf8 Fotos Frente Brasil Popular<\/p>\n\n\n\n<figure class=\"wp-block-image size-large\"><img data-recalc-dims=\"1\" loading=\"lazy\" decoding=\"async\" width=\"600\" height=\"450\" data-attachment-id=\"29128\" data-permalink=\"http:\/\/blogdalucianaoliveira.com.br\/blog\/2020\/07\/10\/porto-velho-amanhece-com-protesto-contra-bolsonaro\/76e1c412-efa2-4a40-827f-b259cf85a252\/\" data-orig-file=\"https:\/\/i0.wp.com\/blogdalucianaoliveira.com.br\/blog\/wp-content\/uploads\/2020\/07\/76E1C412-EFA2-4A40-827F-B259CF85A252.jpeg?fit=640%2C480\" data-orig-size=\"640,480\" data-comments-opened=\"0\" data-image-meta=\"{&quot;aperture&quot;:&quot;0&quot;,&quot;credit&quot;:&quot;&quot;,&quot;camera&quot;:&quot;&quot;,&quot;caption&quot;:&quot;&quot;,&quot;created_timestamp&quot;:&quot;0&quot;,&quot;copyright&quot;:&quot;&quot;,&quot;focal_length&quot;:&quot;0&quot;,&quot;iso&quot;:&quot;0&quot;,&quot;shutter_speed&quot;:&quot;0&quot;,&quot;title&quot;:&quot;&quot;,&quot;orientation&quot;:&quot;1&quot;}\" data-image-title=\"76E1C412-EFA2-4A40-827F-B259CF85A252\" data-image-description=\"\" data-image-caption=\"\" data-medium-file=\"https:\/\/i0.wp.com\/blogdalucianaoliveira.com.br\/blog\/wp-content\/uploads\/2020\/07\/76E1C412-EFA2-4A40-827F-B259CF85A252.jpeg?fit=300%2C225\" data-large-file=\"https:\/\/i0.wp.com\/blogdalucianaoliveira.com.br\/blog\/wp-content\/uploads\/2020\/07\/76E1C412-EFA2-4A40-827F-B259CF85A252.jpeg?fit=600%2C450\" src=\"https:\/\/i0.wp.com\/blogdalucianaoliveira.com.br\/blog\/wp-content\/uploads\/2020\/07\/76E1C412-EFA2-4A40-827F-B259CF85A252.jpeg?resize=600%2C450\" alt=\"\" class=\"wp-image-29128\" srcset=\"https:\/\/i0.wp.com\/blogdalucianaoliveira.com.br\/blog\/wp-content\/uploads\/2020\/07\/76E1C412-EFA2-4A40-827F-B259CF85A252.jpeg?w=640 640w, https:\/\/i0.wp.com\/blogdalucianaoliveira.com.br\/blog\/wp-content\/uploads\/2020\/07\/76E1C412-EFA2-4A40-827F-B259CF85A252.jpeg?resize=300%2C225 300w, https:\/\/i0.wp.com\/blogdalucianaoliveira.com.br\/blog\/wp-content\/uploads\/2020\/07\/76E1C412-EFA2-4A40-827F-B259CF85A252.jpeg?resize=400%2C300 400w\" sizes=\"auto, (max-width: 600px) 100vw, 600px\" \/><\/figure>\n","protected":false},"excerpt":{"rendered":"<p>Na capital Porto Velho (RO), as principais entradas e sa\u00eddas da cidade amanheceram com faixas #ForaBolsonaro, o ato foi organizado pela Frente Brasil Popular Rond\u00f4nia. Dia 10 \u00e9 dia nacional de luta Fora Bolsonaro e acontecem atos por todo o Brasil.<\/p>\n","protected":false},"author":1,"featured_media":0,"comment_status":"closed","ping_status":"open","sticky":false,"template":"","format":"standard","meta":{"_exactmetrics_skip_tracking":false,"_exactmetrics_sitenote_active":false,"_exactmetrics_sitenote_note":"","_exactmetrics_sitenote_category":0,"jetpack_post_was_ever_published":false,"_jetpack_newsletter_access":"","_jetpack_dont_email_post_to_subs":false,"_jetpack_newsletter_tier_id":0,"_jetpack_memberships_contains_paywalled_content":false,"_jetpack_memberships_contains_paid_content":false,"footnotes":"","jetpack_publicize_message":"","jetpack_publicize_feature_enabled":true,"jetpack_social_post_already_shared":true,"jetpack_social_options":{"image_generator_settings":{"template":"highway","enabled":false},"version":2}},"categories":[1],"tags":[],"class_list":["post-29126","post","type-post","status-publish","format-standard","hentry","category-notas"],"jetpack_publicize_connections":[],"jetpack_sharing_enabled":true,"jetpack_featured_media_url":"","jetpack_shortlink":"https:\/\/wp.me\/p7wKYW-7zM","jetpack-related-posts":[],"_links":{"self":[{"href":"http:\/\/blogdalucianaoliveira.com.br\/blog\/wp-json\/wp\/v2\/posts\/29126","targetHints":{"allow":["GET"]}}],"collection":[{"href":"http:\/\/blogdalucianaoliveira.com.br\/blog\/wp-json\/wp\/v2\/posts"}],"about":[{"href":"http:\/\/blogdalucianaoliveira.com.br\/blog\/wp-json\/wp\/v2\/types\/post"}],"author":[{"embeddable":true,"href":"http:\/\/blogdalucianaoliveira.com.br\/blog\/wp-json\/wp\/v2\/users\/1"}],"replies":[{"embeddable":true,"href":"http:\/\/blogdalucianaoliveira.com.br\/blog\/wp-json\/wp\/v2\/comments?post=29126"}],"version-history":[{"count":1,"href":"http:\/\/blogdalucianaoliveira.com.br\/blog\/wp-json\/wp\/v2\/posts\/29126\/revisions"}],"predecessor-version":[{"id":29129,"href":"http:\/\/blogdalucianaoliveira.com.br\/blog\/wp-json\/wp\/v2\/posts\/29126\/revisions\/29129"}],"wp:attachment":[{"href":"http:\/\/blogdalucianaoliveira.com.br\/blog\/wp-json\/wp\/v2\/media?parent=29126"}],"wp:term":[{"taxonomy":"category","embeddable":true,"href":"http:\/\/blogdalucianaoliveira.com.br\/blog\/wp-json\/wp\/v2\/categories?post=29126"},{"taxonomy":"post_tag","embeddable":true,"href":"http:\/\/blogdalucianaoliveira.com.br\/blog\/wp-json\/wp\/v2\/tags?post=29126"}],"curies":[{"name":"wp","href":"https:\/\/api.w.org\/{rel}","templated":true}]}}