{"id":29130,"date":"2020-07-10T11:48:41","date_gmt":"2020-07-10T15:48:41","guid":{"rendered":"http:\/\/blogdalucianaoliveira.com.br\/blog\/?p=29130"},"modified":"2020-07-10T11:48:49","modified_gmt":"2020-07-10T15:48:49","slug":"fora-bolsonaro-campanha-mobiliza-militancia-em-todo-o-pais-nesta-sexta","status":"publish","type":"post","link":"http:\/\/blogdalucianaoliveira.com.br\/blog\/2020\/07\/10\/fora-bolsonaro-campanha-mobiliza-militancia-em-todo-o-pais-nesta-sexta\/","title":{"rendered":"Fora Bolsonaro: Campanha mobiliza milit\u00e2ncia em todo o pa\u00eds nesta sexta"},"content":{"rendered":"\n<figure class=\"wp-block-image size-large\"><img data-recalc-dims=\"1\" loading=\"lazy\" decoding=\"async\" width=\"600\" height=\"352\" data-attachment-id=\"29131\" data-permalink=\"http:\/\/blogdalucianaoliveira.com.br\/blog\/2020\/07\/10\/fora-bolsonaro-campanha-mobiliza-militancia-em-todo-o-pais-nesta-sexta\/e1bf0026-641e-4391-a52d-5744ae938375\/\" data-orig-file=\"https:\/\/i0.wp.com\/blogdalucianaoliveira.com.br\/blog\/wp-content\/uploads\/2020\/07\/E1BF0026-641E-4391-A52D-5744AE938375.jpeg?fit=640%2C375\" data-orig-size=\"640,375\" data-comments-opened=\"0\" data-image-meta=\"{&quot;aperture&quot;:&quot;0&quot;,&quot;credit&quot;:&quot;&quot;,&quot;camera&quot;:&quot;&quot;,&quot;caption&quot;:&quot;&quot;,&quot;created_timestamp&quot;:&quot;0&quot;,&quot;copyright&quot;:&quot;&quot;,&quot;focal_length&quot;:&quot;0&quot;,&quot;iso&quot;:&quot;0&quot;,&quot;shutter_speed&quot;:&quot;0&quot;,&quot;title&quot;:&quot;&quot;,&quot;orientation&quot;:&quot;1&quot;}\" data-image-title=\"E1BF0026-641E-4391-A52D-5744AE938375\" data-image-description=\"\" data-image-caption=\"\" data-medium-file=\"https:\/\/i0.wp.com\/blogdalucianaoliveira.com.br\/blog\/wp-content\/uploads\/2020\/07\/E1BF0026-641E-4391-A52D-5744AE938375.jpeg?fit=300%2C176\" data-large-file=\"https:\/\/i0.wp.com\/blogdalucianaoliveira.com.br\/blog\/wp-content\/uploads\/2020\/07\/E1BF0026-641E-4391-A52D-5744AE938375.jpeg?fit=600%2C352\" src=\"https:\/\/i0.wp.com\/blogdalucianaoliveira.com.br\/blog\/wp-content\/uploads\/2020\/07\/E1BF0026-641E-4391-A52D-5744AE938375.jpeg?resize=600%2C352\" alt=\"\" class=\"wp-image-29131\" srcset=\"https:\/\/i0.wp.com\/blogdalucianaoliveira.com.br\/blog\/wp-content\/uploads\/2020\/07\/E1BF0026-641E-4391-A52D-5744AE938375.jpeg?w=640 640w, https:\/\/i0.wp.com\/blogdalucianaoliveira.com.br\/blog\/wp-content\/uploads\/2020\/07\/E1BF0026-641E-4391-A52D-5744AE938375.jpeg?resize=300%2C176 300w, https:\/\/i0.wp.com\/blogdalucianaoliveira.com.br\/blog\/wp-content\/uploads\/2020\/07\/E1BF0026-641E-4391-A52D-5744AE938375.jpeg?resize=512%2C300 512w\" sizes=\"auto, (max-width: 600px) 100vw, 600px\" \/><\/figure>\n\n\n\n<p>PT convoca militantes e dirigentes a participar dos atos e manifesta\u00e7\u00f5es a favor do Impeachment J\u00e1!<\/p>\n\n\n\n<!--more-->\n\n\n\n<p>Sexta-feira, 10 de julho,&nbsp; \u00e9 o&nbsp;<strong>Dia Nacional de Mobiliza\u00e7\u00e3o Fora&nbsp;<a target=\"_blank\" href=\"https:\/\/pt.org.br\/tag\/bolsonaro\/\" rel=\"noreferrer noopener\">Bolsonaro<\/a><\/strong>&nbsp;contra a perman\u00eancia de&nbsp;&nbsp;<a target=\"_blank\" href=\"https:\/\/pt.org.br\/tag\/jair-bolsonaro\/\" rel=\"noreferrer noopener\">Jair Bolsonaro<\/a>&nbsp;\u00e0 frente da&nbsp;<a target=\"_blank\" href=\"https:\/\/pt.org.br\/tag\/presidencia-da-republica\/\" rel=\"noreferrer noopener\">Presid\u00eancia da Rep\u00fablica<\/a>.<\/p>\n\n\n\n<p>O&nbsp;&nbsp;<a target=\"_blank\" href=\"https:\/\/pt.org.br\/tag\/partido-dos-trabalhadores\/\" rel=\"noreferrer noopener\">Partido dos Trabalhadores<\/a>, como n\u00e3o poderia ser diferente, participa ativamente desse movimento de protesto da sociedade, que decidiu empunhar a bandeira do \u2018&nbsp;<a target=\"_blank\" href=\"https:\/\/pt.org.br\/tag\/fora-bolsonaro\/\" rel=\"noreferrer noopener\">Fora Bolsonaro<\/a>\u2019 e refor\u00e7ar o grito popular pelo&nbsp;&nbsp;<a target=\"_blank\" href=\"https:\/\/pt.org.br\/tag\/impeachment\/\" rel=\"noreferrer noopener\">Impeachment<\/a>&nbsp;J\u00e1.<\/p>\n\n\n\n<p>A dire\u00e7\u00e3o nacional do&nbsp;&nbsp;<a target=\"_blank\" href=\"https:\/\/pt.org.br\/tag\/pt\/\" rel=\"noreferrer noopener\">PT<\/a>&nbsp;mobiliza os seus milhares de militantes e de dirigentes em todo o pa\u00eds para que se unam \u00e0s centenas de organiza\u00e7\u00f5es da sociedade civil, \u00e0s frentes&nbsp;&nbsp;<a target=\"_blank\" href=\"https:\/\/pt.org.br\/tag\/brasil\/\" rel=\"noreferrer noopener\">Brasil<\/a>Popular e Povo sem Medo,&nbsp;&nbsp;<a target=\"_blank\" href=\"https:\/\/pt.org.br\/tag\/centrais-sindicais\/\" rel=\"noreferrer noopener\">centrais sindicais<\/a>&nbsp;e aos partidos de oposi\u00e7\u00e3o para tomarem as ruas e expressarem a sua insatisfa\u00e7\u00e3o com o&nbsp;&nbsp;<a target=\"_blank\" href=\"https:\/\/pt.org.br\/tag\/desgoverno\/\" rel=\"noreferrer noopener\">desgoverno<\/a>&nbsp;de Bolsonaro.<\/p>\n\n\n\n<p>Em nota divulgada esta semana pela presidenta nacional do PT, Gleisi Hoffman, e pelo secret\u00e1rio-geral&nbsp;&nbsp;<a target=\"_blank\" href=\"https:\/\/pt.org.br\/tag\/paulo-teixeira\/\" rel=\"noreferrer noopener\">Paulo Teixeira<\/a>,&nbsp;&nbsp;<a target=\"_blank\" href=\"https:\/\/pt.org.br\/tag\/o-pt-faz\/\" rel=\"noreferrer noopener\">o PT faz<\/a>&nbsp;um chamamento \u00e0 mobiliza\u00e7\u00e3o da&nbsp;&nbsp;<a target=\"_blank\" href=\"https:\/\/pt.org.br\/tag\/militancia\/\" rel=\"noreferrer noopener\">milit\u00e2ncia<\/a>&nbsp;petista: \u201cTorna-se urgente reunirmos as organiza\u00e7\u00f5es pol\u00edticas e entidade sociais que est\u00e3o comprometidas com a&nbsp;&nbsp;<a target=\"_blank\" href=\"https:\/\/pt.org.br\/tag\/democracia\/\" rel=\"noreferrer noopener\">democracia<\/a>para estabelecermos iniciativas conjuntas na defesa do nosso pa\u00eds e dos&nbsp;<a target=\"_blank\" href=\"https:\/\/pt.org.br\/tag\/direitos-dos-trabalhadores\/\" rel=\"noreferrer noopener\">direitos dos trabalhadores<\/a>&nbsp;e das trabalhadoras\u201d.<\/p>\n\n\n\n<p>O PT pretende tamb\u00e9m mobilizar a sociedade civil para aumentar a press\u00e3o popular, levando o presidente da C\u00e2mara, deputado&nbsp;<a target=\"_blank\" href=\"https:\/\/pt.org.br\/tag\/rodrigo-maia\/\" rel=\"noreferrer noopener\">Rodrigo Maia<\/a>&nbsp;(DEM-RJ), a aceitar um dos 40 pedidos de impeachment que j\u00e1 foram apresentados ao&nbsp;<a target=\"_blank\" href=\"https:\/\/pt.org.br\/tag\/congresso-nacional\/\" rel=\"noreferrer noopener\">Congresso Nacional<\/a>&nbsp;pelo impedimento de Bolsonaro.<a target=\"_blank\" href=\"https:\/\/pt.org.br\/wp-content\/uploads\/2020\/07\/forabolsonaro2.jpg\" rel=\"noreferrer noopener\">Lula Marques<\/a><\/p>\n\n\n\n<figure class=\"wp-block-image\"><a href=\"https:\/\/i0.wp.com\/pt.org.br\/wp-content\/uploads\/2020\/07\/forabolsonaro2.jpg?ssl=1\" target=\"_blank\" rel=\"noreferrer noopener\"><img data-recalc-dims=\"1\" decoding=\"async\" src=\"https:\/\/i0.wp.com\/pt.org.br\/wp-content\/uploads\/2020\/07\/forabolsonaro2.jpg?w=600&#038;ssl=1\" alt=\"\" class=\"wp-image-263033\"\/><\/a><\/figure>\n\n\n\n<p>No site da&nbsp;<a target=\"_blank\" href=\"https:\/\/www.campanhaforabolsonaro.com.br\/\" rel=\"noreferrer noopener\">Campanha Fora Bolsonaro<\/a>&nbsp;os organizadores fazem um alerta a respeito do car\u00e1ter neofascista do atual governo.<\/p>\n\n\n\n<p><em>\u201cN\u00e3o h\u00e1 mais d\u00favidas de que h\u00e1 uma disposi\u00e7\u00e3o na c\u00fapula do Executivo Federal em avan\u00e7ar na retirada de direitos, ataques \u00e0&nbsp;<a target=\"_blank\" href=\"https:\/\/pt.org.br\/tag\/soberania-nacional\/\" rel=\"noreferrer noopener\">soberania nacional<\/a>&nbsp;e na promo\u00e7\u00e3o de medidas de fechamento do regime, atrav\u00e9s da conten\u00e7\u00e3o dos demais poderes, da instrumentaliza\u00e7\u00e3o para fins pol\u00edticos de \u00f3rg\u00e3os de intelig\u00eancia, investiga\u00e7\u00e3o e seguran\u00e7a e do est\u00edmulo \u00e0 movimentos na sociedade civil de car\u00e1ter neofascista\u201d<\/em>.<\/p>\n\n\n\n<p>As centrais sindicais tamb\u00e9m preparam grandes atos e manifesta\u00e7\u00f5es por todo o pa\u00eds. Levando-se em conta as limita\u00e7\u00f5es impostas pela&nbsp;&nbsp;<a target=\"_blank\" href=\"https:\/\/pt.org.br\/tag\/pandemia\/\" rel=\"noreferrer noopener\">pandemia<\/a>, na sexta-feira, ser\u00e3o realizadas assembleias nos locais de trabalho, pela manh\u00e3, e atos simb\u00f3licos de rua.<\/p>\n\n\n\n<p>\u201cVamos convencer a maioria da popula\u00e7\u00e3o brasileira que, com Bolsonaro, n\u00e3o d\u00e1 mais\u201d, afirmou o presidente da&nbsp;&nbsp;<a target=\"_blank\" href=\"https:\/\/pt.org.br\/tag\/cut\/\" rel=\"noreferrer noopener\">CUT<\/a>,&nbsp;&nbsp;<a target=\"_blank\" href=\"https:\/\/pt.org.br\/tag\/sergio-nobre\/\" rel=\"noreferrer noopener\">S\u00e9rgio Nobre<\/a>, ao fazer a convoca\u00e7\u00e3o para a mobiliza\u00e7\u00e3o desta sexta-feira.Tocador de v\u00eddeo00:0000:54<\/p>\n\n\n\n<p>Est\u00e3o previstas diversas a\u00e7\u00f5es para permitir a ampla participa\u00e7\u00e3o dos trabalhadores e da popula\u00e7\u00e3o em geral, como a convoca\u00e7\u00e3o para usar roupa preta, colocar um pano preto nas janelas, realiza\u00e7\u00e3o de twita\u00e7o, a\u00e7\u00f5es nas&nbsp;&nbsp;<a target=\"_blank\" href=\"https:\/\/pt.org.br\/tag\/redes-sociais\/\" rel=\"noreferrer noopener\">redes sociais<\/a>&nbsp;e um panela\u00e7o nacional \u00e0 noite.<\/p>\n\n\n\n<p><strong>Programa\u00e7\u00e3o<\/strong><\/p>\n\n\n\n<p><strong>Sexta-feira \u2013 10 de julho \u2013 Dia Nacional de Mobiliza\u00e7\u00e3o Fora Bolsonaro<\/strong><\/p>\n\n\n\n<ol class=\"wp-block-list\"><li>A\u00e7\u00f5es simb\u00f3licas nas principais cidades do Brasil denunciando a&nbsp;&nbsp;<a target=\"_blank\" href=\"https:\/\/pt.org.br\/tag\/politica-2\/\" rel=\"noreferrer noopener\">pol\u00edtica<\/a>&nbsp;genocida de Bolsonaro frente \u00e0 pandemia.&nbsp; (Exemplo: Fazer uma instala\u00e7\u00e3o com dezenas de cruzes em locais de grande circula\u00e7\u00e3o de pessoas ou em pontos tur\u00edsticos dessas cidades, circundando uma faixa com a inscri\u00e7\u00e3o Fora Bolsonaro.<\/li><li>Est\u00e1 prevista a manifesta\u00e7\u00e3o organizada por movimentos populares em mais de 20 estados&nbsp; que ocorrer\u00e3o nas casas, comunidades, associa\u00e7\u00f5es, conjuntos populares,&nbsp; ocupa\u00e7\u00f5es, favelas, bairros das periferias. A ideia \u00e9 protestar em pequenos grupos respeitando as regras de isolamento social, com cartazes e apitos, simultaneamente.<\/li><li>Neste dia tamb\u00e9m acontecer\u00e3o assembleias em locais de trabalho organizadas pelo F\u00f3rum das Centrais<\/li><li>Tamb\u00e9m acontecer\u00e1 um Ato Inter-Religioso intitulado \u201cQuem tem f\u00e9 defende a vida e a democracia \u2013 Um milh\u00e3o de velas \u2013 Fora, Bolsonaro.\u201d<\/li><li>Agita\u00e7\u00e3o nas redes com a hashtag #ForaBolsonaro<\/li><li>Barulha\u00e7o nas janelas por #ForaBolsonaro, a partir das 20 horas.<\/li><li>Interven\u00e7\u00f5es simb\u00f3licas. A proposta \u00e9 quem n\u00e3o puder participar das atividades listadas acima, possa colocar um pano preto em sua janela para simbolizar o luto pelos milhares de mortos pela&nbsp;&nbsp;<a target=\"_blank\" href=\"https:\/\/pt.org.br\/tag\/covid-19\/\" rel=\"noreferrer noopener\">Covid-19<\/a>, mas ao mesmo tempo ressignificar transformando este momento em luta em defesa da vida.<\/li><\/ol>\n\n\n\n<p><strong>Importante<\/strong>: Todas a\u00e7\u00f5es devem respeitar os cuidados sanit\u00e1rios e de distanciamento social.<\/p>\n\n\n\n<p>No s\u00e1bado (11) ser\u00e1 realizada a Plen\u00e1ria Nacional Fora Bolsonaro, atividade&nbsp; virtual que reunir\u00e1 milhares de participantes de todo o pa\u00eds. Nesta atividade ser\u00e3o definidas as pr\u00f3ximas a\u00e7\u00f5es da Campanha.<\/p>\n\n\n\n<p><strong>Da Reda\u00e7\u00e3o<\/strong><\/p>\n","protected":false},"excerpt":{"rendered":"<p>PT convoca militantes e dirigentes a participar dos atos e manifesta\u00e7\u00f5es a favor do Impeachment J\u00e1!<\/p>\n","protected":false},"author":1,"featured_media":0,"comment_status":"closed","ping_status":"open","sticky":false,"template":"","format":"standard","meta":{"_exactmetrics_skip_tracking":false,"_exactmetrics_sitenote_active":false,"_exactmetrics_sitenote_note":"","_exactmetrics_sitenote_category":0,"jetpack_post_was_ever_published":false,"_jetpack_newsletter_access":"","_jetpack_dont_email_post_to_subs":false,"_jetpack_newsletter_tier_id":0,"_jetpack_memberships_contains_paywalled_content":false,"_jetpack_memberships_contains_paid_content":false,"footnotes":"","jetpack_publicize_message":"","jetpack_publicize_feature_enabled":true,"jetpack_social_post_already_shared":true,"jetpack_social_options":{"image_generator_settings":{"template":"highway","enabled":false},"version":2}},"categories":[1],"tags":[],"class_list":["post-29130","post","type-post","status-publish","format-standard","hentry","category-notas"],"jetpack_publicize_connections":[],"jetpack_sharing_enabled":true,"jetpack_featured_media_url":"","jetpack_shortlink":"https:\/\/wp.me\/p7wKYW-7zQ","jetpack-related-posts":[],"_links":{"self":[{"href":"http:\/\/blogdalucianaoliveira.com.br\/blog\/wp-json\/wp\/v2\/posts\/29130","targetHints":{"allow":["GET"]}}],"collection":[{"href":"http:\/\/blogdalucianaoliveira.com.br\/blog\/wp-json\/wp\/v2\/posts"}],"about":[{"href":"http:\/\/blogdalucianaoliveira.com.br\/blog\/wp-json\/wp\/v2\/types\/post"}],"author":[{"embeddable":true,"href":"http:\/\/blogdalucianaoliveira.com.br\/blog\/wp-json\/wp\/v2\/users\/1"}],"replies":[{"embeddable":true,"href":"http:\/\/blogdalucianaoliveira.com.br\/blog\/wp-json\/wp\/v2\/comments?post=29130"}],"version-history":[{"count":1,"href":"http:\/\/blogdalucianaoliveira.com.br\/blog\/wp-json\/wp\/v2\/posts\/29130\/revisions"}],"predecessor-version":[{"id":29132,"href":"http:\/\/blogdalucianaoliveira.com.br\/blog\/wp-json\/wp\/v2\/posts\/29130\/revisions\/29132"}],"wp:attachment":[{"href":"http:\/\/blogdalucianaoliveira.com.br\/blog\/wp-json\/wp\/v2\/media?parent=29130"}],"wp:term":[{"taxonomy":"category","embeddable":true,"href":"http:\/\/blogdalucianaoliveira.com.br\/blog\/wp-json\/wp\/v2\/categories?post=29130"},{"taxonomy":"post_tag","embeddable":true,"href":"http:\/\/blogdalucianaoliveira.com.br\/blog\/wp-json\/wp\/v2\/tags?post=29130"}],"curies":[{"name":"wp","href":"https:\/\/api.w.org\/{rel}","templated":true}]}}