{"id":29134,"date":"2020-07-12T19:35:38","date_gmt":"2020-07-12T23:35:38","guid":{"rendered":"http:\/\/blogdalucianaoliveira.com.br\/blog\/?p=29134"},"modified":"2020-07-12T19:36:01","modified_gmt":"2020-07-12T23:36:01","slug":"fachin-negou-prisao-domiciliar-a-ex-deputado-morto-por-covid-19-na-prisao-viu-beneficio-excepcional","status":"publish","type":"post","link":"http:\/\/blogdalucianaoliveira.com.br\/blog\/2020\/07\/12\/fachin-negou-prisao-domiciliar-a-ex-deputado-morto-por-covid-19-na-prisao-viu-beneficio-excepcional\/","title":{"rendered":"Fachin negou pris\u00e3o domiciliar a ex-deputado morto por covid-19 na pris\u00e3o. Viu \u201cbenef\u00edcio excepcional\u201d"},"content":{"rendered":"\n<figure class=\"wp-block-image\"><img data-recalc-dims=\"1\" height=\"393\" width=\"600\" decoding=\"async\" src=\"https:\/\/i0.wp.com\/www.diariodocentrodomundo.com.br\/wp-content\/uploads\/2020\/07\/nelson-600x393.jpg?resize=600%2C393&#038;ssl=1\" alt=\"\"\/><\/figure>\n\n\n\n<p>Fabr\u00edcio Queiroz est\u00e1 em casa com a mulher, M\u00e1rcia Aguiar, premiado pelo presidente do STJ, Jo\u00e3o Ot\u00e1vio de Noronha, com uma pris\u00e3o domiciliar.<\/p>\n\n\n\n<!--more-->\n\n\n\n<p>No DCM <\/p>\n\n\n\n<p>O apartamento tem varanda gourmet e TV de v\u00e1rias polegadas.<\/p>\n\n\n\n<p>Noronha apontou risco de Queiroz, que se trata de c\u00e2ncer, pegar o coronav\u00edrus em Bangu. M\u00e1rcia, que estava foragida, recebeu a mamata de cuidar dele.<\/p>\n\n\n\n<p>J\u00e1 o ex-deputado Nelson Meurer (PP-PR) morreu na cela hoje ap\u00f3s contrair covid-19.<\/p>\n\n\n\n<p>Primeiro condenado pelo STF na Lava Jato, ele tinha hipertens\u00e3o, diabetes e uma cirurgia recente de ponte de safena.<\/p>\n\n\n\n<p>O estado fr\u00e1gil de sa\u00fade foi ressaltado num pedido de&nbsp;domiciliar apresentado por sua defesa e negado por Luiz Edson Fachin, relator da a\u00e7\u00e3o, em abril.<\/p>\n\n\n\n<p>O agravo regimental foi julgado em junho. Houve dois votos a favor de concess\u00e3o de domiciliar, de Gilmar Mendes e Ricardo Lewandowski, e dois contra, de Fachin e Celso de Mello.<\/p>\n\n\n\n<p>Relata o Conjur:<\/p>\n\n\n\n<p><em>C\u00e1rmen L\u00facia n\u00e3o votou, e sua omiss\u00e3o contou como um voto acompanhando o relator, Fachin, como era a regra na \u00e9poca. Por equ\u00edvoco, ao se criar regras para o plen\u00e1rio virtual, estabeleceu-se que, em caso de empate nas turmas, o empate seria resolvido dando peso duplo ao voto do relator. O problema \u00e9 que quando a mat\u00e9ria \u00e9 criminal, a jurisprud\u00eancia \u00e9 a de que o empate favorece o r\u00e9u. O assunto foi abordado pelo advogado Lenio Streck, em&nbsp;<a href=\"https:\/\/www.conjur.com.br\/2020-jun-11\/senso-incomum-inconstitucional-abstencao-ministro-contar-favor-relator\" target=\"_blank\" rel=\"noreferrer noopener\">coluna<\/a>&nbsp;na&nbsp;ConJur.<\/em><\/p>\n\n\n\n<p><em>Assim, o agravo foi negado. S\u00f3 em 1\u00ba de julho, ap\u00f3s&nbsp;<a href=\"https:\/\/www.conjur.com.br\/2020-mai-20\/oab-stf-nao-compute-abstencoes-votos-virtuais\" target=\"_blank\" rel=\"noreferrer noopener\">requisi\u00e7\u00e3o da OAB<\/a>,&nbsp;a Corte aprovou&nbsp;<a href=\"https:\/\/www.conjur.com.br\/2020-jul-01\/stf-computar-falta-voto-abstencao-julgamentos-virtuais\" target=\"_blank\" rel=\"noreferrer noopener\">mudan\u00e7a no regimento<\/a>&nbsp;para que os votos n\u00e3o manifestados em plen\u00e1rio virtual passassem a contar como absten\u00e7\u00e3o, e n\u00e3o mais como acompanhando o relator.<\/em><\/p>\n\n\n\n<p><em>Al\u00e9m das negativas no bojo da A\u00e7\u00e3o Penal, dois pedidos de Habeas Corpus foram negados pela ministra Rosa Weber, um em abril e outro em maio. O primeiro pedido foi negado por n\u00e3o caber&nbsp;HC contra decis\u00e3o em procedimentos penais de compet\u00eancia origin\u00e1ria do Supremo; o segundo, por ter repetido as requisi\u00e7\u00f5es do primeiro.<\/em><\/p>\n\n\n\n<p><em><strong>Sa\u00fade e pris\u00e3o<\/strong><\/em><\/p>\n\n\n\n<p><em>Meurer estava preso na Penitenci\u00e1ria Estadual de Francisco Beltr\u00e3o, no sudoeste do Paran\u00e1, onde cumpria pena de 13 anos e 9 meses, pelos crimes de corrup\u00e7\u00e3o e lavagem de dinheiro.<\/em><\/p>\n\n\n\n<p><em>Entre os problemas de sa\u00fade apontados pela defesa ao Supremo, constavam cardiopatia grave com comprometimento coronariano, carot\u00eddeo, valvular a\u00f3rtico, marca-passo artificial, disfun\u00e7\u00e3o isqu\u00eamica, diabetes insulinodependente, hiperplasia prost\u00e1tica benigna e insufici\u00eancia renal cr\u00f4nica n\u00e3o-dial\u00edtica.<\/em><\/p>\n\n\n\n<p><em>Apesar de o Supremo ter declarado \u201cestado de coisas inconstitucional\u201d no sistema carcer\u00e1rio brasileiro, no julgamento da ADPF 347, em 2015, Fachin entendeu que as medidas b\u00e1sicas de preven\u00e7\u00e3o e a disponibilidade de atendimento prim\u00e1rio na penitenci\u00e1ria paranaense eram suficientes para afastar a necessidade de concess\u00e3o de domiciliar.<\/em><\/p>\n","protected":false},"excerpt":{"rendered":"<p>Fabr\u00edcio Queiroz est\u00e1 em casa com a mulher, M\u00e1rcia Aguiar, premiado pelo presidente do STJ, Jo\u00e3o Ot\u00e1vio de Noronha, com uma pris\u00e3o domiciliar.<\/p>\n","protected":false},"author":1,"featured_media":0,"comment_status":"closed","ping_status":"open","sticky":false,"template":"","format":"standard","meta":{"_exactmetrics_skip_tracking":false,"_exactmetrics_sitenote_active":false,"_exactmetrics_sitenote_note":"","_exactmetrics_sitenote_category":0,"jetpack_post_was_ever_published":false,"_jetpack_newsletter_access":"","_jetpack_dont_email_post_to_subs":false,"_jetpack_newsletter_tier_id":0,"_jetpack_memberships_contains_paywalled_content":false,"_jetpack_memberships_contains_paid_content":false,"footnotes":"","jetpack_publicize_message":"","jetpack_publicize_feature_enabled":true,"jetpack_social_post_already_shared":true,"jetpack_social_options":{"image_generator_settings":{"template":"highway","enabled":false},"version":2}},"categories":[1],"tags":[],"class_list":["post-29134","post","type-post","status-publish","format-standard","hentry","category-notas"],"jetpack_publicize_connections":[],"jetpack_sharing_enabled":true,"jetpack_featured_media_url":"","jetpack_shortlink":"https:\/\/wp.me\/p7wKYW-7zU","jetpack-related-posts":[],"_links":{"self":[{"href":"http:\/\/blogdalucianaoliveira.com.br\/blog\/wp-json\/wp\/v2\/posts\/29134","targetHints":{"allow":["GET"]}}],"collection":[{"href":"http:\/\/blogdalucianaoliveira.com.br\/blog\/wp-json\/wp\/v2\/posts"}],"about":[{"href":"http:\/\/blogdalucianaoliveira.com.br\/blog\/wp-json\/wp\/v2\/types\/post"}],"author":[{"embeddable":true,"href":"http:\/\/blogdalucianaoliveira.com.br\/blog\/wp-json\/wp\/v2\/users\/1"}],"replies":[{"embeddable":true,"href":"http:\/\/blogdalucianaoliveira.com.br\/blog\/wp-json\/wp\/v2\/comments?post=29134"}],"version-history":[{"count":1,"href":"http:\/\/blogdalucianaoliveira.com.br\/blog\/wp-json\/wp\/v2\/posts\/29134\/revisions"}],"predecessor-version":[{"id":29135,"href":"http:\/\/blogdalucianaoliveira.com.br\/blog\/wp-json\/wp\/v2\/posts\/29134\/revisions\/29135"}],"wp:attachment":[{"href":"http:\/\/blogdalucianaoliveira.com.br\/blog\/wp-json\/wp\/v2\/media?parent=29134"}],"wp:term":[{"taxonomy":"category","embeddable":true,"href":"http:\/\/blogdalucianaoliveira.com.br\/blog\/wp-json\/wp\/v2\/categories?post=29134"},{"taxonomy":"post_tag","embeddable":true,"href":"http:\/\/blogdalucianaoliveira.com.br\/blog\/wp-json\/wp\/v2\/tags?post=29134"}],"curies":[{"name":"wp","href":"https:\/\/api.w.org\/{rel}","templated":true}]}}