{"id":29136,"date":"2020-07-12T19:51:21","date_gmt":"2020-07-12T23:51:21","guid":{"rendered":"http:\/\/blogdalucianaoliveira.com.br\/blog\/?p=29136"},"modified":"2020-07-12T19:51:30","modified_gmt":"2020-07-12T23:51:30","slug":"bolivia-abole-reprovacao-de-estudantes-em-2020-por-pandemia","status":"publish","type":"post","link":"http:\/\/blogdalucianaoliveira.com.br\/blog\/2020\/07\/12\/bolivia-abole-reprovacao-de-estudantes-em-2020-por-pandemia\/","title":{"rendered":"Bol\u00edvia abole reprova\u00e7\u00e3o de estudantes em 2020 por pandemia"},"content":{"rendered":"\n<figure class=\"wp-block-image size-large\"><img data-recalc-dims=\"1\" loading=\"lazy\" decoding=\"async\" width=\"600\" height=\"391\" data-attachment-id=\"29137\" data-permalink=\"http:\/\/blogdalucianaoliveira.com.br\/blog\/2020\/07\/12\/bolivia-abole-reprovacao-de-estudantes-em-2020-por-pandemia\/image-22-9\/\" data-orig-file=\"https:\/\/i0.wp.com\/blogdalucianaoliveira.com.br\/blog\/wp-content\/uploads\/2020\/07\/image-22.jpeg?fit=768%2C500\" data-orig-size=\"768,500\" data-comments-opened=\"0\" data-image-meta=\"{&quot;aperture&quot;:&quot;0&quot;,&quot;credit&quot;:&quot;&quot;,&quot;camera&quot;:&quot;&quot;,&quot;caption&quot;:&quot;&quot;,&quot;created_timestamp&quot;:&quot;0&quot;,&quot;copyright&quot;:&quot;&quot;,&quot;focal_length&quot;:&quot;0&quot;,&quot;iso&quot;:&quot;0&quot;,&quot;shutter_speed&quot;:&quot;0&quot;,&quot;title&quot;:&quot;&quot;,&quot;orientation&quot;:&quot;0&quot;}\" data-image-title=\"image-22\" data-image-description=\"\" data-image-caption=\"\" data-medium-file=\"https:\/\/i0.wp.com\/blogdalucianaoliveira.com.br\/blog\/wp-content\/uploads\/2020\/07\/image-22.jpeg?fit=300%2C195\" data-large-file=\"https:\/\/i0.wp.com\/blogdalucianaoliveira.com.br\/blog\/wp-content\/uploads\/2020\/07\/image-22.jpeg?fit=600%2C391\" src=\"https:\/\/i0.wp.com\/blogdalucianaoliveira.com.br\/blog\/wp-content\/uploads\/2020\/07\/image-22.jpeg?resize=600%2C391\" alt=\"\" class=\"wp-image-29137\" srcset=\"https:\/\/i0.wp.com\/blogdalucianaoliveira.com.br\/blog\/wp-content\/uploads\/2020\/07\/image-22.jpeg?w=768 768w, https:\/\/i0.wp.com\/blogdalucianaoliveira.com.br\/blog\/wp-content\/uploads\/2020\/07\/image-22.jpeg?resize=300%2C195 300w, https:\/\/i0.wp.com\/blogdalucianaoliveira.com.br\/blog\/wp-content\/uploads\/2020\/07\/image-22.jpeg?resize=461%2C300 461w\" sizes=\"auto, (max-width: 600px) 100vw, 600px\" \/><\/figure>\n\n\n\n<p>Os estudantes da Bol\u00edvia n\u00e3o ser\u00e3o reprovados este ano, devido \u00e0 situa\u00e7\u00e3o cr\u00edtica provocada pela pandemia do novo coronav\u00edrus, anunciou neste domingo (12) o ministro da Educa\u00e7\u00e3o, V\u00edctor Hugo C\u00e1rdenas.<\/p>\n\n\n\n<!--more-->\n\n\n\n<p>Na AFP <\/p>\n\n\n\n<p>\u201cEste ano n\u00e3o haver\u00e1 reprova\u00e7\u00e3o alguma de nenhum estudante nos n\u00edveis pr\u00e9-escolares, fundamental e m\u00e9dio&#8221;, disse o ministro em coletiva de imprensa.<\/p>\n\n\n\n<p>Ele justificou a decis\u00e3o pela situa\u00e7\u00e3o causada pela pandemia da COVID-19. Neste contexto, &#8220;n\u00e3o \u00e9 admiss\u00edvel falar de reprova\u00e7\u00e3o dos estudantes&#8221;, destacou.<\/p>\n\n\n\n<p>Professores e pais de alunos questionam a suspens\u00e3o das aulas presenciais e a passagem para a educa\u00e7\u00e3o \u00e0 dist\u00e2ncia devido ao alto n\u00famero de lares que carecem de conex\u00e3o \u00e0 internet ou de seu custo em um momento em que a renda das fam\u00edlias minguou devido \u00e0 diminui\u00e7\u00e3o da atividade econ\u00f4mica.<\/p>\n\n\n\n<p>Professores rurais iniciaram na sexta-feira em Lahuanchaca (a 125 Km de La Paz) uma marcha at\u00e9 a sede do governo para exigir um recuo do governo e a ren\u00fancia do ministro da Educa\u00e7\u00e3o.<\/p>\n\n\n\n<p>&#8220;As exposi\u00e7\u00f5es dos dirigentes saem do campo educacional e entram perigosamente no territ\u00f3rio da pol\u00edtica, no questionamento ao governo e na desestabiliza\u00e7\u00e3o da conviv\u00eancia democr\u00e1tica&#8221;, afirmou C\u00e1rdenas.&nbsp;<\/p>\n\n\n\n<p>Dirigentes da Central Oper\u00e1ria Boliviana, principal organiza\u00e7\u00e3o sindical do pa\u00eds, vinculada ao ex-presidente Evo Morales, convocaram para a ter\u00e7a-feira um protesto para defender o car\u00e1ter p\u00fablico da sa\u00fade e da educa\u00e7\u00e3o.<\/p>\n\n\n\n<p>C\u00e1rdenas lamentou que os professores n\u00e3o tenham respondido ao seu convite de dialogar com a media\u00e7\u00e3o da Igreja Cat\u00f3lica e que insistam no &#8220;retorno imediato \u00e0s aulas presenciais&#8221;, quando a curva da pandemia est\u00e1 em ascens\u00e3o.<\/p>\n\n\n\n<p>A COVID-19 deixou at\u00e9 agora na Bol\u00edvia 1.754 mortos e mais de 47.000 cont\u00e1gios.<\/p>\n\n\n\n<p>O ministro advertiu para a possibilidade de um encerramento antecipado do ano escolar caso persistam as press\u00f5es sindicais.<\/p>\n\n\n\n<p>&#8220;Se a teimosia e a polariza\u00e7\u00e3o da dirig\u00eancia do magist\u00e9rio continuarem, o cen\u00e1rio do encerramento do ano escolar \u00e9 uma alternativa&#8221;, disse.<\/p>\n","protected":false},"excerpt":{"rendered":"<p>Os estudantes da Bol\u00edvia n\u00e3o ser\u00e3o reprovados este ano, devido \u00e0 situa\u00e7\u00e3o cr\u00edtica provocada pela pandemia do novo coronav\u00edrus, anunciou neste domingo (12) o ministro da Educa\u00e7\u00e3o, V\u00edctor Hugo C\u00e1rdenas.<\/p>\n","protected":false},"author":1,"featured_media":0,"comment_status":"closed","ping_status":"open","sticky":false,"template":"","format":"standard","meta":{"_exactmetrics_skip_tracking":false,"_exactmetrics_sitenote_active":false,"_exactmetrics_sitenote_note":"","_exactmetrics_sitenote_category":0,"jetpack_post_was_ever_published":false,"_jetpack_newsletter_access":"","_jetpack_dont_email_post_to_subs":false,"_jetpack_newsletter_tier_id":0,"_jetpack_memberships_contains_paywalled_content":false,"_jetpack_memberships_contains_paid_content":false,"footnotes":"","jetpack_publicize_message":"","jetpack_publicize_feature_enabled":true,"jetpack_social_post_already_shared":true,"jetpack_social_options":{"image_generator_settings":{"template":"highway","enabled":false},"version":2}},"categories":[1],"tags":[],"class_list":["post-29136","post","type-post","status-publish","format-standard","hentry","category-notas"],"jetpack_publicize_connections":[],"jetpack_sharing_enabled":true,"jetpack_featured_media_url":"","jetpack_shortlink":"https:\/\/wp.me\/p7wKYW-7zW","jetpack-related-posts":[],"_links":{"self":[{"href":"http:\/\/blogdalucianaoliveira.com.br\/blog\/wp-json\/wp\/v2\/posts\/29136","targetHints":{"allow":["GET"]}}],"collection":[{"href":"http:\/\/blogdalucianaoliveira.com.br\/blog\/wp-json\/wp\/v2\/posts"}],"about":[{"href":"http:\/\/blogdalucianaoliveira.com.br\/blog\/wp-json\/wp\/v2\/types\/post"}],"author":[{"embeddable":true,"href":"http:\/\/blogdalucianaoliveira.com.br\/blog\/wp-json\/wp\/v2\/users\/1"}],"replies":[{"embeddable":true,"href":"http:\/\/blogdalucianaoliveira.com.br\/blog\/wp-json\/wp\/v2\/comments?post=29136"}],"version-history":[{"count":1,"href":"http:\/\/blogdalucianaoliveira.com.br\/blog\/wp-json\/wp\/v2\/posts\/29136\/revisions"}],"predecessor-version":[{"id":29138,"href":"http:\/\/blogdalucianaoliveira.com.br\/blog\/wp-json\/wp\/v2\/posts\/29136\/revisions\/29138"}],"wp:attachment":[{"href":"http:\/\/blogdalucianaoliveira.com.br\/blog\/wp-json\/wp\/v2\/media?parent=29136"}],"wp:term":[{"taxonomy":"category","embeddable":true,"href":"http:\/\/blogdalucianaoliveira.com.br\/blog\/wp-json\/wp\/v2\/categories?post=29136"},{"taxonomy":"post_tag","embeddable":true,"href":"http:\/\/blogdalucianaoliveira.com.br\/blog\/wp-json\/wp\/v2\/tags?post=29136"}],"curies":[{"name":"wp","href":"https:\/\/api.w.org\/{rel}","templated":true}]}}