{"id":29139,"date":"2020-07-12T19:57:31","date_gmt":"2020-07-12T23:57:31","guid":{"rendered":"http:\/\/blogdalucianaoliveira.com.br\/blog\/?p=29139"},"modified":"2020-07-12T19:57:39","modified_gmt":"2020-07-12T23:57:39","slug":"sancoes-impostas-pelo-ibama-caem-60-em-um-ano-e-especialistas-alertam-para-apagao-ambiental","status":"publish","type":"post","link":"http:\/\/blogdalucianaoliveira.com.br\/blog\/2020\/07\/12\/sancoes-impostas-pelo-ibama-caem-60-em-um-ano-e-especialistas-alertam-para-apagao-ambiental\/","title":{"rendered":"San\u00e7\u00f5es impostas pelo Ibama caem 60% em um ano, e especialistas alertam para apag\u00e3o ambiental"},"content":{"rendered":"\n<figure class=\"wp-block-image size-large\"><img data-recalc-dims=\"1\" loading=\"lazy\" decoding=\"async\" width=\"600\" height=\"390\" data-attachment-id=\"29140\" data-permalink=\"http:\/\/blogdalucianaoliveira.com.br\/blog\/2020\/07\/12\/sancoes-impostas-pelo-ibama-caem-60-em-um-ano-e-especialistas-alertam-para-apagao-ambiental\/6a1c5b4b-4fde-4c1a-b340-80c885c0295a\/\" data-orig-file=\"https:\/\/i0.wp.com\/blogdalucianaoliveira.com.br\/blog\/wp-content\/uploads\/2020\/07\/6A1C5B4B-4FDE-4C1A-B340-80C885C0295A.jpeg?fit=828%2C538\" data-orig-size=\"828,538\" data-comments-opened=\"0\" data-image-meta=\"{&quot;aperture&quot;:&quot;0&quot;,&quot;credit&quot;:&quot;&quot;,&quot;camera&quot;:&quot;&quot;,&quot;caption&quot;:&quot;&quot;,&quot;created_timestamp&quot;:&quot;0&quot;,&quot;copyright&quot;:&quot;&quot;,&quot;focal_length&quot;:&quot;0&quot;,&quot;iso&quot;:&quot;0&quot;,&quot;shutter_speed&quot;:&quot;0&quot;,&quot;title&quot;:&quot;&quot;,&quot;orientation&quot;:&quot;1&quot;}\" data-image-title=\"6A1C5B4B-4FDE-4C1A-B340-80C885C0295A\" data-image-description=\"\" data-image-caption=\"\" data-medium-file=\"https:\/\/i0.wp.com\/blogdalucianaoliveira.com.br\/blog\/wp-content\/uploads\/2020\/07\/6A1C5B4B-4FDE-4C1A-B340-80C885C0295A.jpeg?fit=300%2C195\" data-large-file=\"https:\/\/i0.wp.com\/blogdalucianaoliveira.com.br\/blog\/wp-content\/uploads\/2020\/07\/6A1C5B4B-4FDE-4C1A-B340-80C885C0295A.jpeg?fit=600%2C390\" src=\"https:\/\/i0.wp.com\/blogdalucianaoliveira.com.br\/blog\/wp-content\/uploads\/2020\/07\/6A1C5B4B-4FDE-4C1A-B340-80C885C0295A.jpeg?resize=600%2C390\" alt=\"\" class=\"wp-image-29140\" srcset=\"https:\/\/i0.wp.com\/blogdalucianaoliveira.com.br\/blog\/wp-content\/uploads\/2020\/07\/6A1C5B4B-4FDE-4C1A-B340-80C885C0295A.jpeg?w=828 828w, https:\/\/i0.wp.com\/blogdalucianaoliveira.com.br\/blog\/wp-content\/uploads\/2020\/07\/6A1C5B4B-4FDE-4C1A-B340-80C885C0295A.jpeg?resize=300%2C195 300w, https:\/\/i0.wp.com\/blogdalucianaoliveira.com.br\/blog\/wp-content\/uploads\/2020\/07\/6A1C5B4B-4FDE-4C1A-B340-80C885C0295A.jpeg?resize=768%2C499 768w, https:\/\/i0.wp.com\/blogdalucianaoliveira.com.br\/blog\/wp-content\/uploads\/2020\/07\/6A1C5B4B-4FDE-4C1A-B340-80C885C0295A.jpeg?resize=462%2C300 462w\" sizes=\"auto, (max-width: 600px) 100vw, 600px\" \/><\/figure>\n\n\n\n<p>Servidores do \u00f3rg\u00e3o relatam &#8216;lei da morda\u00e7a&#8217; e press\u00e3o para que n\u00e3o atuem.<\/p>\n\n\n\n<!--more-->\n\n\n\n<p>Na FSP<\/p>\n\n\n\n<p><strong><a href=\"https:\/\/www1.folha.uol.com.br\/autores\/danielle-brant.shtml\">Danielle Brant<\/a><\/strong><strong><a href=\"https:\/\/www1.folha.uol.com.br\/autores\/phillippe-watanabe.shtml\">Phillippe Watanabe<\/a><\/strong><strong>BRAS\u00cdLIA&nbsp;e&nbsp;S\u00c3O PAULO<\/strong><\/p>\n\n\n\n<p>A aplica\u00e7\u00e3o do instrumento mais eficaz do&nbsp;<a href=\"https:\/\/www1.folha.uol.com.br\/colunas\/painel\/2020\/06\/ibama-deixa-de-fornecer-dados-sobre-multas-contra-desmatadores-na-amazonia.shtml\">Ibama<\/a>&nbsp;para barrar o desmatamento no Brasil registrou uma queda de 60% nos seis primeiros meses deste ano em compara\u00e7\u00e3o a igual per\u00edodo de 2019.<\/p>\n\n\n\n<p>De janeiro a junho deste ano, o n\u00famero dos chamados termos de embargo aplicados pelo \u00f3rg\u00e3o ambiental foi de 587. Nos mesmos meses do ano passado, foram 1.435.<\/p>\n\n\n\n<p>O n\u00famero de autua\u00e7\u00f5es do ano passado j\u00e1 representava redu\u00e7\u00e3o de 40% em rela\u00e7\u00e3o ao primeiro semestre de 2018. Ou seja, \u00e9 a segunda queda para igual per\u00edodo no governo Jair Bolsonaro.<\/p>\n\n\n\n<p>Os dados constam de consulta p\u00fablica de autua\u00e7\u00f5es ambientais dispon\u00edveis online. Fontes ouvidas pela reportagem alertaram que os dados poderiam estar incompletos (por problemas nos servidores do Minist\u00e9rio do Meio Ambiente que tamb\u00e9m afetaram os registros de multas), mas o Ibama, questionado, indicou que os embargos poderiam ser acessados online.<\/p>\n\n\n\n<p>A&nbsp;<strong>Folha&nbsp;<\/strong>insistiu tanto com o minist\u00e9rio quanto o Ibama quanto \u00e0 completude dos dados mas n\u00e3o obteve respostas, mesmo ap\u00f3s seis tentativas de contato por email, mensagens de Whatsapp e pelo menos quatro liga\u00e7\u00f5es, a partir do dia 25 de junho.<\/p>\n\n\n\n<p>De acordo com os procedimentos adotados pelo \u00f3rg\u00e3o, quando um propriet\u00e1rio desmata ilegalmente uma \u00e1rea ou comete alguma outra viola\u00e7\u00e3o, o fiscal lavra um auto de infra\u00e7\u00e3o, indica a irregularidade cometida e, se houver previs\u00e3o legal, aponta san\u00e7\u00f5es, entre elas o embargo \u2014medida mais extremada.<\/p>\n\n\n\n<p>A lista de propriedades autuadas com termos de embargo do Ibama \u00e9 consultada, por exemplo, por empresas no momento de definir se compram ou n\u00e3o um produto de determinado fornecedor.<\/p>\n\n\n\n<p>Os registros ajudam a coibir pr\u00e1ticas ilegais, como o&nbsp;<a href=\"https:\/\/www1.folha.uol.com.br\/mercado\/2020\/07\/queimadas-na-amazonia-sao-heranca-de-governos-anteriores-diz-ministro-salles.shtml\">desmatamento<\/a>. Sem comprador, o propriet\u00e1rio de uma fazenda, para garantir a venda de um produto, hesitaria assim em cometer irregularidades.<\/p>\n\n\n\n<p>O termo tamb\u00e9m pode impedir a contrata\u00e7\u00e3o de financiamento banc\u00e1rio. O Ibama divulga os dados do im\u00f3vel, da \u00e1rea embargada e do propriet\u00e1rio em lista que \u00e9 consultada por institui\u00e7\u00f5es financeiras.<\/p>\n\n\n\n<p>&#8220;Na pr\u00e1tica, os embargos t\u00eam mais impacto para o controle das infra\u00e7\u00f5es ambientais do que as multas&#8221;, afirma Suely Ara\u00fajo, especialista s\u00eanior em pol\u00edticas p\u00fablicas do Observat\u00f3rio do Clima e ex-presidente do Ibama. &#8220;Ao restringir o cr\u00e9dito, os embargos ganham poder dissuas\u00f3rio contra o crime ambiental.&#8221;<\/p>\n\n\n\n<p>Para Elizabeth Eriko Uema, secret\u00e1ria-executiva da Ascema (Associa\u00e7\u00e3o Nacional dos Servidores do Meio Ambiente), a queda no n\u00famero de termos lavrados reflete o&nbsp;<a href=\"https:\/\/www1.folha.uol.com.br\/mercado\/2020\/07\/politica-ambiental-atual-e-estrago-sem-dimensoes-diz-cofundador-da-natura.shtml\">desmonte&nbsp;<\/a>implementado pelo ministro Ricardo Salles (Meio Ambiente).<\/p>\n\n\n\n<p>&#8220;Estamos perto de um apag\u00e3o ambiental. \u00c9 uma briga di\u00e1ria com o governo para tentar conter o desmonte da pol\u00edtica ambiental, [para tentar conter] os ataques \u00e0 legisla\u00e7\u00e3o ambiental&#8221;, afirma.<\/p>\n\n\n\n<p>Segundo Uema, a queda no n\u00famero de termos lavrados no primeiro semestre n\u00e3o pode ser atribu\u00edda integralmente \u00e0 pandemia do novo coronav\u00edrus. O decreto das atividades essenciais foi publicado no fim de mar\u00e7o, com efeito pr\u00e1tico a partir de abril.<\/p>\n\n\n\n<p>&#8220;No primeiro semestre, a gente j\u00e1 denunciava a queda das opera\u00e7\u00f5es do Ibama. Grupos de fiscais n\u00e3o podiam ir a campo&#8221;, diz Uema.<\/p>\n\n\n\n<p>&#8220;H\u00e1 toda uma press\u00e3o para que os fiscais n\u00e3o apliquem multas, h\u00e1 toda uma lei de morda\u00e7a, para que n\u00e3o se fale. Cada vez mais as press\u00f5es para a n\u00e3o atua\u00e7\u00e3o do Ibama tem se intensificado de uma forma r\u00e1pida.&#8221;<\/p>\n\n\n\n<figure><iframe loading=\"lazy\" src=\"https:\/\/arte.folha.uol.com.br\/graficos\/3nwws\/?initialWidth=1&amp;childId=infographic-1&amp;parentTitle=San%C3%A7%C3%B5es%20impostas%20pelo%20Ibama%20caem%2060%25%20em%20um%20ano%2C%20e%20especialistas%20alertam%20para%20apag%C3%A3o%20ambiental%20-%2012%2F07%2F2020%20-%20Ambiente%20-%20Folha&amp;parentUrl=https%3A%2F%2Fwww1.folha.uol.com.br%2Fambiente%2F2020%2F07%2Fsancoes-impostas-pelo-ibama-caem-60-em-um-ano-e-especialistas-alertam-para-apagao-ambiental.shtml\" width=\"100%\" height=\"454px\"><\/iframe><\/figure>\n\n\n\n<p>Essa press\u00e3o foi relatada pelo ex-coordenador-geral de Fiscaliza\u00e7\u00e3o Ambiental do Ibama Ren\u00ea Luiz de Oliveira em depoimento ao MPF (Minist\u00e9rio P\u00fablico Federal).<\/p>\n\n\n\n<p>Ele e seu colega Hugo Ferreira foram exonerados do \u00f3rg\u00e3o em abril ap\u00f3s uma megaopera\u00e7\u00e3o para fechar&nbsp;<a href=\"https:\/\/www1.folha.uol.com.br\/ambiente\/2020\/07\/justica-determina-retirada-de-garimpeiros-de-territorio-ianomami.shtml\">garimpos ilegais<\/a>&nbsp;e proteger aldeias ind\u00edgenas no Par\u00e1.<\/p>\n\n\n\n<p>Oliveira afirmou que declara\u00e7\u00f5es de autoridades criaram uma &#8220;<a href=\"https:\/\/www1.folha.uol.com.br\/ambiente\/2020\/07\/ex-coordenador-do-ibama-diz-a-procuradoria-que-politicos-criaram-forca-contra-o-orgao-ambiental.shtml\">for\u00e7a antag\u00f4nica<\/a>&#8221; que provocou medo de retalia\u00e7\u00f5es e insatisfa\u00e7\u00e3o entre os servidores do Ibama.<\/p>\n\n\n\n<p>Bolsonaro \u00e9 um dos cr\u00edticos ao \u00f3rg\u00e3o ambiental e ao que considera &#8220;ind\u00fastria da multa&#8221; do Ibama \u2014ele foi multado pelo \u00f3rg\u00e3o por pesca irregular em 2012. Salles endossou as declara\u00e7\u00f5es do presidente, assim como outros membros do governo.<\/p>\n\n\n\n<p>N\u00e3o s\u00e3o somente os embargos que sofreram redu\u00e7\u00e3o sob Bolsonaro e Salles. Em 2019, foi registrado o menor n\u00famero de infra\u00e7\u00f5es ambientais aplicadas em 24 anos,\u00a0<a href=\"https:\/\/www1.folha.uol.com.br\/ambiente\/2020\/03\/sob-bolsonaro-multas-ambientais-caem-34-para-menor-nivel-em-24-anos.shtml\">como mostrou a\u00a0<strong>Folha\u00a0<\/strong>em reportagem de mar\u00e7o<\/a>. Ao mesmo tempo, o desmatamento no ano crescia, ao ponto de bater o recorde da d\u00e9cada, com mais de 10.000 km\u00b2 destru\u00eddos.<\/p>\n\n\n\n<p>As quedas em medidas punitivas ocorre em meio a uma crise na gest\u00e3o do Ibama que culminou na troca do dirigentes da fiscaliza\u00e7\u00e3o.<\/p>\n\n\n\n<p>Em abril, Olivaldi Azevedo, diretor de Prote\u00e7\u00e3o Ambiental, foi exonerado em decorr\u00eancia da mesma opera\u00e7\u00e3o contra garimpeiros.<\/p>\n\n\n\n<p>Em junho, o desmatamento na Amaz\u00f4nia teve o 14\u00ba m\u00eas seguido de alta e atingiu o maior patamar desde 2016, segundo dados do Deter, programa do Inpe (Instituto Nacional de Pesquisas Espaciais).<\/p>\n\n\n\n<p>Por causa do que considera uma desestrutura\u00e7\u00e3o da pol\u00edtica ambiental, o MPF entrou, na segunda-feira (6), com uma a\u00e7\u00e3o de improbidade administrativa contra Salles. Foi pedido \u00e0 Justi\u00e7a Federal o&nbsp;<a href=\"https:\/\/www1.folha.uol.com.br\/cotidiano\/2020\/07\/mpf-pede-afastamento-de-ricardo-salles-do-cargo-de-ministro-do-meio-ambiente.shtml\">afastamento do ministro<\/a>.<\/p>\n\n\n\n<p>Paralelamente, um grupo de congressistas pressiona para que Salles seja substitu\u00eddo na pasta.<\/p>\n\n\n\n<p>Na sexta-feira (10), o deputado Elias Vaz (PSB-GO) solicitou uma audi\u00eancia com o procurador-geral da Rep\u00fablica, Augusto Aras, para apresentar dados que mostram a queda do n\u00famero de embargos e multas na gest\u00e3o de Salles.<\/p>\n\n\n\n<p>&#8220;Ele [Salles] coloca em andamento a desconstru\u00e7\u00e3o do instrumento de controle da gest\u00e3o ambiental. A cada m\u00eas que ele passa \u00e0 frente do minist\u00e9rio, o preju\u00edzo fica muito claro&#8221;, afirma Vaz.<\/p>\n\n\n\n<p>&#8220;Salles est\u00e1 no minist\u00e9rio para implementar uma pol\u00edtica contra o meio ambiente e tem prejudicado a&nbsp;<a href=\"https:\/\/www1.folha.uol.com.br\/mercado\/2020\/07\/empresarios-do-agronegocio-aumentam-pressao-por-demissao-de-salles-mas-bolsonaro-resiste.shtml\">imagem do agroneg\u00f3cio brasileiro<\/a>no mundo.&#8221;<\/p>\n\n\n\n<p>Outro foco de cr\u00edticas dentro do Ibama \u00e9 a opera\u00e7\u00e3o de GLO (Garantia da Lei e da Ordem) decretada em maio na Amaz\u00f4nia \u2014a medida foi prorrogada at\u00e9 novembro pelo governo nesta sexta.<\/p>\n\n\n\n<p>Segundo funcion\u00e1rios do Ibama, em vez de melhorar a fiscaliza\u00e7\u00e3o, a GLO tem poucos resultados pr\u00e1ticos. Isso porque os militares passaram a coordenar os trabalhos de fiscaliza\u00e7\u00e3o da Amaz\u00f4nia, mas desconsideram o planejamento do \u00f3rg\u00e3o ambiental.<\/p>\n\n\n\n<p>&#8220;O Ex\u00e9rcito monta uma grande opera\u00e7\u00e3o na Amaz\u00f4nia, mas n\u00e3o ouve os \u00f3rg\u00e3os ambientais, que sabem onde os crimes est\u00e3o ocorrendo&#8221;, diz Uema. &#8220;O Ex\u00e9rcito entende de todas as outras coisas, mas de meio ambiente, n\u00e3o.&#8221;<\/p>\n\n\n\n<h3 class=\"wp-block-heading\">COMUNICA\u00c7\u00c3O<\/h3>\n\n\n\n<p>N\u00e3o \u00e9 a primeira vez que a reportagem da&nbsp;<strong>Folha&nbsp;<\/strong>tem problemas para conseguir uma resposta direta e correta do Minist\u00e9rio do Meio Ambiente.<\/p>\n\n\n\n<p>Em mar\u00e7o, enquanto a reportagem apurava&nbsp;<a href=\"https:\/\/www1.folha.uol.com.br\/ambiente\/2020\/03\/sob-bolsonaro-multas-ambientais-caem-34-para-menor-nivel-em-24-anos.shtml\">as multas aplicadas no ano anterior<\/a>, houve tentativas de contato por email para a verifica\u00e7\u00e3o dos dados que viriam a ser publicados e tamb\u00e9m questionamentos sobre o problema,<a href=\"https:\/\/www1.folha.uol.com.br\/ambiente\/2020\/01\/pane-no-ibama-impede-armazenamento-de-ao-menos-3000-multas.shtml\">&nbsp;reportado anteriormente pela&nbsp;<strong>Folha<\/strong><\/a>, de registro de multas no sistema de acesso p\u00fablico do Ibama.<\/p>\n\n\n\n<p>O minist\u00e9rio, mesmo ap\u00f3s insist\u00eancia da reportagem, n\u00e3o enviou resposta esclarecendo se a falha tinha sido corrigida ou n\u00e3o, e tamb\u00e9m n\u00e3o questionou os dados citados pela&nbsp;<strong>Folha<\/strong>&nbsp;no email.<\/p>\n\n\n\n<p>Pouco depois da publica\u00e7\u00e3o da reportagem, a pasta enviou \u00e0 Reuters dados diferentes \u2014mas que n\u00e3o alteravam o cerne da mat\u00e9ria,&nbsp;<a href=\"https:\/\/www1.folha.uol.com.br\/ambiente\/2020\/03\/sob-bolsonaro-multas-ambientais-caem-34-para-menor-nivel-em-24-anos.shtml\">o menor n\u00famero de multas ambientais em 24 anos<\/a>\u2014 dos que estavam dispon\u00edveis na consulta p\u00fablica.<\/p>\n\n\n\n<p>Durante o primeiro ano da gest\u00e3o Salles, a dificuldade de conseguir informa\u00e7\u00f5es com o minist\u00e9rio foi constante. Dados oriundos da Lei de Acesso \u00e0 Informa\u00e7\u00e3o mostram que, entre janeiro e o fim de setembro de 2019, quase 80% dos pedidos da imprensa (recebidos no email da pasta) por informa\u00e7\u00f5es n\u00e3o foram respondidos.<\/p>\n","protected":false},"excerpt":{"rendered":"<p>Servidores do \u00f3rg\u00e3o relatam &#8216;lei da morda\u00e7a&#8217; e press\u00e3o para que n\u00e3o atuem.<\/p>\n","protected":false},"author":1,"featured_media":0,"comment_status":"closed","ping_status":"open","sticky":false,"template":"","format":"standard","meta":{"_exactmetrics_skip_tracking":false,"_exactmetrics_sitenote_active":false,"_exactmetrics_sitenote_note":"","_exactmetrics_sitenote_category":0,"jetpack_post_was_ever_published":false,"_jetpack_newsletter_access":"","_jetpack_dont_email_post_to_subs":false,"_jetpack_newsletter_tier_id":0,"_jetpack_memberships_contains_paywalled_content":false,"_jetpack_memberships_contains_paid_content":false,"footnotes":"","jetpack_publicize_message":"","jetpack_publicize_feature_enabled":true,"jetpack_social_post_already_shared":true,"jetpack_social_options":{"image_generator_settings":{"template":"highway","enabled":false},"version":2}},"categories":[1],"tags":[],"class_list":["post-29139","post","type-post","status-publish","format-standard","hentry","category-notas"],"jetpack_publicize_connections":[],"jetpack_sharing_enabled":true,"jetpack_featured_media_url":"","jetpack_shortlink":"https:\/\/wp.me\/p7wKYW-7zZ","jetpack-related-posts":[],"_links":{"self":[{"href":"http:\/\/blogdalucianaoliveira.com.br\/blog\/wp-json\/wp\/v2\/posts\/29139","targetHints":{"allow":["GET"]}}],"collection":[{"href":"http:\/\/blogdalucianaoliveira.com.br\/blog\/wp-json\/wp\/v2\/posts"}],"about":[{"href":"http:\/\/blogdalucianaoliveira.com.br\/blog\/wp-json\/wp\/v2\/types\/post"}],"author":[{"embeddable":true,"href":"http:\/\/blogdalucianaoliveira.com.br\/blog\/wp-json\/wp\/v2\/users\/1"}],"replies":[{"embeddable":true,"href":"http:\/\/blogdalucianaoliveira.com.br\/blog\/wp-json\/wp\/v2\/comments?post=29139"}],"version-history":[{"count":1,"href":"http:\/\/blogdalucianaoliveira.com.br\/blog\/wp-json\/wp\/v2\/posts\/29139\/revisions"}],"predecessor-version":[{"id":29141,"href":"http:\/\/blogdalucianaoliveira.com.br\/blog\/wp-json\/wp\/v2\/posts\/29139\/revisions\/29141"}],"wp:attachment":[{"href":"http:\/\/blogdalucianaoliveira.com.br\/blog\/wp-json\/wp\/v2\/media?parent=29139"}],"wp:term":[{"taxonomy":"category","embeddable":true,"href":"http:\/\/blogdalucianaoliveira.com.br\/blog\/wp-json\/wp\/v2\/categories?post=29139"},{"taxonomy":"post_tag","embeddable":true,"href":"http:\/\/blogdalucianaoliveira.com.br\/blog\/wp-json\/wp\/v2\/tags?post=29139"}],"curies":[{"name":"wp","href":"https:\/\/api.w.org\/{rel}","templated":true}]}}