{"id":29142,"date":"2020-07-12T20:07:39","date_gmt":"2020-07-13T00:07:39","guid":{"rendered":"http:\/\/blogdalucianaoliveira.com.br\/blog\/?p=29142"},"modified":"2020-07-12T20:07:47","modified_gmt":"2020-07-13T00:07:47","slug":"medica-que-defende-hidroxicloroquina-e-afastada-do-hospital-albert-einstein","status":"publish","type":"post","link":"http:\/\/blogdalucianaoliveira.com.br\/blog\/2020\/07\/12\/medica-que-defende-hidroxicloroquina-e-afastada-do-hospital-albert-einstein\/","title":{"rendered":"M\u00e9dica que defende hidroxicloroquina \u00e9 afastada do Hospital Albert Einstein"},"content":{"rendered":"\n<figure class=\"wp-block-image size-large\"><img data-recalc-dims=\"1\" loading=\"lazy\" decoding=\"async\" width=\"300\" height=\"180\" data-attachment-id=\"29143\" data-permalink=\"http:\/\/blogdalucianaoliveira.com.br\/blog\/2020\/07\/12\/medica-que-defende-hidroxicloroquina-e-afastada-do-hospital-albert-einstein\/image-23-8\/\" data-orig-file=\"https:\/\/i0.wp.com\/blogdalucianaoliveira.com.br\/blog\/wp-content\/uploads\/2020\/07\/image-23.jpeg?fit=300%2C180\" data-orig-size=\"300,180\" data-comments-opened=\"0\" data-image-meta=\"{&quot;aperture&quot;:&quot;0&quot;,&quot;credit&quot;:&quot;&quot;,&quot;camera&quot;:&quot;&quot;,&quot;caption&quot;:&quot;&quot;,&quot;created_timestamp&quot;:&quot;0&quot;,&quot;copyright&quot;:&quot;&quot;,&quot;focal_length&quot;:&quot;0&quot;,&quot;iso&quot;:&quot;0&quot;,&quot;shutter_speed&quot;:&quot;0&quot;,&quot;title&quot;:&quot;&quot;,&quot;orientation&quot;:&quot;0&quot;}\" data-image-title=\"image-23\" data-image-description=\"\" data-image-caption=\"\" data-medium-file=\"https:\/\/i0.wp.com\/blogdalucianaoliveira.com.br\/blog\/wp-content\/uploads\/2020\/07\/image-23.jpeg?fit=300%2C180\" data-large-file=\"https:\/\/i0.wp.com\/blogdalucianaoliveira.com.br\/blog\/wp-content\/uploads\/2020\/07\/image-23.jpeg?fit=300%2C180\" src=\"https:\/\/i0.wp.com\/blogdalucianaoliveira.com.br\/blog\/wp-content\/uploads\/2020\/07\/image-23.jpeg?resize=300%2C180\" alt=\"\" class=\"wp-image-29143\"\/><\/figure>\n\n\n\n<h4 class=\"wp-block-heading\">Nise Yamaguchi fez declara\u00e7\u00e3o controversa sobre o nazismo; m\u00e9dica afirmou que houve interpreta\u00e7\u00e3o err\u00f4nea<\/h4>\n\n\n\n<!--more-->\n\n\n\n<p>Carta Capital <\/p>\n\n\n\n<p>Defensora do uso da hidroxicloroquina contra a covid-19, a m\u00e9dica Nise Yamaguchi foi afastada de suas fun\u00e7\u00f5es no Hospital Israelita Albert Einstein, em S\u00e3o Paulo. O hospital alegou que ela foi infeliz em uma analogia entre a pandemia do novo coronav\u00edrus e o nazismo.<\/p>\n\n\n\n<p>A oncologista e imunologista comparou o p\u00e2nico com a prolifera\u00e7\u00e3o da doen\u00e7a ao medo que a \u201cmassa de rebanho de judeus famintos\u201d teria em rela\u00e7\u00e3o a militares nazistas. A declara\u00e7\u00e3o ocorreu em entrevista ao programa\u00a0<em>Impress\u00f5es<\/em>, da emissora estatal\u00a0<em>TV Brasil<\/em>, em edi\u00e7\u00e3o exibida em 5 de julho.<\/p>\n\n\n\n<p>\u201cO medo \u00e9 prejudicial para tudo. Em primeiro lugar, te paralisa, te deixa massa de manobra. Qualquer pessoa\u2026 Voc\u00ea pega\u2026 Voc\u00ea acha que alguns poucos militares nazistas conseguiriam controlar aquela massa de rebanho de judeus famintos, se n\u00e3o os submetessem diariamente a humilha\u00e7\u00f5es, humilha\u00e7\u00f5es e humilha\u00e7\u00f5es, tirando deles todas as iniciativas? Quando voc\u00ea tem medo, voc\u00ea fica submisso a cita\u00e7\u00f5es terr\u00edveis\u201d, afirmou.<\/p>\n\n\n\n<p>Em nota, o Hospital Albert Einstein disse que \u201crespeita a autonomia\u201d do exerc\u00edcio profissional de todos os m\u00e9dicos, mas chamou a declara\u00e7\u00e3o de Nise de \u201cins\u00f3lita\u201d, \u201cinfeliz\u201d e \u201cinfundada\u201d.<\/p>\n\n\n\n<p>\u201cTrata-se, contudo, de hospital israelita e a Dra. Nise Yamagushi, em entrevista recente, estabeleceu analogia infeliz e infundada entre o p\u00e2nico provocado pela pandemia e a postura de v\u00edtimas do holocausto\u201d, escreveu a empresa. \u201cComo se trata de manifesta\u00e7\u00e3o ins\u00f3lita, o hospital houve por bem averiguar se houve mero desprop\u00f3sito destitu\u00eddo de intuito ofensivo ou manifesta\u00e7\u00e3o de desapre\u00e7o motivada por algum conflito. Durante essa averigua\u00e7\u00e3o, que deve ser breve, o hospital n\u00e3o esperava que o fato viesse a p\u00fablico.\u201d<\/p>\n\n\n\n<p>A suspens\u00e3o foi confirmada pela m\u00e9dica \u00e0 emissora&nbsp;<em>SBT<\/em>. Ela afirmou que recebeu um telefonema do diretor cl\u00ednico, por quem foi comunicada de que n\u00e3o poderia mais prescrever, nem atender pacientes pela empresa.<\/p>\n\n\n\n<p>A profissional atribuiu o afastamento \u00e0 sua defesa \u00e0 hidroxicloroquina como a cura da covid-19. A subst\u00e2ncia n\u00e3o tem efic\u00e1cia comprovada cientificamente contra o v\u00edrus, segundo informa a Organiza\u00e7\u00e3o Mundial da Sa\u00fade (OMS). Apesar disso, o presidente Jair Bolsonaro faz campanha ativa em favor do uso do medicamento nas fases iniciais da doen\u00e7a.<\/p>\n\n\n\n<p>\u201cEles acreditam que minha fala sempre em prol da hidroxicloroquina, que eles consideram que n\u00e3o tenha fundo cient\u00edfica, denigre o hospital. Porque todo mundo relaciona a minha presen\u00e7a ao hospital. E eu sempre tenho colocado que eu n\u00e3o falo pelo hospital. Eu estou l\u00e1 atendendo os meus pacientes, eu fa\u00e7o parte da oncologia, da imunologia, e eu fa\u00e7o a defesa da hidroxicloroquina porque eu tenho a certeza de que ela cura os pacientes nas fases iniciais\u201d, declarou.<\/p>\n\n\n\n<p>Nise disse ainda que sua posi\u00e7\u00e3o em rela\u00e7\u00e3o ao rem\u00e9dio \u00e9 compartilhada por parcela \u201csilenciosa\u201d da comunidade m\u00e9dica.<\/p>\n\n\n\n<p>\u201cEu insistindo que esse rem\u00e9dio pode curar pessoas, eu estaria indo na contram\u00e3o daquilo que o hospital, com os seus m\u00e9dicos, com o seu corpo cient\u00edfico, decidiu\u201d, disse. \u201cEu n\u00e3o acredito que a comunidade inteira pensa assim. Eu acho que a gente tem uma grande maioria silenciosa. Porque a maioria dos m\u00e9dicos, que inclusive \u00e9 contra, tomou quando ficou doente.\u201d<\/p>\n\n\n\n<p>Sobre a entrevista \u00e0&nbsp;<em>TV Brasil<\/em>, a m\u00e9dica disse que houve \u201cmal-entendido\u201d.<\/p>\n\n\n\n<p>\u201cEles se referiram tamb\u00e9m a uma fala que eu teria dito, na semana passada, que foi interpretada de uma forma err\u00f4nea. Eu falei que existia uma cita\u00e7\u00e3o muito grave no mundo com o p\u00e2nico que foi instalado, com o medo que levava as pessoas a ficarem ref\u00e9ns dos seus algozes\u201d, argumentou. \u201c\u00c9 o medo de ficar doente. Porque todo mundo fala que n\u00e3o tem cura, que n\u00e3o tem tratamento, que voc\u00ea vai morrer. Toda noite, tem uma s\u00e9rie de campanhas para a pessoa ficar cada vez mais amedrontada e achar que vai entrar no aparelho de respira\u00e7\u00e3o imediatamente. E eu estou dizendo para o p\u00fablico que existe tratamento sim\u201d, afirmou ela.<\/p>\n\n\n\n<p>Em nota p\u00fablica \u00e0 imprensa, Nise Yamaguchi pediu desculpas e manifestou solidariedade ao sofrimento dos judeus no Holocausto.<\/p>\n\n\n\n<figure class=\"wp-block-embed-twitter wp-block-embed is-type-rich is-provider-twitter\"><div class=\"wp-block-embed__wrapper\">\n<blockquote class=\"twitter-tweet\" data-width=\"550\" data-dnt=\"true\"><p lang=\"pt\" dir=\"ltr\">Nise sobre a <a href=\"https:\/\/twitter.com\/hashtag\/covid19?src=hash&amp;ref_src=twsrc%5Etfw\">#covid19<\/a><br>&quot;Vamos pra frente. Vamos salvar todo mundo. (&#8230;) Criar um clima tamb\u00e9m de otimismo, de crescimento, a gente pode&#8230; TEM CURA! Toda mat\u00e9ria de jornal diz &#39;esse \u00e9 uma doen\u00e7a que n\u00e3o tem cura. TEM CURA!&quot;<a href=\"https:\/\/twitter.com\/oatila?ref_src=twsrc%5Etfw\">@oatila<\/a> <a href=\"https:\/\/twitter.com\/dadourado?ref_src=twsrc%5Etfw\">@dadourado<\/a> <a href=\"https:\/\/twitter.com\/marivarella?ref_src=twsrc%5Etfw\">@marivarella<\/a> <a href=\"https:\/\/twitter.com\/medicina_cfm?ref_src=twsrc%5Etfw\">@Medicina_CFM<\/a> <br>Parte 5 <a href=\"https:\/\/t.co\/bQkQNScF2g\">pic.twitter.com\/bQkQNScF2g<\/a><\/p>&mdash; Mosca TDAH (@MoscaNaOrelha) <a href=\"https:\/\/twitter.com\/MoscaNaOrelha\/status\/1280991376637857792?ref_src=twsrc%5Etfw\">July 8, 2020<\/a><\/blockquote><script async src=\"https:\/\/platform.twitter.com\/widgets.js\" charset=\"utf-8\"><\/script>\n<\/div><\/figure>\n\n\n\n<p>Confira a seguir, na \u00edntegra, a nota divulgada pelo Hospital Albert Einstein.<\/p>\n\n\n\n<p><em>\u201cCom rela\u00e7\u00e3o a declara\u00e7\u00f5es prestadas pela Dra. Nise Yamagushi, o Hospital Israelita Albert Einstein tem a esclarecer o seguinte:<\/em><\/p>\n\n\n\n<p><em>1. O hospital respeita a autonomia inerente ao exerc\u00edcio profissional de todos os m\u00e9dicos, jamais permitindo restri\u00e7\u00f5es ou imposi\u00e7\u00f5es que possam impedir a sua liberdade ou possam prejudicar a efici\u00eancia e a corre\u00e7\u00e3o de seu trabalho.<\/em><\/p>\n\n\n\n<p><em>2. A Dra. Nise Yamagushi faz parte do corpo cl\u00ednico do Hospital, sendo admiss\u00edvel que perfilhe entendimento pr\u00f3prio com rela\u00e7\u00e3o ao atendimento de seus pacientes ou \u00e0 sua postura em face da pandemia ora combatida, desde que observe as regras relacionadas ao uso da sua condi\u00e7\u00e3o de integrante do Corpo Cl\u00ednico em sua comunica\u00e7\u00e3o.<\/em><\/p>\n\n\n\n<p><em>3. Trata-se, contudo, de hospital israelita e a Dra. Nise Yamagushi, em entrevista recente, estabeleceu analogia infeliz e infundada entre o p\u00e2nico provocado pela pandemia e a postura de v\u00edtimas do holocausto ao declarar que \u201cvoc\u00ea acha que alguns poucos militares nazistas conseguiriam controlar aquela MASSA DE REBANHO de judeus famintos se n\u00e3o os submetessem diariamente a humilha\u00e7\u00f5es, humilha\u00e7\u00f5es, humilha\u00e7\u00f5es\u2026\u201d.<\/em><\/p>\n\n\n\n<p><em>4. Como se trata de manifesta\u00e7\u00e3o ins\u00f3lita, o hospital houve por bem averiguar se houve mero desprop\u00f3sito destitu\u00eddo de intuito ofensivo ou manifesta\u00e7\u00e3o de desapre\u00e7o motivada por algum conflito. Durante essa averigua\u00e7\u00e3o, que deve ser breve, o hospital n\u00e3o esperava que o fato viesse a p\u00fablico.<\/em><\/p>\n\n\n\n<p><em>A expectativa do hospital \u00e9 a de que o incidente tenha a melhor e mais c\u00e9lere resolu\u00e7\u00e3o, de modo a arredar d\u00favidas e remover desconfortos.\u201d<\/em><\/p>\n\n\n\n<p>Confira a nota p\u00fablica de Nise Yamaguchi.<\/p>\n\n\n\n<p><em>\u201cDra. NISE YAMGUCHI, por meio de sua assessoria jur\u00eddica, manifesta este esclarecimento.<\/em><\/p>\n\n\n\n<p><em>NOTA P\u00daBLICA \u00c0 IMPRENSA:<\/em><\/p>\n\n\n\n<p><em>Vem agradecer as in\u00fameras manifesta\u00e7\u00f5es de apoio e solidariedade de todos aqueles que compreendem a import\u00e2ncia da discuss\u00e3o da Hidroxicloroquina em tratamento precoce do COVID \u2013 19, tendo exercido esse mister conjuntamente com o Doutor Vladimir Zelenko da Comunidade Chassidica de Nova York pela utiliza\u00e7\u00e3o de seu protocolo no Mundo.<\/em><\/p>\n\n\n\n<p><em>T\u00eam orgulho de ser membro do Corpo Cl\u00ednico do Hospital Israelita Albert Einstein por mais de 30 (trinta) anos, possibilitando ajudar e atender in\u00fameros pacientes.<\/em><\/p>\n\n\n\n<p><em>Agradece de forma especial todo o apoio por cartas, e-mails e liga\u00e7\u00f5es de diversos membros da Comunidade Judaica, que compreenderam que jamais seria ela anti-semita, j\u00e1 que foi ela a maior apoiadora do processo de convers\u00e3o da sua irm\u00e3 para o Juda\u00edsmo (Greice Naomi Yamaguchi).<\/em><\/p>\n\n\n\n<p><em>Homenageia os brilhantes cientistas judeus na pessoa do seu mentor, o Professor Doutor Reuben Lotan (Z\u201dL) do M.D. Anderson Cancer Center e previamente do Instituto Weizmann de Israel, que muito a apoiou na sua tese de doutorado na Universidade de S\u00e3o Paulo.<\/em><\/p>\n\n\n\n<p><em>Por tudo aqui j\u00e1 relatado, \u00e9 cristalino o entendimento de que nunca foi ela antisemita, ao contr\u00e1rio, expressa verdadeira e irrestrita admira\u00e7\u00e3o ao conhecimento e toda a contribui\u00e7\u00e3o que o povo judeu deu ao planeta, quer por suas percep\u00e7\u00f5es cientificas, quer&nbsp;<\/em><em>pela sua conviv\u00eancia mais \u00edntima.<\/em><\/p>\n\n\n\n<p><em>Por fim, manifesta o pedido de desculpas por express\u00f5es outras e interpreta\u00e7\u00f5es err\u00f4neas sobre assuntos sens\u00edveis ao grande sofrimento judaico que envolveram seu nome, pois \u00e9 solid\u00e1ria \u00e0 dor dessa ilustre comunidade como a maior das atrocidades de&nbsp;<\/em><em>nossa hist\u00f3ria ocidental.<\/em><\/p>\n\n\n\n<p><em>Suas palavras, objeto de interpreta\u00e7\u00f5es n\u00e3o condizentes com suas convic\u00e7\u00f5es, foram manifestadas no intuito de expressar a maior dor que ela conhece.\u201d<\/em><\/p>\n","protected":false},"excerpt":{"rendered":"<p>Nise Yamaguchi fez declara\u00e7\u00e3o controversa sobre o nazismo; m\u00e9dica afirmou que houve interpreta\u00e7\u00e3o err\u00f4nea<\/p>\n","protected":false},"author":1,"featured_media":0,"comment_status":"closed","ping_status":"open","sticky":false,"template":"","format":"standard","meta":{"_exactmetrics_skip_tracking":false,"_exactmetrics_sitenote_active":false,"_exactmetrics_sitenote_note":"","_exactmetrics_sitenote_category":0,"jetpack_post_was_ever_published":false,"_jetpack_newsletter_access":"","_jetpack_dont_email_post_to_subs":false,"_jetpack_newsletter_tier_id":0,"_jetpack_memberships_contains_paywalled_content":false,"_jetpack_memberships_contains_paid_content":false,"footnotes":"","jetpack_publicize_message":"","jetpack_publicize_feature_enabled":true,"jetpack_social_post_already_shared":true,"jetpack_social_options":{"image_generator_settings":{"template":"highway","enabled":false},"version":2}},"categories":[1],"tags":[],"class_list":["post-29142","post","type-post","status-publish","format-standard","hentry","category-notas"],"jetpack_publicize_connections":[],"jetpack_sharing_enabled":true,"jetpack_featured_media_url":"","jetpack_shortlink":"https:\/\/wp.me\/p7wKYW-7A2","jetpack-related-posts":[],"_links":{"self":[{"href":"http:\/\/blogdalucianaoliveira.com.br\/blog\/wp-json\/wp\/v2\/posts\/29142","targetHints":{"allow":["GET"]}}],"collection":[{"href":"http:\/\/blogdalucianaoliveira.com.br\/blog\/wp-json\/wp\/v2\/posts"}],"about":[{"href":"http:\/\/blogdalucianaoliveira.com.br\/blog\/wp-json\/wp\/v2\/types\/post"}],"author":[{"embeddable":true,"href":"http:\/\/blogdalucianaoliveira.com.br\/blog\/wp-json\/wp\/v2\/users\/1"}],"replies":[{"embeddable":true,"href":"http:\/\/blogdalucianaoliveira.com.br\/blog\/wp-json\/wp\/v2\/comments?post=29142"}],"version-history":[{"count":1,"href":"http:\/\/blogdalucianaoliveira.com.br\/blog\/wp-json\/wp\/v2\/posts\/29142\/revisions"}],"predecessor-version":[{"id":29144,"href":"http:\/\/blogdalucianaoliveira.com.br\/blog\/wp-json\/wp\/v2\/posts\/29142\/revisions\/29144"}],"wp:attachment":[{"href":"http:\/\/blogdalucianaoliveira.com.br\/blog\/wp-json\/wp\/v2\/media?parent=29142"}],"wp:term":[{"taxonomy":"category","embeddable":true,"href":"http:\/\/blogdalucianaoliveira.com.br\/blog\/wp-json\/wp\/v2\/categories?post=29142"},{"taxonomy":"post_tag","embeddable":true,"href":"http:\/\/blogdalucianaoliveira.com.br\/blog\/wp-json\/wp\/v2\/tags?post=29142"}],"curies":[{"name":"wp","href":"https:\/\/api.w.org\/{rel}","templated":true}]}}