{"id":29145,"date":"2020-07-13T10:29:30","date_gmt":"2020-07-13T14:29:30","guid":{"rendered":"http:\/\/blogdalucianaoliveira.com.br\/blog\/?p=29145"},"modified":"2020-07-13T10:29:40","modified_gmt":"2020-07-13T14:29:40","slug":"imagem-do-brasil-derrete-no-exterior-e-salienta-crise-etica-e-de-falencia-de-gestao-com-bolsonaro","status":"publish","type":"post","link":"http:\/\/blogdalucianaoliveira.com.br\/blog\/2020\/07\/13\/imagem-do-brasil-derrete-no-exterior-e-salienta-crise-etica-e-de-falencia-de-gestao-com-bolsonaro\/","title":{"rendered":"Imagem do Brasil derrete no exterior e salienta \u201ccrise \u00e9tica e de fal\u00eancia de gest\u00e3o\u201d com Bolsonaro"},"content":{"rendered":"\n<figure class=\"wp-block-image\"><img data-recalc-dims=\"1\" decoding=\"async\" src=\"https:\/\/i0.wp.com\/imagens.brasil.elpais.com\/resizer\/SYLlhfucpNYIV_F6cjpk6AegGSI%3D\/1500x0\/cloudfront-eu-central-1.images.arcpublishing.com\/prisa\/OIEGEVSWNVDF7ASUN4FCM4MHFI.jpg?w=600&#038;ssl=1\" alt=\"Grafite com o rosto de Bolsonaro em muro do Rio de Janeiro, em 12 de julho.\"\/><\/figure>\n\n\n\n<p>Estudo aponta que percep\u00e7\u00e3o negativa do pa\u00eds piorou com a leitura de um \u201cGoverno irrespons\u00e1vel\u201d na pandemia e na prote\u00e7\u00e3o \u00e0 Amaz\u00f4nia. Investidores adiam decis\u00f5es de aplica\u00e7\u00f5es no pa\u00eds para 2022 e empres\u00e1rios brasileiros pressionam presidente.<\/p>\n\n\n\n<!--more-->\n\n\n\n<p>No El Pa\u00eds<\/p>\n\n\n\n<p>Helo\u00edsa Mendon\u00e7a<\/p>\n\n\n\n<p> A not\u00edcia de que o<a rel=\"noreferrer noopener\" href=\"https:\/\/brasil.elpais.com\/brasil\/2020-07-07\/bolsonaro-testa-positivo-para-coronavirus-mas-segue-minimizando-riscos-da-doenca-para-jovens.html\" target=\"_blank\">\u00a0presidente Jair Bolsonaro contraiu a covid-19<\/a>\u00a0deu a volta ao mundo, repercutindo nos principais ve\u00edculos internacionais, que ressaltaram o hist\u00f3rico de declara\u00e7\u00f5es negacionistas do presidente brasileiro sobre\u00a0<a rel=\"noreferrer noopener\" href=\"https:\/\/brasil.elpais.com\/noticias\/coronavirus\/a\/\" target=\"_blank\">a pandemia do coronav\u00edrus<\/a>. Desde o in\u00edcio da crise sanit\u00e1ria, a cobertura sobre o comportamento de Bolsonaro, que defende que h\u00e1 um alarmismo sobre a pandemia e que o coronav\u00edrus \u00e9 uma \u201cgripezinha\u201d, tem ganhado mais espa\u00e7o no notici\u00e1rio internacional e acelerado um desgaste da imagem do Brasil no exterior, segundo um estudo da consultoria Curado &amp; associados. <\/p>\n\n\n\n<p> O levantamento, que analisou as publica\u00e7\u00f5es de sete ve\u00edculos internacionais de diferentes linhas editoriais, mostrou que essa percep\u00e7\u00e3o negativa do pa\u00eds piorou do primeiro trimestre para o segundo, e mostra uma \u201ccrise \u00e9tica e de fal\u00eancia de gest\u00e3o\u201d do Governo. O tema da pandemia foi respons\u00e1vel por 68% do total da cobertura negativa no segundo trimestre, seguido pela cobertura\u00a0<a rel=\"noreferrer noopener\" href=\"https:\/\/brasil.elpais.com\/brasil\/2020-04-24\/sergio-moro-acusa-bolsonaro-de-interferencia-politica-na-pf-e-deixa-governo.html\" target=\"_blank\">da demiss\u00e3o do ex-ministro de Justi\u00e7a Sergio Moro (10%)<\/a>\u00a0e da devasta\u00e7\u00e3o da Amaz\u00f4nia (8%). O estudo mostra que a cobertura da gest\u00e3o brasileira da covid-19 pela imprensa internacional cresceu 146% no segundo trimestre. <\/p>\n\n\n\n<p>\u201cA cobertura da crise sanit\u00e1ria agravou a percep\u00e7\u00e3o de um Governo irrespons\u00e1vel, de uma gest\u00e3o sem lideran\u00e7a, cheio de declara\u00e7\u00f5es negacionistas sobre a doen\u00e7a. A not\u00edcia sobre o presidente ter testado positivo para o coronav\u00edrus, por exemplo, teve ampla cobertura pela&nbsp;<a href=\"https:\/\/brasil.elpais.com\/brasil\/2020-07-07\/bolsonaro-ignorou-regras-contra-coronavirus-e-pode-ter-contaminado-ao-menos-76-pessoas.html?rel=listapoyo\" target=\"_blank\" rel=\"noreferrer noopener\">forma desrespeitosa em que ele fez o an\u00fancio<\/a>\u201d, diz Olga Curado s\u00f3cia-fundadora da consultoria. Ap\u00f3s informar que tinha contra\u00eddo a doen\u00e7a durante entrevista coletiva com jornalistas no Pal\u00e1cio da Alvorada, o presidente tirou a m\u00e1scara que usava. O mandat\u00e1rio brasileiro tamb\u00e9m seguiu insistindo que a infec\u00e7\u00e3o pelo novo v\u00edrus s\u00f3 \u00e9 perigosa para idosos e pessoas com doen\u00e7as pr\u00e9vias. Entre os ve\u00edculos pesquisados est\u00e3o o franc\u00eas Le Monde, a revista inglesa The Economist, a alem\u00e3 Der Spiegel e a edi\u00e7\u00e3o espanhola do EL PA\u00cdS.<\/p>\n\n\n\n<h3 class=\"wp-block-heading\">Desgaste por n\u00fameros alarmantes do desmatamento<\/h3>\n\n\n\n<p>A consultora ressalta, no entanto, que, desde o ano passado,&nbsp;<a href=\"https:\/\/brasil.elpais.com\/brasil\/2020-06-05\/entidades-ambientais-fazem-ofensiva-judicial-contra-politicas-do-governo-bolsonaro.html\" target=\"_blank\" rel=\"noreferrer noopener\">as cr\u00edticas sobre as pol\u00edticas ambientais de Bolsonaro<\/a>&nbsp;tamb\u00e9m permeiam bastante o notici\u00e1rio e que v\u00e1rios ve\u00edculos j\u00e1 projetam os impactos econ\u00f4micos das a\u00e7\u00f5es do Governo. Em 23 de junho, por exemplo, tr\u00eas jornais,&nbsp;<em>The Guardian, The New York Times<\/em>&nbsp;e&nbsp;<em>The Washington Pos<\/em>t fizeram reportagens sobre alertas de \u201cinvestidores de trilh\u00f5es de d\u00f3lares\u201d ao Brasil pelas pol\u00edticas de \u201cdesmantelamento\u201d da Amaz\u00f4nia. Naquele dia, institui\u00e7\u00f5es financeiras respons\u00e1veis pela gest\u00e3o de mais de 4 trilh\u00f5es de d\u00f3lares enviaram uma carta ao Governo Bolsonaro avisando sobre o risco de retirada de investimentos no pa\u00eds caso n\u00e3o houvesse uma a\u00e7\u00f5es mais efetivas para controlar o desmatamento. Depois, o empresariado nacional aumentou o coro sobre o tema com um manifesto semelhante assinado por 38 companhias, entre elas pesos pesados como o Banco Ita\u00fa, o maior da Am\u00e9rica Latina, Santander, e empresas ligadas ao agroneg\u00f3cio, como o bra\u00e7o brasileiro da Cargill.<\/p>\n\n\n\n<p>A press\u00e3o dos estrangeiros acendeu um alerta vermelho no Planalto, que marcou uma reuni\u00e3o por videoconfer\u00eancia com representantes dos fundos, na \u00faltima quinta-feira, 9, comandada pelo vice-presidente Hamilton Mour\u00e3o, respons\u00e1vel pelo Conselho Nacional da Amaz\u00f4nia. Na sexta, foi a vez de Mour\u00e3o receber o movimento brasileiro. \u201cEm nenhum momento investidores se comprometeram com investimento, eles querem ver resultados, querem ver a redu\u00e7\u00e3o de desmatamento\u201d, disse Mour\u00e3o, ap\u00f3s o encontro online com investidores. O vice-presidente brasileiro admite a necessidade de combater ilegalidades na Amaz\u00f4nia, mas defende, assim como Bolsonaro, que h\u00e1 um exagero na percep\u00e7\u00e3o sobre destrui\u00e7\u00e3o da regi\u00e3o. \u201cA floresta est\u00e1 em p\u00e9, muitos colocam que a floresta est\u00e1 queimando\u201d, disse. Na mesma sexta-feira, 10, o Instituto Nacional de Pesquisas Espaciais (Inpe)&nbsp;<a href=\"https:\/\/brasil.elpais.com\/brasil\/2020-07-10\/mesmo-com-presenca-de-militares-desmatamento-na-amazonia-cresce-em-junho-e-e-o-maior-em-5-anos.html\" target=\"_blank\" rel=\"noreferrer noopener\">registrou a maior alta de desmatamento para o m\u00eas de junho<\/a>&nbsp;desde 2015, apesar de uma a\u00e7\u00e3o militar, comandada por Mour\u00e3o, ter entrado na Amaz\u00f4nia em maio para combater o desmatamento.<\/p>\n\n\n\n<p>No in\u00edcio do m\u00eas, em discurso na C\u00fapula do Mercosul, o mandat\u00e1rio brasileiro j\u00e1 tinha reclamado de \u201cvis\u00f5es\u201d no exterior que, segundo o seu entendimento,&nbsp;<a href=\"https:\/\/brasil.elpais.com\/economia\/2020-07-02\/bolsonaro-baixa-o-tom-contra-o-mercosul-na-primeira-cupula-virtual-de-lideres.html\" target=\"_blank\" rel=\"noreferrer noopener\">s\u00e3o \u201cdistorcidas\u201d e n\u00e3o refletem o real esfor\u00e7o do Governo<\/a>, sobretudo em temas como a defesa da regi\u00e3o amaz\u00f4nica e o relacionamento com povos ind\u00edgenas. Num esfor\u00e7o para continuar as negocia\u00e7\u00f5es do acordo do bloco com a Uni\u00e3o Europeia, o presidente afirmou que seguir\u00e1 o di\u00e1logo com diferentes interlocutores para desfazer essas opini\u00f5es. Segundo fontes diplom\u00e1ticas europeias consultadas pelo EL PA\u00cdS, se os resultados pr\u00e1ticos de redu\u00e7\u00e3o dos \u00edndices de desmatamento n\u00e3o aparecerem rapidamente, h\u00e1 um risco do acordo entres os blocos n\u00e3o sair do papel.<\/p>\n\n\n\n<h3 class=\"wp-block-heading\">Incerteza pol\u00edtica<\/h3>\n\n\n\n<p>Para al\u00e9m do problema ambiental, a crise pol\u00edtica no pa\u00eds e a agenda econ\u00f4mica diante da pandemia tamb\u00e9m preocupa investidores estrangeiros que, ao fim e ao cabo, paralisam potenciais recursos que poderiam ajudar o Brasil ainda mais neste momento de crise. \u201cH\u00e1 uma forte incerteza pol\u00edtica, sa\u00eddas de ministros, discuss\u00f5es entre o Executivo, Congresso e governadores. H\u00e1 at\u00e9 mesmo uma avalia\u00e7\u00e3o da condu\u00e7\u00e3o de uma crise sanit\u00e1ria como essa. S\u00e3o coisas que os investidores ponderam no momento que decidem se v\u00e3o investir em um pa\u00eds\u201d, diz Martin Castellano, chefe da se\u00e7\u00e3o de Am\u00e9rica Latina do Instituto de Finan\u00e7as Internacionais (IIF, na sigla em ingl\u00eas).<\/p>\n\n\n\n<p>Na avalia\u00e7\u00e3o de Castellano, h\u00e1 ainda muitas d\u00favidas sobre a capacidade que o presidente ter\u00e1 de retomar as pautas reformistas da equipe econ\u00f4mica. \u201cPor conta da pandemia e motivos dom\u00e9sticos, as reformas ficaram de lado e perderam a prioridade. As restri\u00e7\u00f5es para seguir s\u00e3o mais desafiantes que antes\u201d, diz. O pr\u00f3prio pacote de est\u00edmulo para combater os efeitos da crise sanit\u00e1ria, um dos mais ambiciosos da regi\u00e3o, gera incerteza sobre o tamanho do rombo das contas p\u00fablicas e o futuro fiscal do pa\u00eds, alerta Castellano. As primeiras consequ\u00eancias no curto prazo j\u00e1 podem ser constatadas com o aumento da sa\u00edda de capital estrangeiro, principalmente do setor acion\u00e1rio, mas tamb\u00e9m do investimento estrangeiro direto, segundo Castellano. A proje\u00e7\u00e3o da Ag\u00eancia das Na\u00e7\u00f5es Unidas para o Com\u00e9rcio e Desenvolvimento (Unctad) \u00e9 que o o volume de capital estrangeiro para o pa\u00eds s\u00f3 tende a come\u00e7ar uma retomada em 2022, ano eleitoral, e um desafio em dobro para Bolsonaro que sonha com a reelei\u00e7\u00e3o. A forte desvaloriza\u00e7\u00e3o do real frente ao d\u00f3lar nos \u00faltimos meses tamb\u00e9m \u00e9 um ind\u00edcio dessa desconfian\u00e7a crescente em rela\u00e7\u00e3o \u00e0 economia brasileira.<\/p>\n\n\n\n<p>Do ponto de vista diplom\u00e1tico, o desgaste da imagem do Brasil diante da pandemia, que matou mais de 72.000 pessoas no pa\u00eds, j\u00e1 acarretou na perda de representatividade nos f\u00f3runs internacionais. A Organiza\u00e7\u00e3o Mundial da Sa\u00fade (OMS) n\u00e3o convidou Bolsonaro para participar de debate multilateral sobre o enfrentamento \u00e0 crise sanit\u00e1ria. \u201cSempre houve uma tradi\u00e7\u00e3o brasileira, que nem os governos militares conseguiram destruir, de uma diplomacia competente e profissional, de media\u00e7\u00e3o\u201d, explica Javier Vadell, professor de rela\u00e7\u00f5es internacionais da PUC (Pontif\u00edcia Universidade Cat\u00f3lica) de Minas Gerais. Mas, agora, segue Vadell, com&nbsp;<a href=\"https:\/\/brasil.elpais.com\/economia\/2020-03-26\/bolsonaro-espelha-trump-ao-buscar-inimigos-mas-esta-longe-de-oferecer-mesma-resposta-economica-a-pandemia.html\" target=\"_blank\" rel=\"noreferrer noopener\">o alinhamento do Brasil com Donald Trump<\/a>, as gafes do presidente e membros do Governo com l\u00edderes mundiais e toda a atitude negacionista sobre a Amaz\u00f4nia e a pandemia, \u201ca reputa\u00e7\u00e3o do pa\u00eds est\u00e1 no ch\u00e3o\u201d.<\/p>\n\n\n\n<h3 class=\"wp-block-heading\">Mais publicidade para agenda positiva<\/h3>\n\n\n\n<p>Com a imagem do Brasil abalada por sucessivas crises e declara\u00e7\u00f5es, o Governo tenta reverter o quadro apostando em mais gastos em publicidade e rela\u00e7\u00f5es p\u00fablicas para fomentar uma agenda mais positiva do pa\u00eds. A Secretaria de Comunica\u00e7\u00e3o do Governo (Secom) pediu, no in\u00edcio de junho, a libera\u00e7\u00e3o ainda para este ano de 325 milh\u00f5es de reais para publicidade e rela\u00e7\u00f5es p\u00fablicas \u2015 mais que o dobro previsto no or\u00e7amento do in\u00edcio do ano \u2015 e justificou o pedido de amplia\u00e7\u00e3o com o argumento da pandemia. Segundo a&nbsp;<em>Folha de S. Paulo<\/em>, em um dos of\u00edcios da Secom \u00e0 Secretaria-Geral da Presid\u00eancia, se argumenta que a repercuss\u00e3o negativa das a\u00e7\u00f5es do Governo est\u00e1 impactando a imagem do pa\u00eds e \u00e9 necess\u00e1rio incentivar a \u201cveicula\u00e7\u00e3o de pautas positivas\u201d no Brasil e no exterior. H\u00e1 ainda o pedido de libera\u00e7\u00e3o de 60 milh\u00f5es para gastar em ve\u00edculos no exterior. \u201cO Brasil tem sido citado de forma recorrente pelos principais jornais e ag\u00eancias de not\u00edcias internacionais, e cr\u00edticas \u00e0 atua\u00e7\u00e3o do governo no enfrentamento \u00e0 covid-19 t\u00eam sido amplamente divulgadas\u201d, diz o secret\u00e1rio-adjunto Samy Liberman em um dos of\u00edcios encaminhados segundo a&nbsp;<em>Folha de S.Paulo<\/em>. Desde janeiro de 2019, a Secom est\u00e1 sem contrato para os servi\u00e7os de rela\u00e7\u00f5es p\u00fablicas no exterior.<\/p>\n\n\n\n<p>No Brasil, a imagem do presidente tamb\u00e9m sofre abalos. Segundo a pesquisa do Datafolha, feita no final de junho, a rejei\u00e7\u00e3o ao presidente atinge 44% dos brasileiros. A aprova\u00e7\u00e3o \u00e9 de 32%, enquanto os que avaliam Bolsonaro como regular s\u00e3o 23%.<\/p>\n","protected":false},"excerpt":{"rendered":"<p>Estudo aponta que percep\u00e7\u00e3o negativa do pa\u00eds piorou com a leitura de um \u201cGoverno irrespons\u00e1vel\u201d na pandemia e na prote\u00e7\u00e3o \u00e0 Amaz\u00f4nia. Investidores adiam decis\u00f5es de aplica\u00e7\u00f5es no pa\u00eds para 2022 e empres\u00e1rios brasileiros pressionam presidente.<\/p>\n","protected":false},"author":1,"featured_media":0,"comment_status":"closed","ping_status":"open","sticky":false,"template":"","format":"standard","meta":{"_exactmetrics_skip_tracking":false,"_exactmetrics_sitenote_active":false,"_exactmetrics_sitenote_note":"","_exactmetrics_sitenote_category":0,"jetpack_post_was_ever_published":false,"_jetpack_newsletter_access":"","_jetpack_dont_email_post_to_subs":false,"_jetpack_newsletter_tier_id":0,"_jetpack_memberships_contains_paywalled_content":false,"_jetpack_memberships_contains_paid_content":false,"footnotes":"","jetpack_publicize_message":"","jetpack_publicize_feature_enabled":true,"jetpack_social_post_already_shared":true,"jetpack_social_options":{"image_generator_settings":{"template":"highway","enabled":false},"version":2}},"categories":[1],"tags":[],"class_list":["post-29145","post","type-post","status-publish","format-standard","hentry","category-notas"],"jetpack_publicize_connections":[],"jetpack_sharing_enabled":true,"jetpack_featured_media_url":"","jetpack_shortlink":"https:\/\/wp.me\/p7wKYW-7A5","jetpack-related-posts":[],"_links":{"self":[{"href":"http:\/\/blogdalucianaoliveira.com.br\/blog\/wp-json\/wp\/v2\/posts\/29145","targetHints":{"allow":["GET"]}}],"collection":[{"href":"http:\/\/blogdalucianaoliveira.com.br\/blog\/wp-json\/wp\/v2\/posts"}],"about":[{"href":"http:\/\/blogdalucianaoliveira.com.br\/blog\/wp-json\/wp\/v2\/types\/post"}],"author":[{"embeddable":true,"href":"http:\/\/blogdalucianaoliveira.com.br\/blog\/wp-json\/wp\/v2\/users\/1"}],"replies":[{"embeddable":true,"href":"http:\/\/blogdalucianaoliveira.com.br\/blog\/wp-json\/wp\/v2\/comments?post=29145"}],"version-history":[{"count":1,"href":"http:\/\/blogdalucianaoliveira.com.br\/blog\/wp-json\/wp\/v2\/posts\/29145\/revisions"}],"predecessor-version":[{"id":29146,"href":"http:\/\/blogdalucianaoliveira.com.br\/blog\/wp-json\/wp\/v2\/posts\/29145\/revisions\/29146"}],"wp:attachment":[{"href":"http:\/\/blogdalucianaoliveira.com.br\/blog\/wp-json\/wp\/v2\/media?parent=29145"}],"wp:term":[{"taxonomy":"category","embeddable":true,"href":"http:\/\/blogdalucianaoliveira.com.br\/blog\/wp-json\/wp\/v2\/categories?post=29145"},{"taxonomy":"post_tag","embeddable":true,"href":"http:\/\/blogdalucianaoliveira.com.br\/blog\/wp-json\/wp\/v2\/tags?post=29145"}],"curies":[{"name":"wp","href":"https:\/\/api.w.org\/{rel}","templated":true}]}}