{"id":29151,"date":"2020-07-13T13:31:39","date_gmt":"2020-07-13T17:31:39","guid":{"rendered":"http:\/\/blogdalucianaoliveira.com.br\/blog\/?p=29151"},"modified":"2020-07-13T13:31:43","modified_gmt":"2020-07-13T17:31:43","slug":"agronegocio-pode-ter-infectado-400-mil-trabalhadores-no-brasil-por-covid-19","status":"publish","type":"post","link":"http:\/\/blogdalucianaoliveira.com.br\/blog\/2020\/07\/13\/agronegocio-pode-ter-infectado-400-mil-trabalhadores-no-brasil-por-covid-19\/","title":{"rendered":"Agroneg\u00f3cio pode ter infectado 400 mil trabalhadores no Brasil por Covid-19"},"content":{"rendered":"\n<figure class=\"wp-block-image size-large\"><img data-recalc-dims=\"1\" loading=\"lazy\" decoding=\"async\" width=\"600\" height=\"450\" data-attachment-id=\"29152\" data-permalink=\"http:\/\/blogdalucianaoliveira.com.br\/blog\/2020\/07\/13\/agronegocio-pode-ter-infectado-400-mil-trabalhadores-no-brasil-por-covid-19\/image-24-9\/\" data-orig-file=\"https:\/\/i0.wp.com\/blogdalucianaoliveira.com.br\/blog\/wp-content\/uploads\/2020\/07\/image-24.jpeg?fit=700%2C525\" data-orig-size=\"700,525\" data-comments-opened=\"0\" data-image-meta=\"{&quot;aperture&quot;:&quot;0&quot;,&quot;credit&quot;:&quot;&quot;,&quot;camera&quot;:&quot;&quot;,&quot;caption&quot;:&quot;&quot;,&quot;created_timestamp&quot;:&quot;0&quot;,&quot;copyright&quot;:&quot;&quot;,&quot;focal_length&quot;:&quot;0&quot;,&quot;iso&quot;:&quot;0&quot;,&quot;shutter_speed&quot;:&quot;0&quot;,&quot;title&quot;:&quot;&quot;,&quot;orientation&quot;:&quot;0&quot;}\" data-image-title=\"image-24\" data-image-description=\"\" data-image-caption=\"\" data-medium-file=\"https:\/\/i0.wp.com\/blogdalucianaoliveira.com.br\/blog\/wp-content\/uploads\/2020\/07\/image-24.jpeg?fit=300%2C225\" data-large-file=\"https:\/\/i0.wp.com\/blogdalucianaoliveira.com.br\/blog\/wp-content\/uploads\/2020\/07\/image-24.jpeg?fit=600%2C450\" src=\"https:\/\/i0.wp.com\/blogdalucianaoliveira.com.br\/blog\/wp-content\/uploads\/2020\/07\/image-24.jpeg?resize=600%2C450\" alt=\"\" class=\"wp-image-29152\" srcset=\"https:\/\/i0.wp.com\/blogdalucianaoliveira.com.br\/blog\/wp-content\/uploads\/2020\/07\/image-24.jpeg?w=700 700w, https:\/\/i0.wp.com\/blogdalucianaoliveira.com.br\/blog\/wp-content\/uploads\/2020\/07\/image-24.jpeg?resize=300%2C225 300w, https:\/\/i0.wp.com\/blogdalucianaoliveira.com.br\/blog\/wp-content\/uploads\/2020\/07\/image-24.jpeg?resize=400%2C300 400w\" sizes=\"auto, (max-width: 600px) 100vw, 600px\" \/><\/figure>\n\n\n\n<p><em><strong><br>Confedera\u00e7\u00e3o de funcion\u00e1rios da ind\u00fastria da alimenta\u00e7\u00e3o estima pelo menos 200 mil afetados;&nbsp;<\/strong><\/em><strong><em>MPT tem 213 investiga\u00e7\u00f5es abertas por surtos entre funcion\u00e1rios de frigor\u00edficos em 22 estados; para infectologista, muitos se preocupam mais em n\u00e3o contaminar a carne<\/em><\/strong><\/p>\n\n\n\n<!--more-->\n\n\n\n<p>Por\u00a0<strong>Mariana Franco Ramos<\/strong>, no De Olho Nos Ruralistas <\/p>\n\n\n\n<p>Preocupada com a alta incid\u00eancia de Covid-19 nos frigor\u00edficos brasileiros, a auxiliar de produ\u00e7\u00e3o Elena Maria Debastiani, de 48 anos, resolveu deixar o filho, de 11 anos, na casa da irm\u00e3, perto de Nova Ara\u00e7\u00e1, cidade de 4 mil habitantes na serra ga\u00facha. Dois meses depois, no dia 29 de maio, a decis\u00e3o se mostrou acertada. Ela estava entre os 447 funcion\u00e1rios da Agroara\u00e7\u00e1 Ind\u00fastria de Alimentos diagnosticados com o novo coronav\u00edrus. A empresa, especializada na venda de frangos, fez 1.296 testes, ap\u00f3s um surto inicial, com 158 infectados e uma morte.<\/p>\n\n\n\n<figure class=\"wp-block-image\"><a href=\"https:\/\/deolhonosruralistas.com.br\/de-olho-nos-mil-parceiros\/\"><img data-recalc-dims=\"1\" decoding=\"async\" src=\"https:\/\/i0.wp.com\/deolhonosruralistas.com.br\/wp-content\/uploads\/2017\/03\/DEOLHO2017-chamada-meio-texto.png?w=600&#038;ssl=1\" alt=\"\" class=\"wp-image-3364\"\/><\/a><\/figure>\n\n\n\n<div class=\"wp-block-image\"><figure class=\"alignright\"><img data-recalc-dims=\"1\" height=\"91\" width=\"300\" decoding=\"async\" src=\"https:\/\/i0.wp.com\/deolhonosruralistas.com.br\/wp-content\/uploads\/2020\/05\/genocidio-bap-horizontal-300x91.png?resize=300%2C91&#038;ssl=1\" alt=\"\" class=\"wp-image-15350\"\/><\/figure><\/div>\n\n\n\n<p>Na comunidade Ocoy, em S\u00e3o Miguel do Igua\u00e7u, no oeste do Paran\u00e1, os ind\u00edgenas vinham resistindo \u00e0 doen\u00e7a, diante de medidas de prote\u00e7\u00e3o adotadas por eles mesmos. Em 18 de junho, por\u00e9m, um rapaz de 32 anos, funcion\u00e1rio da Lar Cooperativa Agroindustrial, em Matel\u00e2ndia, apresentou os sintomas, como mostrou o De Olho nos Ruralistas: \u201c<a href=\"https:\/\/deolhonosruralistas.com.br\/2020\/06\/18\/guarani-que-trabalha-em-frigorifico-contrai-covid-19-e-e-1o-caso-na-regiao-de-foz-do-iguacu\/\">Guarani que trabalha em frigor\u00edfico contrai Covid-19 e \u00e9 1\u00ba caso na regi\u00e3o de Foz do Igua\u00e7u<\/a>\u201c.<\/p>\n\n\n\n<p>Passados quase vinte dias, o n\u00famero de casos confirmados saltou para 75; um senhor de 105 anos estava em estado grave. Todos os 45 moradores da aldeia que trabalham no abatedouro da Lar se infectaram, expondo as 210 fam\u00edlias \u2014 mais de 900 pessoas \u2014 que vivem no local.<\/p>\n\n\n\n<p>As duas situa\u00e7\u00f5es mostram como o agroneg\u00f3cio ajudou a espalhar o v\u00edrus pelo pa\u00eds, sobretudo em comunidades e munic\u00edpios pequenos. Por determina\u00e7\u00e3o do presidente Jair Bolsonaro, a produ\u00e7\u00e3o, distribui\u00e7\u00e3o, comercializa\u00e7\u00e3o e entrega de alimentos s\u00e3o, desde&nbsp;<a href=\"http:\/\/www.planalto.gov.br\/ccivil_03\/_ato2019-2022\/2020\/decreto\/D10282.htm\">20 de mar\u00e7o<\/a>, consideradas essenciais, n\u00e3o podendo ser interrompidas durante a pandemia. Os n\u00fameros mostram que o setor n\u00e3o se preparou para a chegada da pandemia no Brasil.<\/p>\n\n\n\n<h3 class=\"wp-block-heading\">CONTAMINA\u00c7\u00c3O CHEGA A SUPERAR 50% DOS OPER\u00c1RIOS<\/h3>\n\n\n\n<p>Segundo c\u00e1lculos da Confedera\u00e7\u00e3o Brasileira Democr\u00e1tica dos Trabalhadores nas Ind\u00fastrias da Alimenta\u00e7\u00e3o (Contac), o setor do agroneg\u00f3cio, incluindo frango, su\u00ednos e bovinos, emprega hoje aproximadamente 800 mil pessoas no pa\u00eds. O secret\u00e1rio-geral da entidade, Jos\u00e9 Modelski J\u00fanior, estima que de 25% a 50% delas tenham se infectado em decorr\u00eancia da atividade nas f\u00e1bricas:<\/p>\n\n\n\n<p><em>\u2014 Em alguns lugares as empresas fizeram controle atrav\u00e9s da busca ativa. Quem apresenta algum sintoma \u00e9 afastado e ocorre acompanhamento. A\u00ed a contamina\u00e7\u00e3o \u00e9 menor, entre 25% e 30%. Mas h\u00e1 lugares onde foi feita testagem em massa e deu acima de 50% dos trabalhadores, contando os assintom\u00e1ticos, os que j\u00e1 tiveram e outros com consequ\u00eancias mais graves. Essa \u00e9 a realidade geral.<\/em><\/p>\n\n\n\n<p>Como exemplos, Modelski cita situa\u00e7\u00f5es em Lajeado (RS) \u2014 na BRF e na Minuano \u2014, em Dourados (MS), no oeste catarinense e em Rio Verde (GO). No munic\u00edpio sul-mato-grossense, a 233 quil\u00f4metros de Campo Grande, a primeira confirma\u00e7\u00e3o foi de uma ind\u00edgena de 35 anos, funcion\u00e1ria da JBS Foods Seara, como revelou o observat\u00f3rio em maio: \u201c<a href=\"https:\/\/deolhonosruralistas.com.br\/2020\/05\/19\/contaminacao-em-aldeia-em-dourados-ms-comecou-na-fabrica-da-jbs-diz-cacique\/\">Contamina\u00e7\u00e3o em aldeia em Dourados (MS) come\u00e7ou na f\u00e1brica da JBS, diz cacique<\/a>\u201c.<\/p>\n\n\n\n<p>Em 18 de maio, cinco dias depois do diagn\u00f3stico, j\u00e1 havia 30 casos de Covid-19 entre os povos Kaiow\u00e1 e Guarani da reserva, a mais populosa do Brasil. Os ind\u00edgenas de Dourados enfrentam ainda a falta de acesso a \u00e1gua e saneamento, em uma situa\u00e7\u00e3o de&nbsp;<a href=\"https:\/\/deolhonosruralistas.com.br\/2020\/06\/18\/sem-agua-e-saneamento-indigenas-de-dourados-ms-vivem-o-apartheid-da-covid\/\">apartheid<\/a>.<\/p>\n\n\n\n<p>No caso das ind\u00fastrias, a Contac prop\u00f4s a redu\u00e7\u00e3o em 50% no n\u00famero de empregados por turno, aumentando a quantidade de turnos, se necess\u00e1rio. Conforme Modelski, contudo, mesmo aquelas que mant\u00eam di\u00e1logo com a confedera\u00e7\u00e3o, que \u00e9 ligada \u00e0 Central \u00danica dos Trabalhadores (CUT), n\u00e3o atenderam \u00e0 recomenda\u00e7\u00e3o:<\/p>\n\n\n\n<p><em>\u2014 Falam que, com isso, haveria redu\u00e7\u00e3o tamb\u00e9m na produ\u00e7\u00e3o. Nossa inten\u00e7\u00e3o n\u00e3o \u00e9 interditar frigor\u00edfico, nem causar desabastecimento numa hora dessas. \u00c9 proteger a sa\u00fade dos trabalhadores. Nos frigor\u00edficos o trabalho \u00e9 ombro a ombro. Essa \u00e9 a principal causa da contamina\u00e7\u00e3o.<\/em><\/p>\n\n\n\n<figure class=\"wp-block-image\"><img data-recalc-dims=\"1\" height=\"400\" width=\"600\" decoding=\"async\" data-attachment-id=\"16120\" data-permalink=\"http:\/\/blogdalucianaoliveira.com.br\/blog\/2018\/01\/15\/porto-velho-tera-20-dias-de-agenda-carnavalesca\/age\/\" data-orig-file=\"https:\/\/i0.wp.com\/blogdalucianaoliveira.com.br\/blog\/wp-content\/uploads\/2018\/01\/age.jpg?fit=778%2C960\" data-orig-size=\"778,960\" data-comments-opened=\"0\" data-image-meta=\"{&quot;aperture&quot;:&quot;0&quot;,&quot;credit&quot;:&quot;&quot;,&quot;camera&quot;:&quot;&quot;,&quot;caption&quot;:&quot;&quot;,&quot;created_timestamp&quot;:&quot;0&quot;,&quot;copyright&quot;:&quot;&quot;,&quot;focal_length&quot;:&quot;0&quot;,&quot;iso&quot;:&quot;0&quot;,&quot;shutter_speed&quot;:&quot;0&quot;,&quot;title&quot;:&quot;&quot;,&quot;orientation&quot;:&quot;0&quot;}\" data-image-title=\"age\" data-image-description=\"\" data-image-caption=\"\" data-medium-file=\"https:\/\/i0.wp.com\/blogdalucianaoliveira.com.br\/blog\/wp-content\/uploads\/2018\/01\/age.jpg?fit=243%2C300\" data-large-file=\"https:\/\/i0.wp.com\/blogdalucianaoliveira.com.br\/blog\/wp-content\/uploads\/2018\/01\/age.jpg?fit=600%2C740\" src=\"https:\/\/i0.wp.com\/deolhonosruralistas.com.br\/wp-content\/uploads\/2020\/07\/cf652e72-115f-43ec-909b-3a37f9018f91-1024x682.jpeg?resize=600%2C400&#038;ssl=1\" alt=\"\" class=\"wp-image-16120\"\/><figcaption>MPT j\u00e1 pediu fechamento de 11 plantas, onde situa\u00e7\u00e3o era \u201cgrav\u00edssima\u201d (Foto: Divulga\u00e7\u00e3o\/MPT)<\/figcaption><\/figure>\n\n\n\n<h3 class=\"wp-block-heading\">INTERDI\u00c7\u00c3O DOS MATADOUROS S\u00d3 OCORRE EM CASOS EXTREMOS<\/h3>\n\n\n\n<p>O Minist\u00e9rio P\u00fablico do Trabalho (MPT) tem 213 investiga\u00e7\u00f5es ativas para apurar den\u00fancias nas empresas do setor, em 22 estados. Os dados s\u00e3o de 7 de julho e incluem inqu\u00e9ritos civis, em fase mais avan\u00e7ada, e verifica\u00e7\u00e3o de cumprimento de Termos de Ajustamento de Conduta (TACs).<\/p>\n\n\n\n<p>Conforme o levantamento, feito a pedido da reportagem, 87 plantas j\u00e1 firmaram TACs e em 11 houve solicita\u00e7\u00e3o de fechamento. A maioria delas fica na Regi\u00e3o Sul. O MPT tamb\u00e9m prop\u00f4s dezesseis a\u00e7\u00f5es civis p\u00fablicas.<\/p>\n\n\n\n<p>Na avalia\u00e7\u00e3o do procurador Lincoln Roberto N\u00f3brega Cordeiro, os n\u00fameros s\u00e3o importantes para mostrar como a interdi\u00e7\u00e3o dos abatedouros s\u00f3 ocorre em situa\u00e7\u00f5es grav\u00edssimas. \u201cEssa alega\u00e7\u00e3o de que est\u00e1 havendo uma paralisa\u00e7\u00e3o massiva ou uma demoniza\u00e7\u00e3o do setor n\u00e3o \u00e9 real\u201d, afirma ele, que \u00e9 vice-gerente do Projeto Nacional de Frigor\u00edficos do MPT.<\/p>\n\n\n\n<p>Funcion\u00e1ria h\u00e1 15 anos da Agroara\u00e7\u00e1, Elena Debastiani acredita ter se contaminado na f\u00e1brica, mas n\u00e3o culpa diretamente a empresa. \u201cEstavam tomando todas as provid\u00eancias: distanciamento, \u00e1lcool em gel, checagem de temperatura na entrada, tudo direitinho\u201d, diz a auxiliar, que dividia o espa\u00e7o com 200 colegas. \u201cEra muita gente numa sala s\u00f3, sem ventila\u00e7\u00e3o\u201d.<\/p>\n\n\n\n<p>Ela conta que sofreu bastante:<\/p>\n\n\n\n<p><em>\u2014 Chorei v\u00e1rias vezes. Pensei: nunca mais vou poder ver meu filho. Fiz tratamento em casa com antibi\u00f3tico. Tive dor de cabe\u00e7a horr\u00edvel, nariz trancado, uns quatro dias espirrando mais do que em toda a minha vida, direto.<\/em><\/p>\n\n\n\n<p>O gerente de produ\u00e7\u00e3o Lorimar Oliveira, de 46 anos, n\u00e3o resistiu \u00e0 doen\u00e7a. Depois da morte dele, em 20 de maio, e dos demais casos virem a p\u00fablico, o frigor\u00edfico firmou um acordo com o MPT. Parou totalmente suas atividades por tr\u00eas dias e, em 10 de junho, retornou com capacidade reduzida para 40%. A f\u00e1brica passou por uma desinfec\u00e7\u00e3o e os empregados recuperados foram retornando progressivamente, mediante avalia\u00e7\u00e3o cl\u00ednica. O TAC tamb\u00e9m prev\u00ea vacina\u00e7\u00e3o contra gripe e elimina\u00e7\u00e3o de aglomera\u00e7\u00e3o em \u00e1reas comuns e no transporte.<\/p>\n\n\n\n<h3 class=\"wp-block-heading\">\u2018EMPRESAS SE PREOCUPAM MAIS EM N\u00c3O CONTAMINAR A CARNE\u2019<\/h3>\n\n\n\n<p>A m\u00e9dica infectologista Fl\u00e1via Trench explica que os abatedouros funcionam como pequenas cidades, com um universo gigantesco de pessoas. \u201cA gente fala de mil, 2 mil, 7 mil funcion\u00e1rios, vindos de diversas partes, \u00e0s vezes de diversos munic\u00edpios, e que chegam para trabalhar num ambiente gelado, fechado, um do lado do outro\u201d, afirma ela, que \u00e9 professora na Universidade Federal da Integra\u00e7\u00e3o Latino-Americana (Unila), de Foz do Igua\u00e7u (PR).<\/p>\n\n\n\n<figure class=\"wp-block-image\"><img data-recalc-dims=\"1\" height=\"200\" width=\"300\" decoding=\"async\" src=\"https:\/\/i0.wp.com\/deolhonosruralistas.com.br\/wp-content\/uploads\/2020\/07\/20190524_AGB_Agenda_Ubirata3-300x200.jpg?resize=300%2C200&#038;ssl=1\" alt=\"\" class=\"wp-image-16128\"\/><figcaption>Ambiente frio dos abatedouros \u00e9 prop\u00edcio para a dissemina\u00e7\u00e3o do v\u00edrus (Foto: Geraldo Bubniak\/AEN)<\/figcaption><\/figure>\n\n\n\n<p>Outro problema que Fl\u00e1via conta ter constatado \u00e9 que muitos empregadores se preocupam mais em n\u00e3o contaminar a carne do que em evitar a prolifera\u00e7\u00e3o da Covid-19 entre os trabalhadores:<\/p>\n\n\n\n<p><em>\u2014 A maior causa de contamina\u00e7\u00e3o \u00e9 quando o funcion\u00e1rio vai tirar o equipamento de prote\u00e7\u00e3o. Se isso j\u00e1 \u00e9 falho na sa\u00fade, onde h\u00e1 treinos peri\u00f3dicos, imagine num ambiente onde as pessoas s\u00e3o menos ligadas.<\/em><\/p>\n\n\n\n<p>O ambiente frio tamb\u00e9m \u00e9, conforme a m\u00e9dica, prop\u00edcio para a dissemina\u00e7\u00e3o do v\u00edrus. \u201cA durabilidade dele numa superf\u00edcie mais fria e, consequentemente, seu poder infectante, \u00e9 muito maior do que quando h\u00e1 sol e ventila\u00e7\u00e3o\u201d, explica.<\/p>\n\n\n\n<p>Al\u00e9m da divis\u00e3o maior entre turnos, sugerida pela Contac, a infectologista aconselha os empregadores a aumentarem o controle na entrada das f\u00e1bricas, com medi\u00e7\u00e3o de temperatura, e a facilitarem os procedimentos de quem manifestar sintomas.<\/p>\n\n\n\n<p>Quando o plant\u00e3o telef\u00f4nico identificar um caso entre um funcion\u00e1rio, por exemplo, \u201cque a ind\u00fastria j\u00e1 aceite o atestado para isolamento domiciliar\u201d. Ela diz que medidas como essa n\u00e3o v\u00e3o zerar os casos, mas devem minimizar o problema.<\/p>\n\n\n\n<h3 class=\"wp-block-heading\">PLANTAS CONCENTRAM MAIS DE 25% DOS INFECTADOS NO RS<\/h3>\n\n\n\n<p>No Rio Grande do Sul, unidade da federa\u00e7\u00e3o que concentra o maior n\u00famero de investiga\u00e7\u00f5es sobre o novo coronav\u00edrus em frigor\u00edficos, ao menos 32 plantas, de 23 munic\u00edpios, apresentaram trabalhadores infectados desde o in\u00edcio da pandemia. Conforme o Minist\u00e9rio P\u00fablico do Trabalho (MPT), 4.957 empregados j\u00e1 testaram positivo, o que equivale a 25,14% do total de 19.710 infectados no estado em 23 de junho.<\/p>\n\n\n\n<p>Al\u00e9m do gerente de produ\u00e7\u00e3o Lorimar Oliveira, da Agroara\u00e7\u00e1, outros quatro funcion\u00e1rios de abatedouros ga\u00fachos e doze contactantes (parentes ou amigos) morreram em decorr\u00eancia da Covid-19. O \u00f3bito mais recente, registrado tamb\u00e9m em 23 de junho, \u00e9 de um homem de 48 anos, que h\u00e1 23 trabalhava na Seara\/JBS de Tr\u00eas Passos.<\/p>\n\n\n\n<p>Os frigor\u00edficos empregam em torno de 65 mil pessoas no Estado. Recentemente, tr\u00eas unidades da JBS foram interditadas liminarmente por a\u00e7\u00f5es civis p\u00fablicas ajuizadas pelo MPT: em Caxias do Sul, em Passo Fundo e em Trindade do Sul.<\/p>\n\n\n\n<p>Pequenas e m\u00e9dias cidades do Paran\u00e1 tamb\u00e9m registraram explos\u00e3o de casos ap\u00f3s surtos em frigor\u00edficos.&nbsp;O primeiro \u00f3bito em Paranava\u00ed, no noroeste paranaense, em 14 de maio, foi de uma mulher de 40 anos, que ficou internada por oito dias na Unidade de Terapia Intensiva (UTI) da Santa Casa. Ela era uma das 1.800 funcion\u00e1rias da GTFoods, ind\u00fastria de abate de frango.<\/p>\n\n\n\n<figure class=\"wp-block-image\"><img data-recalc-dims=\"1\" height=\"292\" width=\"600\" decoding=\"async\" data-attachment-id=\"16124\" data-permalink=\"http:\/\/blogdalucianaoliveira.com.br\/blog\/2018\/01\/16\/16123\/d1c90246-a340-480a-ad5f-966c726ba2e6\/\" data-orig-file=\"https:\/\/i0.wp.com\/blogdalucianaoliveira.com.br\/blog\/wp-content\/uploads\/2018\/01\/D1C90246-A340-480A-AD5F-966C726BA2E6.jpeg?fit=1024%2C666\" data-orig-size=\"1024,666\" data-comments-opened=\"0\" data-image-meta=\"{&quot;aperture&quot;:&quot;0&quot;,&quot;credit&quot;:&quot;&quot;,&quot;camera&quot;:&quot;&quot;,&quot;caption&quot;:&quot;&quot;,&quot;created_timestamp&quot;:&quot;0&quot;,&quot;copyright&quot;:&quot;&quot;,&quot;focal_length&quot;:&quot;0&quot;,&quot;iso&quot;:&quot;0&quot;,&quot;shutter_speed&quot;:&quot;0&quot;,&quot;title&quot;:&quot;&quot;,&quot;orientation&quot;:&quot;1&quot;}\" data-image-title=\"D1C90246-A340-480A-AD5F-966C726BA2E6\" data-image-description=\"\" data-image-caption=\"\" data-medium-file=\"https:\/\/i0.wp.com\/blogdalucianaoliveira.com.br\/blog\/wp-content\/uploads\/2018\/01\/D1C90246-A340-480A-AD5F-966C726BA2E6.jpeg?fit=300%2C195\" data-large-file=\"https:\/\/i0.wp.com\/blogdalucianaoliveira.com.br\/blog\/wp-content\/uploads\/2018\/01\/D1C90246-A340-480A-AD5F-966C726BA2E6.jpeg?fit=600%2C390\" src=\"https:\/\/i0.wp.com\/deolhonosruralistas.com.br\/wp-content\/uploads\/2020\/07\/30312537608_653e778236_o-1-1024x498.jpg?resize=600%2C292&#038;ssl=1\" alt=\"\" class=\"wp-image-16124\"\/><figcaption>Trabalhadores e organiza\u00e7\u00f5es da sociedade civil apontam gan\u00e2ncia das empresas. (Foto: MPT\/RS)<\/figcaption><\/figure>\n\n\n\n<h3 class=\"wp-block-heading\">DIRIGENTE CRITICA \u2018GAN\u00c2NCIA DE EMPRES\u00c1RIOS\u2019<\/h3>\n\n\n\n<p>O presidente da Federa\u00e7\u00e3o dos Trabalhadores nas Ind\u00fastrias de Alimenta\u00e7\u00e3o do Estado (FTIA-PR), Ernane Garcia Ferreira, destaca situa\u00e7\u00f5es preocupantes em Cianorte, Cascavel e Toledo, no oeste do Paran\u00e1. Nesta \u00faltima, ele conta que um funcion\u00e1rio da BRF n\u00e3o conseguiu vaga na rede hospitalar local e precisou ser transferido para Francisco Beltr\u00e3o, onde acabou morrendo.<\/p>\n\n\n\n<p>\u201cA empresa alega que ele era do quadro de risco e j\u00e1 estava afastado\u201d, afirma Ferreira. Segundo o dirigente, todas as plantas grandes \u201cimportam\u201d funcion\u00e1rios de outras cidades. \u201cIsso est\u00e1 gerando um surto epid\u00eamico sem controle\u201d, completa. O setor possui trezentas empresas e por volta de 100 mil trabalhadores no estado.<\/p>\n\n\n\n<p>O operador de m\u00e1quina Jos\u00e9 Maur\u00edcio Boumaier, de 39 anos, trabalha na BRF, mas de Carambe\u00ed (PR), a 135 quil\u00f4metros de Curitiba, e testou positivo nesta quarta-feira (08). \u201cNo dia 29 eu comecei a sentir bastante febre e decidi ir na UPA\u201d, conta, em refer\u00eancia \u00e0 unidade de pronto-atendimento.<\/p>\n\n\n\n<p>De acordo com ele, os funcion\u00e1rios estavam usando equipamentos de prote\u00e7\u00e3o e mantendo distanciamento nos refeit\u00f3rios e vesti\u00e1rios: \u201cEssa doen\u00e7a \u00e9 nova. Eu uso m\u00e1scara direto, na boca, no nariz, e passo \u00e1lcool em gel. Como fui pegar?\u201d. A unidade possui 1.300 empregados, que se dividem em dois turnos. No setor de Boumaier, circulam em torno de duzentas pessoas.<\/p>\n\n\n\n<p>\u201cPediram para eu entregar as m\u00e1scaras para o pessoal e fiquei mais l\u00e1 fora nos \u00faltimos dias, exposto\u201d, afirma. \u201cTalvez tenha sido isso\u201d. Sem sentir gosto, nem cheiro de nada, o operador diz que recebeu um atestado e foi afastado do trabalho. Est\u00e1 em casa, em Ponta Grossa (PR). Isolado no quarto, j\u00e1 que mora com o filho e a m\u00e3e.<\/p>\n\n\n\n<p>A Secretaria de Estado da Sa\u00fade estabeleceu na semana passada&nbsp;<a href=\"http:\/\/www.aen.pr.gov.br\/modules\/noticias\/article.php?storyid=107725\">novas medidas<\/a>&nbsp;de preven\u00e7\u00e3o ao coronav\u00edrus em ind\u00fastrias de abate e processamento de carnes. Entre elas h\u00e1 uma orienta\u00e7\u00e3o para que todas instituam um plano de conting\u00eancia voltado ao monitoramento e ao controle da transmiss\u00e3o.<\/p>\n\n\n\n<p>Para o presidente da FTIA-PR, de forma geral houve falhas, tanto por parte dos governos, que afrouxaram o isolamento social, como por parte das empresas. \u201cSe o Estado controlasse a gan\u00e2ncia desses empres\u00e1rios, a sociedade sofreria muito menos com o n\u00famero de mortos e as complica\u00e7\u00f5es\u201d, opina.<\/p>\n\n\n\n<h3 class=\"wp-block-heading\">CIMI APONTA OMISS\u00c3O, LETARGIA E FALTA DE RECURSOS<\/h3>\n\n\n\n<p>O Conselho Indigenista Mission\u00e1rio (<a href=\"https:\/\/cimi.org.br\/2020\/05\/nota-do-cimi-ms-sobre-pandemia-covid-19-entre-kaiowa-guarani\/\">Cimi<\/a>) emitiu uma nota demonstrando \u201cimensa preocupa\u00e7\u00e3o\u201d com o aumento exponencial e pedindo a responsabiliza\u00e7\u00e3o dos \u00f3rg\u00e3os de sa\u00fade estaduais e federais \u201cpelo que pode se tornar uma trag\u00e9dia amplamente anunciada\u201d:<\/p>\n\n\n\n<p><em>\u2014 Fato \u00e9 que, apesar de todos os exemplos t\u00e9cnicos das caracter\u00edsticas de cont\u00e1gio da Covid-19, se observa: grave letargia nas a\u00e7\u00f5es; inaplicabilidade dos planos de conting\u00eancia; falta de recursos financeiros, estruturais e humanos, que se agravam com a neglig\u00eancia e o subterf\u00fagio de que h\u00e1 conflito de compet\u00eancia; e omiss\u00e3o quanto aos trabalhadores ind\u00edgenas em frigor\u00edficos.<\/em><\/p>\n\n\n\n<figure class=\"wp-block-image\"><img data-recalc-dims=\"1\" height=\"169\" width=\"300\" decoding=\"async\" data-attachment-id=\"16170\" data-permalink=\"http:\/\/blogdalucianaoliveira.com.br\/blog\/2018\/01\/19\/politicos-dao-a-largada-com-resgate-de-lacos-amorosos-e-rompimento-das-paixoes\/e430ac69-a8be-4680-b5c8-5724c3acb399\/\" data-orig-file=\"https:\/\/i0.wp.com\/blogdalucianaoliveira.com.br\/blog\/wp-content\/uploads\/2018\/01\/E430AC69-A8BE-4680-B5C8-5724C3ACB399.jpeg?fit=700%2C700\" data-orig-size=\"700,700\" data-comments-opened=\"0\" data-image-meta=\"{&quot;aperture&quot;:&quot;0&quot;,&quot;credit&quot;:&quot;&quot;,&quot;camera&quot;:&quot;&quot;,&quot;caption&quot;:&quot;&quot;,&quot;created_timestamp&quot;:&quot;0&quot;,&quot;copyright&quot;:&quot;&quot;,&quot;focal_length&quot;:&quot;0&quot;,&quot;iso&quot;:&quot;0&quot;,&quot;shutter_speed&quot;:&quot;0&quot;,&quot;title&quot;:&quot;&quot;,&quot;orientation&quot;:&quot;1&quot;}\" data-image-title=\"E430AC69-A8BE-4680-B5C8-5724C3ACB399\" data-image-description=\"\" data-image-caption=\"\" data-medium-file=\"https:\/\/i0.wp.com\/blogdalucianaoliveira.com.br\/blog\/wp-content\/uploads\/2018\/01\/E430AC69-A8BE-4680-B5C8-5724C3ACB399.jpeg?fit=300%2C300\" data-large-file=\"https:\/\/i0.wp.com\/blogdalucianaoliveira.com.br\/blog\/wp-content\/uploads\/2018\/01\/E430AC69-A8BE-4680-B5C8-5724C3ACB399.jpeg?fit=600%2C600\" src=\"https:\/\/i0.wp.com\/deolhonosruralistas.com.br\/wp-content\/uploads\/2020\/07\/okoy-300x169.jpg?resize=300%2C169&#038;ssl=1\" alt=\"\" class=\"wp-image-16170\"\/><figcaption>Ind\u00edgenas que trabalham em frigor\u00edfico foram vetores de cont\u00e1gio. (Imagem: Reprodu\u00e7\u00e3o)<\/figcaption><\/figure>\n\n\n\n<p>O cacique Celso Jopoty Alves, da tekoha Ocoy, relata o mesmo descaso na comunidade de S\u00e3o Miguel do Igua\u00e7u (PR). O governador Ratinho J\u00fanior (PSD) s\u00f3 assinou o decreto que considera ind\u00edgenas e demais moradores de comunidades tradicionais como grupo de risco no Paran\u00e1 em 2 de julho, ap\u00f3s o agravamento da situa\u00e7\u00e3o. \u201cSe fosse antes j\u00e1 tomada uma atitude, de n\u00e3o deixar eles (funcion\u00e1rios dos frigor\u00edficos) irem trabalhar, a gente evitaria\u201d, lamenta. \u201cMas n\u00e3o foi o que aconteceu\u201d.<\/p>\n\n\n\n<p>Diante do crescimento da pandemia, em 19 de junho os minist\u00e9rios da Agricultura, da Economia e da Sa\u00fade publicaram uma portaria conjunta no&nbsp;<a href=\"http:\/\/www.in.gov.br\/en\/web\/dou\/-\/portaria-conjunta-n-19-de-18-de-junho-de-2020-262407973\">Di\u00e1rio Oficial da Uni\u00e3o<\/a>&nbsp;com normas destinadas \u00e0 preven\u00e7\u00e3o e ao controle da Covid-19 nas ind\u00fastrias de abate e processamento de carnes e derivados de todo o Brasil.<\/p>\n\n\n\n<p>De acordo com o procurador do Trabalho Lincoln Cordeiro, ainda assim, o MPT tem recebido diversas den\u00fancias relatando aglomera\u00e7\u00f5es, m\u00e1scaras inadequadas, trabalhadores adoentados, entre outras situa\u00e7\u00f5es de irregularidades:<\/p>\n\n\n\n<p><em>\u2014 Para o v\u00edrus, n\u00e3o importa a dificuldade operacional de cada setor, empresa ou unidade. Se n\u00e3o forem tomadas as medidas necess\u00e1rias, ele (empregado) vai se contaminar.<\/em><\/p>\n\n\n\n<h3 class=\"wp-block-heading\">ABPA GARANTE QUE SETOR TOMOU \u2018MEDIDAS NECESS\u00c1RIAS\u2019<\/h3>\n\n\n\n<p>Procurada pela reportagem, a Associa\u00e7\u00e3o Brasileira de Prote\u00edna Animal (ABPA) informou, em nota, que est\u00e1 acompanhando a situa\u00e7\u00e3o e dando suporte \u00e0s empresas associadas:<\/p>\n\n\n\n<p><em>\u2014 J\u00e1 no in\u00edcio deste ano, diversos grupos tem\u00e1ticos de trabalho voltados para a preven\u00e7\u00e3o e mitiga\u00e7\u00e3o da Covid-19 foram estabelecidos pela entidade e pelo setor. Vale ressaltar que, antes mesmo da ado\u00e7\u00e3o da quarentena em v\u00e1rios estados de todo o pa\u00eds e como principal diferencial, o setor frigor\u00edfico brasileiro se antecipou e implantou medidas preventivas necess\u00e1rias para proteger e minimizar, ao m\u00e1ximo, o risco nas unidades de produ\u00e7\u00e3o.<\/em><\/p>\n\n\n\n<p>A associa\u00e7\u00e3o garante que tomou medidas como o afastamento de todos os colaboradores identificados como grupo de risco, a intensifica\u00e7\u00e3o das a\u00e7\u00f5es de vigil\u00e2ncia ativa, monitoramento da sa\u00fade dos trabalhadores, ado\u00e7\u00e3o de medidas contra aglomera\u00e7\u00f5es e o refor\u00e7o da rotina de higieniza\u00e7\u00e3o de todos os ambientes dentro e fora do frigor\u00edfico.<\/p>\n\n\n\n<p>\u201cEvoluindo neste processo, a ABPA estabeleceu protocolo setorial, validado cientificamente pelo Hospital Albert Einstein, que adicionou uma s\u00e9rie de medidas protetivas aos colaboradores, como prote\u00e7\u00e3o buconasal, faceshield e outros, entre todos os seus colaboradores, incluindo, al\u00e9m dos habituais uniformes, luvas e outras camadas de prote\u00e7\u00e3o\u201d, diz trecho da nota.<\/p>\n\n\n\n<p>A ABPA finaliza que seguiu os pontos referendados pela portaria Interministerial conjunta dos Minist\u00e9rios da Sa\u00fade, da Agricultura e da Economia:<\/p>\n\n\n\n<p><em>\u2014 Adicionalmente, as empresas realizaram campanhas de esclarecimento nas comunidades de seus colaboradores, o que contribuiu para a ades\u00e3o aos cuidados preventivos. O nosso setor faz parte do rol de atividades essenciais ao pa\u00eds. Para que possamos garantir a produ\u00e7\u00e3o de alimentos seguros e o abastecimento para a popula\u00e7\u00e3o, a sa\u00fade das equipes \u00e9 prioridade indiscut\u00edvel.<\/em><\/p>\n\n\n\n<h3 class=\"wp-block-heading\">ABRAFRIGO CRITICA \u2018EXCESSO DE NORMAS\u2019<\/h3>\n\n\n\n<figure class=\"wp-block-image\"><img data-recalc-dims=\"1\" height=\"187\" width=\"300\" decoding=\"async\" src=\"https:\/\/i0.wp.com\/deolhonosruralistas.com.br\/wp-content\/uploads\/2020\/07\/abrafrigo-logo-3-5-19-300x187.png?resize=300%2C187&#038;ssl=1\" alt=\"\" class=\"wp-image-16137\"\/><figcaption>Associa\u00e7\u00e3o critica \u201cexcesso de normas\u201d. (Imagem: Abrafrigo\/Reprodu\u00e7\u00e3o)<\/figcaption><\/figure>\n\n\n\n<p>A Associa\u00e7\u00e3o Brasileira de Frigor\u00edficos (Abrafrigo), por sua vez, se limitou a criticar o que chamou de \u201cexcesso de normas para disciplinar a Covid-19\u201d.&nbsp;Na avalia\u00e7\u00e3o da entidade representativa das empresas de carne bovina, o fato de Uni\u00e3o, estados e munic\u00edpios adotarem medias diferentes de preven\u00e7\u00e3o estaria provocando conflitos de interpreta\u00e7\u00e3o.<\/p>\n\n\n\n<p>\u201cO munic\u00edpio manda fechar o refeit\u00f3rio para n\u00e3o se ter acesso aos vetores do v\u00edrus e o Estado manda abrir para que exista circula\u00e7\u00e3o do ar\u201d, diz a Abrafrigo, citando&nbsp;<a href=\"https:\/\/www.documentador.pr.gov.br\/documentador\/pub.do?action=d&amp;uuid=@gtf-escriba-sesa@a3f3b3d8-a41a-410c-9050-e105453c23fc&amp;emPg=true\">memorando<\/a>&nbsp;da Secretaria de Estado da Sa\u00fade do Paran\u00e1.<\/p>\n\n\n\n<p>A associa\u00e7\u00e3o argumenta que, embora o objetivo seja elogi\u00e1vel, j\u00e1 existe a Portaria Conjunta 19\/2020 dos Minist\u00e9rios da Agricultura, Sa\u00fade e Economia, que disp\u00f5e sobre todas as normas de preven\u00e7\u00e3o para a ind\u00fastria frigor\u00edfica, \u201cfielmente cumpridas pelo setor, com a devida fiscaliza\u00e7\u00e3o dos fiscais federais agropecu\u00e1rios\u201d.<\/p>\n\n\n\n<p>\u201cAs empresas frequentemente n\u00e3o encontram sa\u00eddas sobre como fazer para cumprir normas federais, estaduais e municipais diferentes entre si\u201d, sustenta a Abradrigo. A organiza\u00e7\u00e3o n\u00e3o informou que medidas suas associadas v\u00eam tomando para conter o v\u00edrus.<\/p>\n\n\n\n<p>|\u00a0<a href=\"https:\/\/twitter.com\/marifrancoramos\">Mariana Franco Ramos<\/a>\u00a0\u00e9 rep\u00f3rter do De Olho nos Ruralistas |<\/p>\n","protected":false},"excerpt":{"rendered":"<p>Confedera\u00e7\u00e3o de funcion\u00e1rios da ind\u00fastria da alimenta\u00e7\u00e3o estima pelo menos 200 mil afetados;&nbsp;MPT tem 213 investiga\u00e7\u00f5es abertas por surtos entre funcion\u00e1rios de frigor\u00edficos em 22 estados; para infectologista, muitos se preocupam mais em n\u00e3o contaminar a carne<\/p>\n","protected":false},"author":1,"featured_media":0,"comment_status":"closed","ping_status":"open","sticky":false,"template":"","format":"standard","meta":{"_exactmetrics_skip_tracking":false,"_exactmetrics_sitenote_active":false,"_exactmetrics_sitenote_note":"","_exactmetrics_sitenote_category":0,"jetpack_post_was_ever_published":false,"_jetpack_newsletter_access":"","_jetpack_dont_email_post_to_subs":false,"_jetpack_newsletter_tier_id":0,"_jetpack_memberships_contains_paywalled_content":false,"_jetpack_memberships_contains_paid_content":false,"footnotes":"","jetpack_publicize_message":"","jetpack_publicize_feature_enabled":true,"jetpack_social_post_already_shared":true,"jetpack_social_options":{"image_generator_settings":{"template":"highway","enabled":false},"version":2}},"categories":[1],"tags":[],"class_list":["post-29151","post","type-post","status-publish","format-standard","hentry","category-notas"],"jetpack_publicize_connections":[],"jetpack_sharing_enabled":true,"jetpack_featured_media_url":"","jetpack_shortlink":"https:\/\/wp.me\/p7wKYW-7Ab","jetpack-related-posts":[],"_links":{"self":[{"href":"http:\/\/blogdalucianaoliveira.com.br\/blog\/wp-json\/wp\/v2\/posts\/29151","targetHints":{"allow":["GET"]}}],"collection":[{"href":"http:\/\/blogdalucianaoliveira.com.br\/blog\/wp-json\/wp\/v2\/posts"}],"about":[{"href":"http:\/\/blogdalucianaoliveira.com.br\/blog\/wp-json\/wp\/v2\/types\/post"}],"author":[{"embeddable":true,"href":"http:\/\/blogdalucianaoliveira.com.br\/blog\/wp-json\/wp\/v2\/users\/1"}],"replies":[{"embeddable":true,"href":"http:\/\/blogdalucianaoliveira.com.br\/blog\/wp-json\/wp\/v2\/comments?post=29151"}],"version-history":[{"count":1,"href":"http:\/\/blogdalucianaoliveira.com.br\/blog\/wp-json\/wp\/v2\/posts\/29151\/revisions"}],"predecessor-version":[{"id":29153,"href":"http:\/\/blogdalucianaoliveira.com.br\/blog\/wp-json\/wp\/v2\/posts\/29151\/revisions\/29153"}],"wp:attachment":[{"href":"http:\/\/blogdalucianaoliveira.com.br\/blog\/wp-json\/wp\/v2\/media?parent=29151"}],"wp:term":[{"taxonomy":"category","embeddable":true,"href":"http:\/\/blogdalucianaoliveira.com.br\/blog\/wp-json\/wp\/v2\/categories?post=29151"},{"taxonomy":"post_tag","embeddable":true,"href":"http:\/\/blogdalucianaoliveira.com.br\/blog\/wp-json\/wp\/v2\/tags?post=29151"}],"curies":[{"name":"wp","href":"https:\/\/api.w.org\/{rel}","templated":true}]}}