{"id":29160,"date":"2020-07-13T21:18:44","date_gmt":"2020-07-14T01:18:44","guid":{"rendered":"http:\/\/blogdalucianaoliveira.com.br\/blog\/?p=29160"},"modified":"2020-07-13T21:18:49","modified_gmt":"2020-07-14T01:18:49","slug":"vitoria-apos-tres-decadas-atingidos-pela-uhe-samuel-ro-conquistam-construcao-de-ponte","status":"publish","type":"post","link":"http:\/\/blogdalucianaoliveira.com.br\/blog\/2020\/07\/13\/vitoria-apos-tres-decadas-atingidos-pela-uhe-samuel-ro-conquistam-construcao-de-ponte\/","title":{"rendered":"VIT\u00d3RIA AP\u00d3S TR\u00caS D\u00c9CADAS: ATINGIDOS PELA UHE SAMUEL (RO) CONQUISTAM CONSTRU\u00c7\u00c3O DE PONTE"},"content":{"rendered":"\n<figure class=\"wp-block-image size-large\"><img loading=\"lazy\" decoding=\"async\" width=\"1200\" height=\"862\" data-attachment-id=\"29161\" data-permalink=\"http:\/\/blogdalucianaoliveira.com.br\/blog\/2020\/07\/13\/vitoria-apos-tres-decadas-atingidos-pela-uhe-samuel-ro-conquistam-construcao-de-ponte\/image-25-9\/\" data-orig-file=\"https:\/\/i0.wp.com\/blogdalucianaoliveira.com.br\/blog\/wp-content\/uploads\/2020\/07\/image-25.jpeg?fit=1200%2C862\" data-orig-size=\"1200,862\" data-comments-opened=\"0\" data-image-meta=\"{&quot;aperture&quot;:&quot;0&quot;,&quot;credit&quot;:&quot;&quot;,&quot;camera&quot;:&quot;&quot;,&quot;caption&quot;:&quot;&quot;,&quot;created_timestamp&quot;:&quot;0&quot;,&quot;copyright&quot;:&quot;&quot;,&quot;focal_length&quot;:&quot;0&quot;,&quot;iso&quot;:&quot;0&quot;,&quot;shutter_speed&quot;:&quot;0&quot;,&quot;title&quot;:&quot;&quot;,&quot;orientation&quot;:&quot;0&quot;}\" data-image-title=\"image-25\" data-image-description=\"\" data-image-caption=\"\" data-medium-file=\"https:\/\/i0.wp.com\/blogdalucianaoliveira.com.br\/blog\/wp-content\/uploads\/2020\/07\/image-25.jpeg?fit=300%2C216\" data-large-file=\"https:\/\/i0.wp.com\/blogdalucianaoliveira.com.br\/blog\/wp-content\/uploads\/2020\/07\/image-25.jpeg?fit=600%2C431\" src=\"https:\/\/i0.wp.com\/blogdalucianaoliveira.com.br\/blog\/wp-content\/uploads\/2020\/07\/image-25.jpeg?fit=600%2C431\" alt=\"\" class=\"wp-image-29161\" srcset=\"https:\/\/i0.wp.com\/blogdalucianaoliveira.com.br\/blog\/wp-content\/uploads\/2020\/07\/image-25.jpeg?w=1200 1200w, https:\/\/i0.wp.com\/blogdalucianaoliveira.com.br\/blog\/wp-content\/uploads\/2020\/07\/image-25.jpeg?resize=300%2C216 300w, https:\/\/i0.wp.com\/blogdalucianaoliveira.com.br\/blog\/wp-content\/uploads\/2020\/07\/image-25.jpeg?resize=1024%2C736 1024w, https:\/\/i0.wp.com\/blogdalucianaoliveira.com.br\/blog\/wp-content\/uploads\/2020\/07\/image-25.jpeg?resize=768%2C552 768w, https:\/\/i0.wp.com\/blogdalucianaoliveira.com.br\/blog\/wp-content\/uploads\/2020\/07\/image-25.jpeg?resize=418%2C300 418w\" sizes=\"auto, (max-width: 600px) 100vw, 600px\" \/><\/figure>\n\n\n\n<p>Coletivo de Comunica\u00e7\u00e3o do MAB &#8211; <em>Ap\u00f3s idas e vindas, atingidos de Itapu\u00e3 do Oeste, em Rond\u00f4nia, conquistam constru\u00e7\u00e3o de ponte que liga a cidade \u00e0 zona rural<\/em><\/p>\n\n\n\n<!--more-->\n\n\n\n<p>Quase tr\u00eas d\u00e9cadas depois de idas e vindas, a compensa\u00e7\u00e3o social da hidrel\u00e9trica de Samuel saiu do papel no dia 3 deste m\u00eas. A conquista faz parte de uma d\u00edvida social hist\u00f3rica que o conjunto do estado brasileiro tem a partir da constru\u00e7\u00e3o da usina com os atingidos de diversos munic\u00edpios ao longo do rio Jamary.&nbsp;<\/p>\n\n\n\n<p>A hidrel\u00e9trica de Samuel, localizada em Candeias do Jamari, come\u00e7ou a ser constru\u00edda no in\u00edcio da d\u00e9cada de 1980, e levou mais de 10 anos para ser conclu\u00edda. Depois de pronta, os problemas sociais e ambientais gerados com o enchimento do seu reservat\u00f3rio s\u00f3 aumentaram e se agravaram, ao mesmo tempo em que o n\u00famero de atingidos cresceu.<\/p>\n\n\n\n<p>Os atingidos de Itapu\u00e3 do Oeste lutam h\u00e1 mais de 31 anos por seus direitos, entre os principais impactos no munic\u00edpio est\u00e3o a eleva\u00e7\u00e3o do len\u00e7ol fre\u00e1tico e encharcamento do solo, a luta gerou uma pauta extensa e negocia\u00e7\u00e3o com a Eletronorte, processo que dura anos.&nbsp;<\/p>\n\n\n\n<p>Em 2011, o MAB realizou uma grande assembleia dos atingidos reunindo aproximadamente 600 pessoas do munic\u00edpio, onde reafirmou as pautas reivindicadas, apresentadas em tr\u00eas eixos, sendo:<\/p>\n\n\n\n<p>\u2013 Plano de reestrutura\u00e7\u00e3o e desenvolvimento dos munic\u00edpios e comunidades da regi\u00e3o atingida pela UHE de Samuel;<\/p>\n\n\n\n<p>\u2013 Plano de reassentamento das fam\u00edlias atingidas da regi\u00e3o;<\/p>\n\n\n\n<p>\u2013 Plano de fortalecimento da pesca e aquicultura familiar;<\/p>\n\n\n\n<blockquote class=\"wp-block-quote is-layout-flow wp-block-quote-is-layout-flow\"><p>Ap\u00f3s muita press\u00e3o, luta e persist\u00eancia, o movimento garantiu em ata que a Eletronorte se comprometesse com a constru\u00e7\u00e3o da ponte sobre o Rio Jamari que liga a cidade de Itapu\u00e3 do Oeste \u00e0 zona rural.&nbsp;<\/p><\/blockquote>\n\n\n\n<p>A ponte come\u00e7ou a ser constru\u00edda ainda em 2002 e foi entregue em 2004, por meio de um conv\u00eanio com a empresa. No entanto, faltava o aterro, providenciado pela prefeitura. Com o in\u00edcio do aterro, parte da ponte desabou e at\u00e9 poucos meses atr\u00e1s, a obra ainda estava abandonada.&nbsp;<\/p>\n\n\n\n<p>Um impasse judicial entre a Eletronorte e a empresa contratada para o servi\u00e7o de atribui\u00e7\u00e3o da causa do desabamento impedia que a obra fosse retomada. Para sanar o problema, enquanto a ponte n\u00e3o saia, a Eletronorte contratou uma empresa para fazer a travessia de balsa, que saia a cada meia hora.&nbsp;<\/p>\n\n\n\n<p>A obra, que ficou tanto tempo sem conclus\u00e3o, era o s\u00edmbolo da frustra\u00e7\u00e3o de quem mora do outro lado do rio, nas estradas vicinais B-40 e T-120.<\/p>\n","protected":false},"excerpt":{"rendered":"<p>Coletivo de Comunica\u00e7\u00e3o do MAB &#8211; Ap\u00f3s idas e vindas, atingidos de Itapu\u00e3 do Oeste, em Rond\u00f4nia, conquistam constru\u00e7\u00e3o de ponte que liga a cidade \u00e0 zona rural<\/p>\n","protected":false},"author":1,"featured_media":0,"comment_status":"closed","ping_status":"open","sticky":false,"template":"","format":"standard","meta":{"_exactmetrics_skip_tracking":false,"_exactmetrics_sitenote_active":false,"_exactmetrics_sitenote_note":"","_exactmetrics_sitenote_category":0,"jetpack_post_was_ever_published":false,"_jetpack_newsletter_access":"","_jetpack_dont_email_post_to_subs":false,"_jetpack_newsletter_tier_id":0,"_jetpack_memberships_contains_paywalled_content":false,"_jetpack_memberships_contains_paid_content":false,"footnotes":"","jetpack_publicize_message":"","jetpack_publicize_feature_enabled":true,"jetpack_social_post_already_shared":true,"jetpack_social_options":{"image_generator_settings":{"template":"highway","enabled":false},"version":2}},"categories":[1],"tags":[],"class_list":["post-29160","post","type-post","status-publish","format-standard","hentry","category-notas"],"jetpack_publicize_connections":[],"jetpack_sharing_enabled":true,"jetpack_featured_media_url":"","jetpack_shortlink":"https:\/\/wp.me\/p7wKYW-7Ak","jetpack-related-posts":[],"_links":{"self":[{"href":"http:\/\/blogdalucianaoliveira.com.br\/blog\/wp-json\/wp\/v2\/posts\/29160","targetHints":{"allow":["GET"]}}],"collection":[{"href":"http:\/\/blogdalucianaoliveira.com.br\/blog\/wp-json\/wp\/v2\/posts"}],"about":[{"href":"http:\/\/blogdalucianaoliveira.com.br\/blog\/wp-json\/wp\/v2\/types\/post"}],"author":[{"embeddable":true,"href":"http:\/\/blogdalucianaoliveira.com.br\/blog\/wp-json\/wp\/v2\/users\/1"}],"replies":[{"embeddable":true,"href":"http:\/\/blogdalucianaoliveira.com.br\/blog\/wp-json\/wp\/v2\/comments?post=29160"}],"version-history":[{"count":1,"href":"http:\/\/blogdalucianaoliveira.com.br\/blog\/wp-json\/wp\/v2\/posts\/29160\/revisions"}],"predecessor-version":[{"id":29162,"href":"http:\/\/blogdalucianaoliveira.com.br\/blog\/wp-json\/wp\/v2\/posts\/29160\/revisions\/29162"}],"wp:attachment":[{"href":"http:\/\/blogdalucianaoliveira.com.br\/blog\/wp-json\/wp\/v2\/media?parent=29160"}],"wp:term":[{"taxonomy":"category","embeddable":true,"href":"http:\/\/blogdalucianaoliveira.com.br\/blog\/wp-json\/wp\/v2\/categories?post=29160"},{"taxonomy":"post_tag","embeddable":true,"href":"http:\/\/blogdalucianaoliveira.com.br\/blog\/wp-json\/wp\/v2\/tags?post=29160"}],"curies":[{"name":"wp","href":"https:\/\/api.w.org\/{rel}","templated":true}]}}