{"id":29166,"date":"2020-07-14T12:14:19","date_gmt":"2020-07-14T16:14:19","guid":{"rendered":"http:\/\/blogdalucianaoliveira.com.br\/blog\/?p=29166"},"modified":"2020-07-14T12:14:28","modified_gmt":"2020-07-14T16:14:28","slug":"um-ano-e-meio-de-um-governo-contra-o-meio-ambiente","status":"publish","type":"post","link":"http:\/\/blogdalucianaoliveira.com.br\/blog\/2020\/07\/14\/um-ano-e-meio-de-um-governo-contra-o-meio-ambiente\/","title":{"rendered":"Um ano e meio de um governo contra o meio ambiente"},"content":{"rendered":"\n<figure class=\"wp-block-image size-large\"><img loading=\"lazy\" decoding=\"async\" width=\"1024\" height=\"1024\" data-attachment-id=\"29167\" data-permalink=\"http:\/\/blogdalucianaoliveira.com.br\/blog\/2020\/07\/14\/um-ano-e-meio-de-um-governo-contra-o-meio-ambiente\/image-1151\/\" data-orig-file=\"https:\/\/i0.wp.com\/blogdalucianaoliveira.com.br\/blog\/wp-content\/uploads\/2020\/07\/image.png?fit=1024%2C1024\" data-orig-size=\"1024,1024\" data-comments-opened=\"0\" data-image-meta=\"{&quot;aperture&quot;:&quot;0&quot;,&quot;credit&quot;:&quot;&quot;,&quot;camera&quot;:&quot;&quot;,&quot;caption&quot;:&quot;&quot;,&quot;created_timestamp&quot;:&quot;0&quot;,&quot;copyright&quot;:&quot;&quot;,&quot;focal_length&quot;:&quot;0&quot;,&quot;iso&quot;:&quot;0&quot;,&quot;shutter_speed&quot;:&quot;0&quot;,&quot;title&quot;:&quot;&quot;,&quot;orientation&quot;:&quot;0&quot;}\" data-image-title=\"image\" data-image-description=\"\" data-image-caption=\"\" data-medium-file=\"https:\/\/i0.wp.com\/blogdalucianaoliveira.com.br\/blog\/wp-content\/uploads\/2020\/07\/image.png?fit=300%2C300\" data-large-file=\"https:\/\/i0.wp.com\/blogdalucianaoliveira.com.br\/blog\/wp-content\/uploads\/2020\/07\/image.png?fit=600%2C600\" src=\"https:\/\/i0.wp.com\/blogdalucianaoliveira.com.br\/blog\/wp-content\/uploads\/2020\/07\/image.png?fit=600%2C600\" alt=\"\" class=\"wp-image-29167\" srcset=\"https:\/\/i0.wp.com\/blogdalucianaoliveira.com.br\/blog\/wp-content\/uploads\/2020\/07\/image.png?w=1024 1024w, https:\/\/i0.wp.com\/blogdalucianaoliveira.com.br\/blog\/wp-content\/uploads\/2020\/07\/image.png?resize=300%2C300 300w, https:\/\/i0.wp.com\/blogdalucianaoliveira.com.br\/blog\/wp-content\/uploads\/2020\/07\/image.png?resize=150%2C150 150w, https:\/\/i0.wp.com\/blogdalucianaoliveira.com.br\/blog\/wp-content\/uploads\/2020\/07\/image.png?resize=768%2C768 768w\" sizes=\"auto, (max-width: 600px) 100vw, 600px\" \/><\/figure>\n\n\n\n<p>Linha do tempo atualizada mostra a verdade que o governo Bolsonaro tenta maquiar: as grav\u00edssimas amea\u00e7as \u00e0 floresta e seus povos.<\/p>\n\n\n\n<!--more-->\n\n\n\n<p>Greenpeace <\/p>\n\n\n\n<p>O governo Bolsonaro est\u00e1 completando um ano e meio e, na \u00e1rea ambiental, os \u00fanicos que t\u00eam algo a comemorar s\u00e3o desmatadores, invasores de terras, garimpeiros e madeireiros ilegais.&nbsp;<strong>Estamos h\u00e1 um ano e meio denunciando e resistindo a um governo que escolheu estar ao lado dos criminosos.<\/strong>&nbsp;<\/p>\n\n\n\n<p>As consequ\u00eancias dessa pol\u00edtica que trata a prote\u00e7\u00e3o do meio ambiente como entrave, infelizmente, est\u00e3o mais do que vis\u00edveis. Os dados consolidados do&nbsp;<a href=\"http:\/\/www.inpe.br\/noticias\/noticia.php?Cod_Noticia=5465&amp;utm_source=dlvr.it&amp;utm_medium=twitter\" target=\"_blank\" rel=\"noreferrer noopener\">Instituto Nacional de Pesquisas Espaciais&nbsp;<\/a>(Inpe) mostram que o desmatamento no ano passado passou de&nbsp;<a href=\"https:\/\/www.greenpeace.org\/brasil\/blog\/satelites-e-o-inpe-nao-mentem-o-governo-sim\/\">um milh\u00e3o de hectares<\/a>, \u00e1rea equivalente a quase duas vezes o Distrito Federal, o que representa um aumento de 34% em rela\u00e7\u00e3o a 2018, o maior \u00edndice nos \u00faltimos 11 anos. E esse n\u00famero poder\u00e1 ser&nbsp;<a href=\"https:\/\/www.greenpeace.org\/brasil\/blog\/junho-tem-maior-area-com-alertas-de-desmatamento-em-13-anos\/\">ainda maior em 2020<\/a>: os alertas de desmatamento deste primeiro semestre foram 26% superiores aos do ano passado. No m\u00eas de junho, \u00e0s v\u00e9speras da temporada seca na Amaz\u00f4nia, quando as queimadas criminosas se intensificam, o n\u00famero de focos de inc\u00eandio foi o&nbsp;<a href=\"https:\/\/www.greenpeace.org\/brasil\/blog\/o-fogo-ja-chegou-amazonia-bate-recorde-de-13-anos-nos-focos-de-calor-em-junho\/\">maior desde 2007<\/a>.&nbsp;<\/p>\n\n\n\n<p>\u201cO meio ambiente est\u00e1 sob ataque do governo no Brasil\u201d, avalia Mariana Mota, coordenadora de Pol\u00edticas P\u00fablicas do Greenpeace Brasil. \u201cIgnorando a import\u00e2ncia de conservar nossas riquezas naturais para o bem de toda a sociedade, para a economia do pa\u00eds e para o clima global, temos um governo com um projeto em curso que nos arrasta para o passado. Um projeto que promove, dia a dia, a destrui\u00e7\u00e3o da floresta e que deixa povos ind\u00edgenas e tradicionais ainda mais vulner\u00e1veis, em completo descaso com a vida\u201d.&nbsp;<\/p>\n\n\n\n<p>Em plena pandemia do coronav\u00edrus, que faz milhares de v\u00edtimas e que agrava crises do pa\u00eds, como a social, econ\u00f4mica e ambiental, o governo tenta fingir que tudo vai bem. Por isso, e especialmente em um momento em que institui\u00e7\u00f5es democr\u00e1ticas, imprensa e sociedade civil s\u00e3o encaradas como inimigas pelo governo, nunca foi t\u00e3o importante ter acesso \u00e0 verdade.&nbsp;<strong>E \u00e9 isso que a nossa linha do tempo mostra &nbsp;\u2014 nada mais que a verdade que o governo tenta maquiar.&nbsp;<\/strong><\/p>\n\n\n\n<p>Iniciada em 2019, agora ela foi atualizada com as \u201cboiadas\u201d do ministro de Meio Ambiente Ricardo Salles, visando ao completo desmantelamento dos \u00f3rg\u00e3os de prote\u00e7\u00e3o e preserva\u00e7\u00e3o ambientais; a opera\u00e7\u00e3o militar do vice-presidente Mour\u00e3o que \u00e9 pura encena\u00e7\u00e3o; o est\u00edmulo a invas\u00f5es a terras ind\u00edgenas; a nega\u00e7\u00e3o de dados cient\u00edficos; entre outros incentivos \u00e0 destrui\u00e7\u00e3o no primeiro semestre de 2020, que t\u00eam amea\u00e7ado investimentos e acordos comerciais internacionais com o Brasil.<\/p>\n\n\n\n<h3 class=\"wp-block-heading\"><strong>Acesse a linha do tempo da destrui\u00e7\u00e3o:&nbsp;<\/strong><a href=\"https:\/\/www.governodadestruicao.org\/\" target=\"_blank\" rel=\"noreferrer noopener\"><strong>https:\/\/www.governodadestruicao.org\/<\/strong><\/a><\/h3>\n\n\n\n<figure class=\"wp-block-image\"><a href=\"https:\/\/www.governodadestruicao.org\/\"><img data-recalc-dims=\"1\" height=\"271\" width=\"600\" decoding=\"async\" src=\"https:\/\/i0.wp.com\/storage.googleapis.com\/planet4-brasil-stateless\/2020\/07\/bcb0b6d4-linhadotempo_print-1024x463.jpg?resize=600%2C271&#038;ssl=1\" alt=\"\" class=\"wp-image-25014\"\/><\/a><\/figure>\n","protected":false},"excerpt":{"rendered":"<p>Linha do tempo atualizada mostra a verdade que o governo Bolsonaro tenta maquiar: as grav\u00edssimas amea\u00e7as \u00e0 floresta e seus povos.<\/p>\n","protected":false},"author":1,"featured_media":0,"comment_status":"closed","ping_status":"open","sticky":false,"template":"","format":"standard","meta":{"_exactmetrics_skip_tracking":false,"_exactmetrics_sitenote_active":false,"_exactmetrics_sitenote_note":"","_exactmetrics_sitenote_category":0,"jetpack_post_was_ever_published":false,"_jetpack_newsletter_access":"","_jetpack_dont_email_post_to_subs":false,"_jetpack_newsletter_tier_id":0,"_jetpack_memberships_contains_paywalled_content":false,"_jetpack_memberships_contains_paid_content":false,"footnotes":"","jetpack_publicize_message":"","jetpack_publicize_feature_enabled":true,"jetpack_social_post_already_shared":true,"jetpack_social_options":{"image_generator_settings":{"template":"highway","enabled":false},"version":2}},"categories":[1],"tags":[],"class_list":["post-29166","post","type-post","status-publish","format-standard","hentry","category-notas"],"jetpack_publicize_connections":[],"jetpack_sharing_enabled":true,"jetpack_featured_media_url":"","jetpack_shortlink":"https:\/\/wp.me\/p7wKYW-7Aq","jetpack-related-posts":[],"_links":{"self":[{"href":"http:\/\/blogdalucianaoliveira.com.br\/blog\/wp-json\/wp\/v2\/posts\/29166","targetHints":{"allow":["GET"]}}],"collection":[{"href":"http:\/\/blogdalucianaoliveira.com.br\/blog\/wp-json\/wp\/v2\/posts"}],"about":[{"href":"http:\/\/blogdalucianaoliveira.com.br\/blog\/wp-json\/wp\/v2\/types\/post"}],"author":[{"embeddable":true,"href":"http:\/\/blogdalucianaoliveira.com.br\/blog\/wp-json\/wp\/v2\/users\/1"}],"replies":[{"embeddable":true,"href":"http:\/\/blogdalucianaoliveira.com.br\/blog\/wp-json\/wp\/v2\/comments?post=29166"}],"version-history":[{"count":1,"href":"http:\/\/blogdalucianaoliveira.com.br\/blog\/wp-json\/wp\/v2\/posts\/29166\/revisions"}],"predecessor-version":[{"id":29168,"href":"http:\/\/blogdalucianaoliveira.com.br\/blog\/wp-json\/wp\/v2\/posts\/29166\/revisions\/29168"}],"wp:attachment":[{"href":"http:\/\/blogdalucianaoliveira.com.br\/blog\/wp-json\/wp\/v2\/media?parent=29166"}],"wp:term":[{"taxonomy":"category","embeddable":true,"href":"http:\/\/blogdalucianaoliveira.com.br\/blog\/wp-json\/wp\/v2\/categories?post=29166"},{"taxonomy":"post_tag","embeddable":true,"href":"http:\/\/blogdalucianaoliveira.com.br\/blog\/wp-json\/wp\/v2\/tags?post=29166"}],"curies":[{"name":"wp","href":"https:\/\/api.w.org\/{rel}","templated":true}]}}