{"id":29169,"date":"2020-07-14T12:20:04","date_gmt":"2020-07-14T16:20:04","guid":{"rendered":"http:\/\/blogdalucianaoliveira.com.br\/blog\/?p=29169"},"modified":"2020-07-14T12:20:12","modified_gmt":"2020-07-14T16:20:12","slug":"jesse-souza-a-lava-jato-foi-desde-o-comeco-uma-mafia","status":"publish","type":"post","link":"http:\/\/blogdalucianaoliveira.com.br\/blog\/2020\/07\/14\/jesse-souza-a-lava-jato-foi-desde-o-comeco-uma-mafia\/","title":{"rendered":"Jess\u00e9 Souza: \u201cA Lava Jato foi desde o come\u00e7o uma m\u00e1fia\u201d"},"content":{"rendered":"\n<figure class=\"wp-block-image size-large\"><img data-recalc-dims=\"1\" loading=\"lazy\" decoding=\"async\" width=\"600\" height=\"320\" data-attachment-id=\"29170\" data-permalink=\"http:\/\/blogdalucianaoliveira.com.br\/blog\/2020\/07\/14\/jesse-souza-a-lava-jato-foi-desde-o-comeco-uma-mafia\/922bb27d-a805-4684-8097-534258258faa\/\" data-orig-file=\"https:\/\/i0.wp.com\/blogdalucianaoliveira.com.br\/blog\/wp-content\/uploads\/2020\/07\/922BB27D-A805-4684-8097-534258258FAA.jpeg?fit=640%2C341\" data-orig-size=\"640,341\" data-comments-opened=\"0\" data-image-meta=\"{&quot;aperture&quot;:&quot;0&quot;,&quot;credit&quot;:&quot;&quot;,&quot;camera&quot;:&quot;&quot;,&quot;caption&quot;:&quot;&quot;,&quot;created_timestamp&quot;:&quot;0&quot;,&quot;copyright&quot;:&quot;&quot;,&quot;focal_length&quot;:&quot;0&quot;,&quot;iso&quot;:&quot;0&quot;,&quot;shutter_speed&quot;:&quot;0&quot;,&quot;title&quot;:&quot;&quot;,&quot;orientation&quot;:&quot;1&quot;}\" data-image-title=\"922BB27D-A805-4684-8097-534258258FAA\" data-image-description=\"\" data-image-caption=\"\" data-medium-file=\"https:\/\/i0.wp.com\/blogdalucianaoliveira.com.br\/blog\/wp-content\/uploads\/2020\/07\/922BB27D-A805-4684-8097-534258258FAA.jpeg?fit=300%2C160\" data-large-file=\"https:\/\/i0.wp.com\/blogdalucianaoliveira.com.br\/blog\/wp-content\/uploads\/2020\/07\/922BB27D-A805-4684-8097-534258258FAA.jpeg?fit=600%2C320\" src=\"https:\/\/i0.wp.com\/blogdalucianaoliveira.com.br\/blog\/wp-content\/uploads\/2020\/07\/922BB27D-A805-4684-8097-534258258FAA.jpeg?resize=600%2C320\" alt=\"\" class=\"wp-image-29170\" srcset=\"https:\/\/i0.wp.com\/blogdalucianaoliveira.com.br\/blog\/wp-content\/uploads\/2020\/07\/922BB27D-A805-4684-8097-534258258FAA.jpeg?w=640 640w, https:\/\/i0.wp.com\/blogdalucianaoliveira.com.br\/blog\/wp-content\/uploads\/2020\/07\/922BB27D-A805-4684-8097-534258258FAA.jpeg?resize=300%2C160 300w, https:\/\/i0.wp.com\/blogdalucianaoliveira.com.br\/blog\/wp-content\/uploads\/2020\/07\/922BB27D-A805-4684-8097-534258258FAA.jpeg?resize=563%2C300 563w\" sizes=\"auto, (max-width: 600px) 100vw, 600px\" \/><\/figure>\n\n\n\n<p>\u201cIdeias envenenadas e ju\u00edzes corruptos no lugar de bombas e balas\u201d. Essa frase, que abre um dos cap\u00edtulos do novo livro de Jess\u00e9 Souza,\u00a0<em>Guerra ao Brasil<\/em>\u00a0(Esta\u00e7\u00e3o Brasil), resume o conceito de\u00a0<em>soft power<\/em>, utilizado pelo soci\u00f3logo para explicar a domina\u00e7\u00e3o estadunidense moderna. <\/p>\n\n\n\n<!--more-->\n\n\n\n<p><br>Revista Cult <\/p>\n\n\n\n<p>Trata-se de um imperialismo indireto ou informal, baseado no poder simb\u00f3lico de ideias e valores que se prestam \u00e0 expans\u00e3o econ\u00f4mica do capital estadunidense, no caso. \u201cN\u00e3o existe explora\u00e7\u00e3o econ\u00f4mica duradoura se a intelig\u00eancia do oprimido n\u00e3o for colonizada\u201d, escreve.<\/p>\n\n\n\n<p>A&nbsp;<a href=\"https:\/\/revistacult.uol.com.br\/home\/tag\/lava-jato\">Lava Jato<\/a>, segundo ele, \u00e9 resultado desse processo, no qual o discurso da corrup\u00e7\u00e3o \u00e9 utilizado tanto para fragilizar institui\u00e7\u00f5es quanto a imagem que o brasileiro tem de si. S\u00e3o ideias que, de acordo com o autor, encontram respaldo na ci\u00eancia, e por isso s\u00e3o t\u00e3o poderosas. Ele cita Talcott Parsons, nos Estados Unidos, e S\u00e9rgio Buarque de Holanda, no Brasil, como expoentes de uma \u201cpseudoci\u00eancia culturalista cujo fim \u00e9 legitimar situa\u00e7\u00f5es de domina\u00e7\u00e3o\u201d.<\/p>\n\n\n\n<p>A cr\u00edtica a S\u00e9rgio Buarque n\u00e3o \u00e9 in\u00e9dita e<a href=\"http:\/\/revistacult.uol.com.br\/home\/jesse-souza-a-elite-do-atraso\/\">&nbsp;aparece em&nbsp;<em>A elite do atraso<\/em>&nbsp;(2017)<\/a>, livro em que apontou pela primeira vez a influ\u00eancia estadunidense na Lava Jato. \u201cMoro ia para os Estados Unidos aprender com o FBI desde 2007. Isso foi montado. A Lava Jato foi desde o come\u00e7o uma m\u00e1fia\u201d, diz em entrevista \u00e0 Cult, por videoconfer\u00eancia. No in\u00edcio de julho,&nbsp;<a href=\"https:\/\/apublica.org\/2020\/07\/o-fbi-e-a-lava-jato\/\">uma s\u00e9rie de reportagens da P\u00fablica em parceria com o Intercept<\/a>&nbsp;comprovou a proximidade entre a opera\u00e7\u00e3o, Pol\u00edcia Federal, procuradores e FBI. Leia a \u00edntegra da entrevista abaixo.<\/p>\n\n\n\n<p><strong>Voc\u00ea vem afirmando que h\u00e1 influ\u00eancia americana na Lava Jato desde pelo menos<em>&nbsp;A elite do atraso<\/em>&nbsp;(2017), ideia que muitos consideraram uma \u201cteoria da conspira\u00e7\u00e3o\u201d. O que te levou para esse racioc\u00ednio?<\/strong><\/p>\n\n\n\n<p>O estudo de autores que me ensinaram a perceber como o jogo da estrat\u00e9gia pol\u00edtica e social funciona. O que eu tentei mostrar foi exatamente como a ci\u00eancia hegem\u00f4nica no Brasil \u2013 percebida como cr\u00edtica e verdadeira apenas porque aponta o dedo para a corrup\u00e7\u00e3o estatal \u2013 \u00e9 no fundo um mecanismo de domina\u00e7\u00e3o. O que acontece com a Lava Jato \u00e9 que ela assume uma forma judicial de uma esp\u00e9cie de representa\u00e7\u00e3o de um partido extraparlamentar, que se utiliza mafiosamente das estruturas do Estado. S\u00e3o m\u00e1fias na Pol\u00edcia Federal, no Minist\u00e9rio P\u00fablico e na Justi\u00e7a que, junto com a imprensa \u2013 boca da elite financeira -, queriam tirar o PT do poder. Para isso, era preciso destruir esse projeto de forma extra-eleitoral, dada a hegemonia eleitoral petista, e a Lava Jato foi isso. O que fizeram com Lula foi feito exatamente nos Estados Unidos contra um senador do Alasca, Ted Stevens, um caso que foi reconstru\u00eddo pelos advogados de Lula. [procuradores do Departamento de Justi\u00e7a americano pretendiam implicar Stevens em um caso de corrup\u00e7\u00e3o tendo como base uma reforma de 200 mil d\u00f3lares que este havia realizado em seu chal\u00e9 no Alasca. Foi inocentado em 2009]. Se voc\u00ea v\u00ea a mesma estrat\u00e9gia sendo aplicada no Brasil, por que vai precisar de um print do Telegram para acreditar? Claro que agora isso foi levado para o olhar leigo, para o grande p\u00fablico, que confia mais nesse tipo de prova, mas a gente n\u00e3o precisa depender disso porque mesmo sem acesso \u00e0s mensagens \u00e9 poss\u00edvel tra\u00e7ar uma cadeia causal, uma vez que a estrat\u00e9gia \u00e9 a mesma.<\/p>\n\n\n\n<p><strong>Em&nbsp;<em>Guerra ao Brasil<\/em>&nbsp;voc\u00ea fala sobre como a domina\u00e7\u00e3o estadunidense moderna \u00e9 baseada no chamado&nbsp;<em>soft power<\/em>. Qual foi o papel da corrup\u00e7\u00e3o na constru\u00e7\u00e3o desse processo de domina\u00e7\u00e3o no contexto brasileiro?<\/strong><\/p>\n\n\n\n<p>A corrup\u00e7\u00e3o s\u00f3 da pol\u00edtica foi utilizada no Brasil pelo Estados Unidos para invisibilizar quem realmente rouba, que \u00e9 a elite americana e brasileira. Os EUA s\u00e3o, possivelmente, o pa\u00eds mais corrupto do mundo. O capitalismo financeiro americano \u00e9 montado na corrup\u00e7\u00e3o, na exist\u00eancia de para\u00edsos fiscais que lavam a evas\u00e3o global de impostos e todo tipo de dinheiro sujo. Ent\u00e3o eles criam uma lei contra a corrup\u00e7\u00e3o [Foreign Corrupt Practices Act, que permite o Departamento de Justi\u00e7a punir atos de corrup\u00e7\u00e3o de empresas estrangeiras mesmo que n\u00e3o atuem em solo estadunidense] n\u00e3o para atacar as suas pr\u00f3prias empresas, mas para atacar as empresas de pa\u00edses que querem enfraquecer. Uma vez que imaginam a Am\u00e9rica do Sul como um quintal que deve produzir mat\u00e9rias primas e ser importador de bens, usam o pretexto da corrup\u00e7\u00e3o para atacar nossas empresas toda vez que o Brasil tem maior inser\u00e7\u00e3o internacional ou se al\u00e7a como pot\u00eancia regional, com grandes empresas como a Petrobras e a Odebrecht agindo no mundo todo.<\/p>\n\n\n\n<p><strong>Foi isso o que a Lava Jato fez?<\/strong><\/p>\n\n\n\n<p>Sim. Para entendermos por que a corrup\u00e7\u00e3o \u00e9 o grande ponto a\u00ed, precisamos compreender a hierarquia moral do Ocidente. Tudo que \u00e9 considerado nobre e superior est\u00e1 ligado \u00e0s tr\u00eas dimens\u00f5es do esp\u00edrito, segundo Kant: intelig\u00eancia, moralidade e est\u00e9tica \u2013 especialmente a moralidade. Quando voc\u00ea ataca um povo inteiro dizendo que ele \u00e9 corrupto, est\u00e1 enfiando uma lan\u00e7a na autoestima deste povo e \u00e9 por isso que a corrup\u00e7\u00e3o \u00e9 utilizada como arma para manipular um povo sem autoconfian\u00e7a. Mas n\u00e3o se trata de EUA contra o Brasil, e sim de uma elite americana associada a uma elite dependente e subordinada brasileira contra a maior parte do povo americano e a quase totalidade do povo brasileiro. Uma alian\u00e7a entre elites que conseguiu convencer o povo de que a causa dos problemas brasileiros \u00e9 a corrup\u00e7\u00e3o na pol\u00edtica e que o povo brasileiro \u00e9 corrupto e portanto, inferior, criminalizando a soberania popular. Isso foi aceito pela esquerda e pela direita, sem exce\u00e7\u00e3o. Ent\u00e3o n\u00e3o \u00e9 preciso de fato guerrear com esse povo, porque ele j\u00e1 est\u00e1 de joelhos.<\/p>\n\n\n\n<p><strong>Bolsonaro \u00e9 o produto final desse processo?<\/strong><\/p>\n\n\n\n<p>Sem d\u00favida alguma. Tudo o que o Steve Bannon utilizou com Trump nas elei\u00e7\u00f5es americanas foi utilizado por&nbsp;<a href=\"https:\/\/revistacult.uol.com.br\/home\/tag\/jair-bolsonaro\">Bolsonaro<\/a>&nbsp;na elei\u00e7\u00e3o brasileira sem tirar nem por. Ficou muito claro pra mim, com Bolsonaro, que o racismo racial \u00e9 a linguagem como se articulam todos os outros racismos no Brasil \u2013 de classe, de ra\u00e7a e o racismo entre culturas. Depois dos anos 1960, nos EUA, quando os negros entram pela primeira vez na esfera p\u00fablica de modo importante na campanha pelos direitos civis, o racismo americano n\u00e3o pode ser mais ser dito de modo direto para a grande massa dos americanos. Ent\u00e3o o Partido Republicano adota o que se chama de estrat\u00e9gia sulista para criar uma guerra contra o crime e contra as drogas sem precisar dizer que era uma guerra contra os negros. O criminoso ent\u00e3o deixa de ser o cara que passa um trilh\u00e3o para os banqueiros embolsarem e passa a ser o cara que tem uma bituca de maconha no bolso ou que est\u00e1 vendendo maconha na esquina, porque n\u00e3o tem acesso a nenhum outro emprego. Essa fabrica\u00e7\u00e3o do criminoso tamb\u00e9m aconteceu no Brasil e Bolsonaro se aproveitou disso. Assim como o racismo americano depois da d\u00e9cada de 1960, o racismo racial brasileiro n\u00e3o pode se assumir como tal desde a d\u00e9cada de 1930, porque Get\u00falio Vargas usou as ideias de Gilberto Freyre de que o povo brasileiro \u00e9 mesti\u00e7o e que isso n\u00e3o tem problema nenhum, \u00e9 preciso incluir esse povo. Incluir a classe trabalhadora era o projeto social mais importante para Get\u00falio. O projeto montado pela elite de S\u00e3o Paulo e de seus intelectuais com essa bobagem de corrup\u00e7\u00e3o s\u00f3 dos pol\u00edticos \u2013 na verdade um pau mandado da elite \u2013 \u00e9 um falso moralismo e uma m\u00e1scara para o racismo.<\/p>\n\n\n\n<p><strong>Por qu\u00ea?<\/strong><\/p>\n\n\n\n<p>Porque a elite quer o or\u00e7amento p\u00fablico \u2013 pago pelos pobres \u2013 para roubar enquanto a classe m\u00e9dia branca quer os privil\u00e9gios educacionais sem competi\u00e7\u00e3o dos mais pobres. Transformar o canalha racista em campe\u00e3o da moralidade \u00e9 uma forma de manter a reprodu\u00e7\u00e3o de privil\u00e9gios dessas duas classes, enquanto a sociedade se mant\u00e9m desigual, perversa e odienta. O tema da corrup\u00e7\u00e3o no Brasil s\u00f3 serve para isso. A quest\u00e3o que os cientistas sociais t\u00eam que se colocar n\u00e3o \u00e9 a corrup\u00e7\u00e3o, \u00e9 o racismo, porque essa classe m\u00e9dia s\u00f3 sai \u00e0 rua quando tem algum governo querendo inserir mesti\u00e7os, negros e pobres em lugares de privil\u00e9gio. \u00c9 racismo. As duas teses de Bolsonaro foram combate \u00e0 corrup\u00e7\u00e3o, coisa dessa classe m\u00e9dia morista falsa moralista, e a suposta guerra contra a criminalidade. A novidade bolsonarista \u00e9 transpor esse racismo para o n\u00edvel das classes populares, algo que j\u00e1 vinha sendo constru\u00eddo h\u00e1 algumas d\u00e9cadas pela banda podre das igrejas evang\u00e9licas, que ajudam na cria\u00e7\u00e3o artificial do pobre delinquente \u2013 para diferenci\u00e1-lo do pobre honesto, que \u00e9 o evang\u00e9lico. Diz-se a esse pobre: \u201c\u2018voc\u00ea, que \u00e9 humilhado e cuspido, agora j\u00e1 pode se considerar melhor do que algu\u00e9m\u201d. Essa dimens\u00e3o moral e afetiva humana da distin\u00e7\u00e3o social \u00e9 t\u00e3o importante quanto um prato de comida. Nas classes populares, a igreja evang\u00e9lica vinha fazendo isso para mostrar que o evang\u00e9lico \u00e9 um pobre honesto e que o delinquente \u00e9 o homossexual, a \u201cprostituta\u201d, o \u201cbandido\u201d.&nbsp;Vai-se criando conflitos mirando a solidariedade do homem branco pobre e do evang\u00e9lico, de modo a para quebrar por dentro a solidariedade nas classes populares. Esta estrat\u00e9gia da Igreja evang\u00e9lica de angariar fi\u00e9is se casou perfeitamente com Bolsonaro, o representante miliciano que vai representar o racismo do pobre remediado e do branco que n\u00e3o ascendeu. S\u00e3o esses os racistas brasileiros, que se sentem humilhados pelo conhecimento leg\u00edtimo do branco estabelecido \u2013 por isso todo apoio dessa classe contra universidade, arte e conhecimento \u2013 e que buscam algu\u00e9m para canalizar esse ressentimento. Isso n\u00e3o existia no Brasil, e foi o que Bolsonaro \u2013 na verdade Bannon \u2013 montou. \u00c9 uma estrat\u00e9gia da extrema-direita americana, que vem se constituindo desde os anos 1970. Daqui uns cinco ou seis anos sai o Telegram mostrando como essa coisa foi montada. Mas a gente n\u00e3o precisa disso, podemos s\u00f3 usar a nossa intelig\u00eancia.<\/p>\n\n\n\n<p><strong>Se Bolsonaro foi o produto final desse processo de domina\u00e7\u00e3o, a Lava Jato foi a ponte?<\/strong><\/p>\n\n\n\n<p>Sem d\u00favida alguma, sem a Lava Jato n\u00e3o teria Bolsonaro. A Lava Jato queria tirar o PT do poder para por o PSDB e acabou por criminalizar toda a pol\u00edtica, o que \u00e9 um terreno perfeito para o surgimento de um cara como Bolsonaro como via de salva\u00e7\u00e3o para a moralidade p\u00fablica. Mas a Lava Jato foi desde o primeiro dia um projeto pol\u00edtico. Moro ia para os EUA aprender com o FBI desde 2007, sete anos antes da Lava Jato. Isso foi montado. A Lava Jato foi desde o come\u00e7o uma m\u00e1fia. N\u00e3o \u00e9 uma acusa\u00e7\u00e3o oca, \u00e9 uma an\u00e1lise. Ela n\u00e3o observou nunca nenhuma ordem legal, foi criminosa e contraditou a lei o tempo inteiro por conta da blindagem midi\u00e1tica elitista que a protegia. E \u00e9 muito importante que a gente diga que a Lava Jato n\u00e3o causou s\u00f3 uma perda em dinheiro, n\u00e3o acabou s\u00f3 com infraestrutura, com milh\u00f5es de empregos, com a pujan\u00e7a econ\u00f4mica do Brasil, n\u00e3o s\u00f3 empobreceu o pa\u00eds. Ela destruiu consensos democr\u00e1ticos extremamente dif\u00edceis de construir. Muita gente deu a vida por isso, seja porque foi assassinado ou porque empenhou a vida nisso. S\u00e3o ao menos duas gera\u00e7\u00f5es que lutaram para transformar a f\u00e9 na democracia num desejo de todos os brasileiros, e isso \u00e9 fr\u00e1gil. Esses 50 anos desde a luta contra a ditadura pela democratiza\u00e7\u00e3o foi o que a Lava Jato ajudou a destruir. O&nbsp;Brasil tem hoje consensos autorit\u00e1rios, mais do que jamais teve, e isso \u00e9 produto do que essa opera\u00e7\u00e3o fez, jogando com o tema da honestidade do modo mais hip\u00f3crita poss\u00edvel, enquanto destru\u00eda o \u00e2mago de uma democracia.<\/p>\n\n\n\n<p><strong>Voc\u00ea falou em uma live no seu Instagram sobre a necessidade de n\u00e3o pessoalizar essa quest\u00e3o, de n\u00e3o transformar essas an\u00e1lises sobre Moro ou Dallagnol, mas sim sobre as institui\u00e7\u00f5es. Isso n\u00e3o os desresponsabiliza?<\/strong><\/p>\n\n\n\n<p>Acho obviamente que Moro e Dallagnol devem ir para a cadeia. Espero que v\u00e3o. Mas personalizando a gente n\u00e3o aprende nada. Para que isso nunca mais aconte\u00e7a no futuro, precisamos entender o que tornou essa m\u00e1fia morista e dallagnoista poss\u00edvel. Isso tem a ver com um Minist\u00e9rio P\u00fablico e um Poder Judici\u00e1rio elitistas, de uma gente horr\u00edvel que odeia o pr\u00f3prio povo, que o despreza e que age impunemente porque s\u00e3o julgados pelos amigos, com os quais t\u00eam mil rela\u00e7\u00f5es e interesses a compartilhar. Se voc\u00ea manda Moro e Dallagnol para a cadeia, mas esquece de reorganizar e reestruturar o Estado e os consensos sociais, \u00e9 \u00f3bvio que isso vai acontecer de novo. Vai aparecer outro Moro com outro nome. \u00c9 claro que \u00e9 preciso criminalizar pelo que eles fizeram, mas toda compreens\u00e3o ampla deve ser institucional. A imprensa tamb\u00e9m, que mentiu o tempo todo sabendo que estava mentindo. Tem que ter um controle externo da imprensa, que garanta pluralidade. Temos que aprender a perceber quais foram os fatores estruturais e institucionais que permitiram essa cat\u00e1strofe para al\u00e9m de culpabilizar apenas indiv\u00edduos. O mundo n\u00e3o \u00e9 feito por pessoas. As pessoas v\u00e3o assumir conjunturalmente um papel, mas o mundo \u00e9 feito por articula\u00e7\u00f5es muito maiores e mais importantes.<\/p>\n\n\n\n<p><strong>V\u00ea sa\u00eddas \u00e0 esquerda para isso?<\/strong><\/p>\n\n\n\n<p>Sim, mas vejo tamb\u00e9m falhas. Eu sempre disse que num caso como o Brasil, para que voc\u00ea possa explicar \u00e0s pessoas o que est\u00e1 acontecendo, \u00e9 preciso atacar o tema do uso falso moralista da corrup\u00e7\u00e3o, que est\u00e1 a\u00ed h\u00e1 100 anos. N\u00e3o \u00e9 poss\u00edvel retirar todo o poder da elite rentista sem tocar na \u00fanica legitima\u00e7\u00e3o que ela t\u00eam para se manter no poder que \u00e9 esse uso da corrup\u00e7\u00e3o para enganar os pr\u00f3prios pobres, estigmatizar, criminalizar e enganar o voto popular. Eu n\u00e3o vejo ningu\u00e9m na esquerda tematizar e nem ter efetiva clareza em rela\u00e7\u00e3o a isso, \u00e9 uma coisa que me deixa extremamente preocupado. N\u00e3o&nbsp;tem&nbsp;mobiliza\u00e7\u00e3o de base, ningu\u00e9m est\u00e1 usando o dinheiro dos partidos para educar as massas. N\u00e3o existe nada mais importante do que isso. As pessoas precisam ser educadas. As pessoas que comandam partidos, que s\u00e3o de classe m\u00e9dia, imaginam que quem \u00e9 pobre pensa o mundo como elas, com as mesmas categorias, com o distanciamento em rela\u00e7\u00e3o ao mundo que elas t\u00eam \u2013 que \u00e9 um privil\u00e9gio de classe, voc\u00ea poder refletir distanciadamente e ver como as coisas realmente acontecem. N\u00e3o \u00e9 assim que os pobres veem o mundo, mas os pol\u00edticos de classe m\u00e9dia imaginam que seja. Eu vejo a\u00ed enorme falhas. Claro que individualmente h\u00e1 muita gente fazendo o melhor que pode,&nbsp;n\u00e3o&nbsp;quero ser injusto,&nbsp;como&nbsp;Fl\u00e1vio Dino, Boulos, Freixo, uma gera\u00e7\u00e3o de pol\u00edticos talentosos, mas ainda sem uma percep\u00e7\u00e3o adequada de como montar, recuperar a intelig\u00eancia desse povo oprimido, que pra mim \u00e9 a grande quest\u00e3o. Isso n\u00e3o se resolve com estrat\u00e9gia eleitoreira, mas s\u00f3 por meio de ideias e esclarecimentos, que faltam em todo lugar. Tenho essa preocupa\u00e7\u00e3o muito grande e acho que ela \u00e9 extremamente importante para qualquer projeto que seja de mudan\u00e7a do nosso pa\u00eds.<\/p>\n\n\n\n<p>*<\/p>\n\n\n\n<p>Nos dias 29, 30 e 31\/07, Jess\u00e9 Souza ministra o curso \u201cGuerra ao Brasil\u201d pelo Espa\u00e7o Cult.<a href=\"https:\/\/www.cultloja.com.br\/produto\/a-guerra-contra-o-brasil\/\">Inscri\u00e7\u00f5es abertas.<\/a><\/p>\n","protected":false},"excerpt":{"rendered":"<p>\u201cIdeias envenenadas e ju\u00edzes corruptos no lugar de bombas e balas\u201d. Essa frase, que abre um dos cap\u00edtulos do novo livro de Jess\u00e9 Souza,\u00a0Guerra ao Brasil\u00a0(Esta\u00e7\u00e3o Brasil), resume o conceito de\u00a0soft power, utilizado pelo soci\u00f3logo para explicar a domina\u00e7\u00e3o estadunidense moderna.<\/p>\n","protected":false},"author":1,"featured_media":0,"comment_status":"closed","ping_status":"open","sticky":false,"template":"","format":"standard","meta":{"_exactmetrics_skip_tracking":false,"_exactmetrics_sitenote_active":false,"_exactmetrics_sitenote_note":"","_exactmetrics_sitenote_category":0,"jetpack_post_was_ever_published":false,"_jetpack_newsletter_access":"","_jetpack_dont_email_post_to_subs":false,"_jetpack_newsletter_tier_id":0,"_jetpack_memberships_contains_paywalled_content":false,"_jetpack_memberships_contains_paid_content":false,"footnotes":"","jetpack_publicize_message":"","jetpack_publicize_feature_enabled":true,"jetpack_social_post_already_shared":true,"jetpack_social_options":{"image_generator_settings":{"template":"highway","enabled":false},"version":2}},"categories":[1],"tags":[],"class_list":["post-29169","post","type-post","status-publish","format-standard","hentry","category-notas"],"jetpack_publicize_connections":[],"jetpack_sharing_enabled":true,"jetpack_featured_media_url":"","jetpack_shortlink":"https:\/\/wp.me\/p7wKYW-7At","jetpack-related-posts":[],"_links":{"self":[{"href":"http:\/\/blogdalucianaoliveira.com.br\/blog\/wp-json\/wp\/v2\/posts\/29169","targetHints":{"allow":["GET"]}}],"collection":[{"href":"http:\/\/blogdalucianaoliveira.com.br\/blog\/wp-json\/wp\/v2\/posts"}],"about":[{"href":"http:\/\/blogdalucianaoliveira.com.br\/blog\/wp-json\/wp\/v2\/types\/post"}],"author":[{"embeddable":true,"href":"http:\/\/blogdalucianaoliveira.com.br\/blog\/wp-json\/wp\/v2\/users\/1"}],"replies":[{"embeddable":true,"href":"http:\/\/blogdalucianaoliveira.com.br\/blog\/wp-json\/wp\/v2\/comments?post=29169"}],"version-history":[{"count":1,"href":"http:\/\/blogdalucianaoliveira.com.br\/blog\/wp-json\/wp\/v2\/posts\/29169\/revisions"}],"predecessor-version":[{"id":29171,"href":"http:\/\/blogdalucianaoliveira.com.br\/blog\/wp-json\/wp\/v2\/posts\/29169\/revisions\/29171"}],"wp:attachment":[{"href":"http:\/\/blogdalucianaoliveira.com.br\/blog\/wp-json\/wp\/v2\/media?parent=29169"}],"wp:term":[{"taxonomy":"category","embeddable":true,"href":"http:\/\/blogdalucianaoliveira.com.br\/blog\/wp-json\/wp\/v2\/categories?post=29169"},{"taxonomy":"post_tag","embeddable":true,"href":"http:\/\/blogdalucianaoliveira.com.br\/blog\/wp-json\/wp\/v2\/tags?post=29169"}],"curies":[{"name":"wp","href":"https:\/\/api.w.org\/{rel}","templated":true}]}}