{"id":29187,"date":"2020-07-16T10:31:35","date_gmt":"2020-07-16T14:31:35","guid":{"rendered":"http:\/\/blogdalucianaoliveira.com.br\/blog\/?p=29187"},"modified":"2020-07-16T10:31:45","modified_gmt":"2020-07-16T14:31:45","slug":"ex-presidente-da-fiesp-diz-que-mundo-perdeu-a-paciencia-com-o-brasil-pela-destruicao-da-amazonia","status":"publish","type":"post","link":"http:\/\/blogdalucianaoliveira.com.br\/blog\/2020\/07\/16\/ex-presidente-da-fiesp-diz-que-mundo-perdeu-a-paciencia-com-o-brasil-pela-destruicao-da-amazonia\/","title":{"rendered":"Ex-presidente da Fiesp diz que mundo perdeu a paci\u00eancia com o Brasil pela destrui\u00e7\u00e3o da Amaz\u00f4nia"},"content":{"rendered":"\n<figure class=\"wp-block-image\"><img data-recalc-dims=\"1\" decoding=\"async\" src=\"https:\/\/i0.wp.com\/publisher-publish.s3.eu-central-1.amazonaws.com\/pb-brasil247\/swp\/jtjeq9\/media\/20200716090736_ed8dddc9092089454984fc8c58f078c4aa2ec081f9ea4a9fe901d01817e1703a.jpeg?w=600&#038;ssl=1\" alt=\"Hor\u00e1cio Lafer Piva, Hamilton Mour\u00e3o, Jair Bolsonaro e desmatamento na Amaz\u00f4nia\"\/><\/figure>\n\n\n\n<p><strong>247 &#8211;<\/strong>\u00a0\u201cO mundo perdeu a paci\u00eancia com o Brasil\u2019, disse o empres\u00e1rio Hor\u00e1cio Lafer Piva, da Klabin e ex-presidente da Fiesp, ao comentar, em entrevista ao jornal Valor, o desastre ambiental e o recorde de queimadas na Amaz\u00f4nia. \u201c[O desmatamento] Afeta n\u00e3o s\u00f3 o dia a dia das empresas, como inclusive o rating [notas de risco de cr\u00e9dito] desses grupos que, de alguma forma, contam com investimentos e financiamentos de agentes internacionais, hoje muito mais ativos na quest\u00e3o do meio ambiente e da sustentabilidade\u201d, disse ele. <\/p>\n\n\n\n<!--more-->\n\n\n\n<p>Fundos de investimento que gerenciam ativos perto de US$ 4 trilh\u00f5es (mais de R$ 20 trilh\u00f5es) pediram ao Brasil que suspenda o desmatamento na Amaz\u00f4nia. Saiba mais sobre o caso:<\/p>\n\n\n\n<p><strong>Sputnik &#8211;&nbsp;<\/strong>Amea\u00e7as de investidores internacionais e recordes por 14 meses consecutivos no desmatamento da Amaz\u00f4nia aqueceram o assento do ministro do Meio Ambiente, Ricardo Salles, e ao que tudo indica a sua sa\u00edda passou de &#8220;se&#8221; para o &#8220;quando&#8221;, de acordo com um especialista ouvido pela Sputnik Brasil.<\/p>\n\n\n\n<p>Integrante do grupo de transi\u00e7\u00e3o reunido por Bolsonaro logo ap\u00f3s a sua elei\u00e7\u00e3o, em outubro de 2018, o advogado Ant\u00f4nio Fernando Pinheiro Pedro, fundador e primeiro presidente da Comiss\u00e3o de Meio Ambiente da Ordem dos Advogados do Brasil (OAB), disse que a press\u00e3o pela sa\u00edda de Salles \u00e9 apenas uma resposta esperada ao que vem sendo feito pelo minist\u00e9rio.<\/p>\n\n\n\n<p>&#8220;H\u00e1 uma press\u00e3o organizada, mas ela se deve \u00e0 crescente desorganiza\u00e7\u00e3o que ocorre hoje na pasta do Meio Ambiente. Portanto, n\u00e3o \u00e9 apenas uma a\u00e7\u00e3o organizada, \u00e9 uma rea\u00e7\u00e3o em rela\u00e7\u00e3o \u00e0 desorganiza\u00e7\u00e3o crescente que est\u00e1 acontecendo na gest\u00e3o ambiental a n\u00edvel federal no Brasil&#8221;, declarou ele, que tamb\u00e9m \u00e9 consultor do Banco Mundial, \u00e0 Sputnik Brasil.<\/p>\n\n\n\n<p>Ministro do Meio Ambiente, Ricardo Salles, \u00e9 um dos que est\u00e1 com Bolsonaro desde o in\u00edcio do governo.<\/p>\n\n\n\n<p>Justamente para o Banco Mundial foi enviado Abraham Weintraub, ex-ministro da Educa\u00e7\u00e3o e o mais recente nome que, mesmo pressionado por entidades, foi mantido at\u00e9 o \u00faltimo momento pelo presidente Jair Bolsonaro. Assim como ele, Salles conta com muito prest\u00edgio junto ao n\u00facleo bolsonarista e ideol\u00f3gico do governo, por\u00e9m j\u00e1 h\u00e1 press\u00e3o interna contra ele.<\/p>\n\n\n\n<p>Nesta semana, o vice-presidente Hamilton Mour\u00e3o se reuniu com investidores internacionais que amea\u00e7aram h\u00e1 algumas semanas retirar ou rever inje\u00e7\u00f5es financeiras no Brasil, caso o governo n\u00e3o se fa\u00e7a presente na crescente destrui\u00e7\u00e3o da Amaz\u00f4nia. Outros nomes, como a ministra da Agricultura Tereza Cristina, tamb\u00e9m j\u00e1 tiveram de apagar inc\u00eandios n\u00e3o na floresta, mas sim em pol\u00eamicas de cunho ambiental.<\/p>\n\n\n\n<p>\u00c0 Sputnik Brasil, Ant\u00f4nio Fernando Pinheiro Pedro avaliou que tal cen\u00e1rio apenas exp\u00f5e a perda de interlocu\u00e7\u00e3o por parte de Salles, tanto junto aos interessados na gest\u00e3o ambiental, quando na sociedade civil, nos grupos econ\u00f4micos e nas comunidades locais impactadas. Considerando os conflitos hoje em andamento na \u00e1rea ambiental, isso precisa ser recuperado \u2013 o que talvez seja poss\u00edvel somente com uma mudan\u00e7a.<br><\/p>\n\n\n\n<p>&#8220;Ele perdeu a interlocu\u00e7\u00e3o e n\u00e3o \u00e9 mais um agente capaz de resolver conflitos de gest\u00e3o ambiental a n\u00edvel federal. Mas o problema \u00e9 pior: o ministro est\u00e1 perdendo a interlocu\u00e7\u00e3o com o p\u00fablico interno, com os seus pr\u00f3prios administrados. N\u00e3o h\u00e1 mais uma liga\u00e7\u00e3o e uma comunica\u00e7\u00e3o efetiva entre o que faz o gabinete do minist\u00e9rio e o que est\u00e1 acontecendo no restante da administra\u00e7\u00e3o federal no que tange a tutela do meio ambiente&#8221;, afirmou.<\/p>\n\n\n\n<p>&#8220;Com isso, o que acontece? Acontece que o governo fica demandado a substituir o seu gestor e n\u00e3o o fez at\u00e9 agora porque, ao que tudo indica, ele [o presidente da Rep\u00fablica] ainda n\u00e3o tem um nome, [&#8230;] um quadro que esteja no perfil de atender n\u00e3o s\u00f3 essas necessidades b\u00e1sicas de interlocu\u00e7\u00e3o na gest\u00e3o ambiental brasileira, mas que tenha afinidade com a pr\u00f3pria linha adotada pelo discurso governamental a partir do gabinete da Presid\u00eancia&#8221;, acrescentou.<\/p>\n\n\n\n<p>O analista ouvido pela Sputnik Brasil afirmou que a quest\u00e3o ambiental dentro do governo sempre foi uma \u00e1rea dif\u00edcil, e a culpa por isso seria pelo que ele chama de &#8220;S\u00edndrome de Janus&#8221;, explicando que trata-se de &#8220;um deus romano com uma cabe\u00e7a com dois rostos, voltados para dire\u00e7\u00f5es opostas, uma cabe\u00e7a com duas faces: a que olha para o passado, a que vislumbra o futuro, a que observa os erros, a que enxerga os acertos, a que vislumbra o certo, a que mira o errado&#8221;.<\/p>\n\n\n\n<p>Com tal deformidade, tamb\u00e9m identificada em uma disputa interna entre os n\u00facleos ideol\u00f3gico e militar, vem fazendo com que o Meio Ambiente e as controversas pol\u00edticas de Salles na \u00e1rea respinguem em outros minist\u00e9rios, sobrecarregando mais equipes e agravando uma gest\u00e3o classificada por ele como &#8220;uma mula sem cabe\u00e7a&#8221;.<\/p>\n\n\n\n<p>&#8220;H\u00e1 um discurso reiterado de base ideol\u00f3gica politizado a partir do gabinete que forma um segundo rosto na administra\u00e7\u00e3o, e este influi diretamente na gest\u00e3o ambiental brasileira, que se tornou cada vez menos t\u00e9cnica e cada vez mais politizada [&#8230;]. A Infraestrutura come\u00e7a a ter que responder por demandas ambientais que n\u00e3o eram dela, e a Agricultura principalmente que \u00e9 hoje o principal minist\u00e9rio do governo, afinal mais de um ter\u00e7o do PIB est\u00e1 l\u00e1 dentro&#8221;, pontuou.<\/p>\n\n\n\n<p>Ant\u00f4nio Fernando Pinheiro Pedro enfatizou que, diante da necessidade de substitui\u00e7\u00e3o do ministro do Meio Ambiente, \u00e9 preciso que o governo Bolsonaro siga um roteiro estrat\u00e9gico, preocupando-se mais com o aspecto t\u00e9cnico da posi\u00e7\u00e3o do que com elementos pol\u00edticos ou ideol\u00f3gicos. E o substituto, prosseguiu ele, deve ser algu\u00e9m t\u00e9cnico e capaz de retomar a interlocu\u00e7\u00e3o que, na gest\u00e3o Salles, praticamente inexiste.<\/p>\n\n\n\n<p>&#8220;A gest\u00e3o ambiental brasileira continua sendo uma mula sem cabe\u00e7a [&#8230;]. A primeira coisa \u00e9 montar um conselho de ministros com o presidente da Rep\u00fablica, inclu\u00eddo o ministro do Meio Ambiente. Segundo, a reconstitui\u00e7\u00e3o do sistema de gest\u00e3o ambiental, seja no que tange ao Sisnama a partir do Conselho Nacional do Meio Ambiente, seja no que tange as outras a\u00e7\u00f5es importantes como a quest\u00e3o da mudan\u00e7a clim\u00e1tica e da biodiversidade. Terceiro, monte-se uma sala de situa\u00e7\u00e3o para lidar com situa\u00e7\u00f5es emergenciais e com o acompanhamento da implementa\u00e7\u00e3o das pol\u00edticas p\u00fablicas no setor. O perfil do ministro Salles n\u00e3o \u00e9 compat\u00edvel com o trabalho em equipe e \u00e9 necess\u00e1rio que um gestor saiba trabalhar em equipe&#8221;, completou.<\/p>\n","protected":false},"excerpt":{"rendered":"<p>247 &#8211;\u00a0\u201cO mundo perdeu a paci\u00eancia com o Brasil\u2019, disse o empres\u00e1rio Hor\u00e1cio Lafer Piva, da Klabin e ex-presidente da Fiesp, ao comentar, em entrevista ao jornal Valor, o desastre ambiental e o recorde de queimadas na Amaz\u00f4nia. \u201c[O desmatamento] Afeta n\u00e3o s\u00f3 o dia a dia das empresas, como inclusive o rating [notas de&#8230;<a class=\"more-link\" href=\"http:\/\/blogdalucianaoliveira.com.br\/blog\/2020\/07\/16\/ex-presidente-da-fiesp-diz-que-mundo-perdeu-a-paciencia-com-o-brasil-pela-destruicao-da-amazonia\/\">Continue a leitura <span class=\"meta-nav\">&raquo;<\/span><\/a><\/p>\n","protected":false},"author":1,"featured_media":0,"comment_status":"closed","ping_status":"open","sticky":false,"template":"","format":"standard","meta":{"_exactmetrics_skip_tracking":false,"_exactmetrics_sitenote_active":false,"_exactmetrics_sitenote_note":"","_exactmetrics_sitenote_category":0,"jetpack_post_was_ever_published":false,"_jetpack_newsletter_access":"","_jetpack_dont_email_post_to_subs":false,"_jetpack_newsletter_tier_id":0,"_jetpack_memberships_contains_paywalled_content":false,"_jetpack_memberships_contains_paid_content":false,"footnotes":"","jetpack_publicize_message":"","jetpack_publicize_feature_enabled":true,"jetpack_social_post_already_shared":true,"jetpack_social_options":{"image_generator_settings":{"template":"highway","enabled":false},"version":2}},"categories":[1],"tags":[],"class_list":["post-29187","post","type-post","status-publish","format-standard","hentry","category-notas"],"jetpack_publicize_connections":[],"jetpack_sharing_enabled":true,"jetpack_featured_media_url":"","jetpack_shortlink":"https:\/\/wp.me\/p7wKYW-7AL","jetpack-related-posts":[],"_links":{"self":[{"href":"http:\/\/blogdalucianaoliveira.com.br\/blog\/wp-json\/wp\/v2\/posts\/29187","targetHints":{"allow":["GET"]}}],"collection":[{"href":"http:\/\/blogdalucianaoliveira.com.br\/blog\/wp-json\/wp\/v2\/posts"}],"about":[{"href":"http:\/\/blogdalucianaoliveira.com.br\/blog\/wp-json\/wp\/v2\/types\/post"}],"author":[{"embeddable":true,"href":"http:\/\/blogdalucianaoliveira.com.br\/blog\/wp-json\/wp\/v2\/users\/1"}],"replies":[{"embeddable":true,"href":"http:\/\/blogdalucianaoliveira.com.br\/blog\/wp-json\/wp\/v2\/comments?post=29187"}],"version-history":[{"count":1,"href":"http:\/\/blogdalucianaoliveira.com.br\/blog\/wp-json\/wp\/v2\/posts\/29187\/revisions"}],"predecessor-version":[{"id":29188,"href":"http:\/\/blogdalucianaoliveira.com.br\/blog\/wp-json\/wp\/v2\/posts\/29187\/revisions\/29188"}],"wp:attachment":[{"href":"http:\/\/blogdalucianaoliveira.com.br\/blog\/wp-json\/wp\/v2\/media?parent=29187"}],"wp:term":[{"taxonomy":"category","embeddable":true,"href":"http:\/\/blogdalucianaoliveira.com.br\/blog\/wp-json\/wp\/v2\/categories?post=29187"},{"taxonomy":"post_tag","embeddable":true,"href":"http:\/\/blogdalucianaoliveira.com.br\/blog\/wp-json\/wp\/v2\/tags?post=29187"}],"curies":[{"name":"wp","href":"https:\/\/api.w.org\/{rel}","templated":true}]}}