{"id":29192,"date":"2020-07-16T10:56:09","date_gmt":"2020-07-16T14:56:09","guid":{"rendered":"http:\/\/blogdalucianaoliveira.com.br\/blog\/?p=29192"},"modified":"2020-07-16T10:58:49","modified_gmt":"2020-07-16T14:58:49","slug":"casa-ninja-amazonia-promove-encontro-de-jornalismo-ambiental-no-proximo-sabado","status":"publish","type":"post","link":"http:\/\/blogdalucianaoliveira.com.br\/blog\/2020\/07\/16\/casa-ninja-amazonia-promove-encontro-de-jornalismo-ambiental-no-proximo-sabado\/","title":{"rendered":"Casa Ninja Amaz\u00f4nia promove encontro de jornalismo ambiental no pr\u00f3ximo s\u00e1bado"},"content":{"rendered":"\n<figure class=\"wp-block-image\"><img decoding=\"async\" src=\"https:\/\/scontent.fbsb12-1.fna.fbcdn.net\/v\/t1.0-9\/p960x960\/107377897_1914035402087929_1540443452343288249_o.jpg?_nc_cat=102&amp;_nc_sid=9e2e56&amp;_nc_eui2=AeGgGjRYesQFbqgMqlkjTyxfw-HFcD01wvnD4cVwPTXC-a8D1L-Ceo0Gnh0S1ZjcrFHeuH_LT5IxcWnwbUyn3-ew&amp;_nc_ohc=448phGPrLxMAX_AdW5Y&amp;_nc_ht=scontent.fbsb12-1.fna&amp;_nc_tp=6&amp;oh=7e39a1b416d506ef5b83f25fa7d0c091&amp;oe=5F34E132\" alt=\"A imagem pode conter: texto e natureza\"\/><\/figure>\n\n\n\n<p>A temporada de queimadas na Amaz\u00f4nia j\u00e1 come\u00e7ou e precisamos agir!<\/p>\n\n\n\n<p>Se em 2019 a destrui\u00e7\u00e3o pelo fogo foi assustadora, esse ano as perspectivas, com o atual governo e o enfraquecimento dos \u00f3rg\u00e3os de fiscaliza\u00e7\u00e3o, s\u00e3o ainda piores. Tendo em vista esse contexto, a @midianinja convoca comunicadores, jornalistas, midialivristas, especialistas e pesquisadores da Amaz\u00f4nia para construir e debater a cobertura e a produ\u00e7\u00e3o de conte\u00fado multim\u00eddia sobre as queimadas em 2020.<\/p>\n\n\n\n<!--more-->\n\n\n\n<p>Nos pr\u00f3ximos dias 17 e 18 de julho a @casaninjaamazonia realizar\u00e1 uma programa\u00e7\u00e3o com lan\u00e7amento de uma s\u00e9rie documental produzida em 2019 e um encontro entre aqueles que buscam informar e denunciar as queimadas e o desmatamento crescente na Amaz\u00f4nia neste per\u00edodo de pandemia.<\/p>\n\n\n\n<p>O chamado \u00e9 aberto para comunicadores de todos os estados e o encontro ser\u00e1 online, com participa\u00e7\u00e3o via Zoom.<br>Inscreva-se para participar:&nbsp;<a href=\"https:\/\/l.facebook.com\/l.php?u=https%3A%2F%2Fbit.ly%2F2W1QxvV%3Ffbclid%3DIwAR1RJKAvhw44PYovd6G_EjJVP-m43Qklp8h67QjJxHjXtObl7j_-OUs1Z8w&amp;h=AT1oLEaVE3_ubhirAq4v8vFioXwDBn_dH_J2b4-qWfsAEA7omGAkOfHK9FDkwtWygJrkqSBGgsmVD6rw20oog1LTpSzgOwgVoRAkKimjxT4mZLw75nKfJcl24JNVoi5tpeSdrXmdXTrz4vr2hCv012hU7CVNSXmqNTJRq6TEWhj1sTNTeq1YHRi9BBGVpuoNi7NY-QuAD-oyGK8uZMJcEfM_2akygvi19l8wVGj2UTwOjR_9dKqF0A6dagHIwh8EXf4z9JN2WHlyjJTymM1t8nn2XFCDE8XzYP7mTKpgVebMyq6EeH--gyGOHjKhmKnyFXJVW4kJJOaL6MQyIvVtivs9M1_9ezP4jDx4Z0hjePdLmA7Tk3_L8o8G0jhE_yVaD4t3h_l7sfQfKyHq_vI4p-Vu6B4zN-6uwo8r8Ptq6_Py8PCYODzuryErQSs612faViIHnFuTHyLjvd2sXHc6jGyzfjr2Uj3lPTUZf-fxGM5UbIRoSTYQTyvjQ--jKaEmGSpJSxx4ynJLaq1f6RzkEXMOV2ifIGtcX6Wkfw2Ywt_T3XPMBLotzHwBgDb6NhZ-vGKqvzv1RUNCzkx2Ve3ZyL6vqZDCQEmTf0OS4i0LFajACLfjMAvhR9pHgA0kLGDVCwqKtEfbEMtqdfKfSQvy\" target=\"_blank\" rel=\"noreferrer noopener\">https:\/\/bit.ly\/2W1QxvV<\/a><\/p>\n\n\n\n<p><a href=\"https:\/\/www.facebook.com\/hashtag\/brigadamazonia?__eep__=6&amp;source=feed_text&amp;epa=HASHTAG&amp;__xts__%5B0%5D=68.ARA-4a1MQs3Q4mzHi3DpQFmNuXMsQ0EfbwCahoGMv3EHlfxBgNarHdjLa1UMSWUXqApyRMdCjXstuoYopidgph5-ZZOSGz27fdhsPDs6zVMZfAeFMi7Rztlipx5vbo7t6YT-PCrdMwPD3tkz-NiWqlkDgV32JHPx8VpLlZ2hNAlxmLNwFGSDuqVDP1zhERdTX6CylQZeAEzGQFsgFs0thSWRm-aOu0TWqt_C4aG40Tr3rd-TRpXuattZa6hjLv28RjrTOlVvf6vCTZQn4hUzCBhvp9qnfNMeRii7hBLHXHPmxp26HMEOfHWeS-5jOpptbjsr2UEdTDEyVxVwycrrE6nA9g&amp;__tn__=%2ANK-R\">#brigadamazonia<\/a>&nbsp;<a href=\"https:\/\/www.facebook.com\/hashtag\/brigadaninjaamazonia?__eep__=6&amp;source=feed_text&amp;epa=HASHTAG&amp;__xts__%5B0%5D=68.ARA-4a1MQs3Q4mzHi3DpQFmNuXMsQ0EfbwCahoGMv3EHlfxBgNarHdjLa1UMSWUXqApyRMdCjXstuoYopidgph5-ZZOSGz27fdhsPDs6zVMZfAeFMi7Rztlipx5vbo7t6YT-PCrdMwPD3tkz-NiWqlkDgV32JHPx8VpLlZ2hNAlxmLNwFGSDuqVDP1zhERdTX6CylQZeAEzGQFsgFs0thSWRm-aOu0TWqt_C4aG40Tr3rd-TRpXuattZa6hjLv28RjrTOlVvf6vCTZQn4hUzCBhvp9qnfNMeRii7hBLHXHPmxp26HMEOfHWeS-5jOpptbjsr2UEdTDEyVxVwycrrE6nA9g&amp;__tn__=%2ANK-R\">#brigadaninjaamazonia<\/a>&nbsp;<a href=\"https:\/\/www.facebook.com\/hashtag\/amazonia?__eep__=6&amp;source=feed_text&amp;epa=HASHTAG&amp;__xts__%5B0%5D=68.ARA-4a1MQs3Q4mzHi3DpQFmNuXMsQ0EfbwCahoGMv3EHlfxBgNarHdjLa1UMSWUXqApyRMdCjXstuoYopidgph5-ZZOSGz27fdhsPDs6zVMZfAeFMi7Rztlipx5vbo7t6YT-PCrdMwPD3tkz-NiWqlkDgV32JHPx8VpLlZ2hNAlxmLNwFGSDuqVDP1zhERdTX6CylQZeAEzGQFsgFs0thSWRm-aOu0TWqt_C4aG40Tr3rd-TRpXuattZa6hjLv28RjrTOlVvf6vCTZQn4hUzCBhvp9qnfNMeRii7hBLHXHPmxp26HMEOfHWeS-5jOpptbjsr2UEdTDEyVxVwycrrE6nA9g&amp;__tn__=%2ANK-R\">#amazonia<\/a>&nbsp;<a href=\"https:\/\/www.facebook.com\/hashtag\/queimadas?__eep__=6&amp;source=feed_text&amp;epa=HASHTAG&amp;__xts__%5B0%5D=68.ARA-4a1MQs3Q4mzHi3DpQFmNuXMsQ0EfbwCahoGMv3EHlfxBgNarHdjLa1UMSWUXqApyRMdCjXstuoYopidgph5-ZZOSGz27fdhsPDs6zVMZfAeFMi7Rztlipx5vbo7t6YT-PCrdMwPD3tkz-NiWqlkDgV32JHPx8VpLlZ2hNAlxmLNwFGSDuqVDP1zhERdTX6CylQZeAEzGQFsgFs0thSWRm-aOu0TWqt_C4aG40Tr3rd-TRpXuattZa6hjLv28RjrTOlVvf6vCTZQn4hUzCBhvp9qnfNMeRii7hBLHXHPmxp26HMEOfHWeS-5jOpptbjsr2UEdTDEyVxVwycrrE6nA9g&amp;__tn__=%2ANK-R\">#queimadas<\/a>&nbsp;<a href=\"https:\/\/www.facebook.com\/hashtag\/pandemia?__eep__=6&amp;source=feed_text&amp;epa=HASHTAG&amp;__xts__%5B0%5D=68.ARA-4a1MQs3Q4mzHi3DpQFmNuXMsQ0EfbwCahoGMv3EHlfxBgNarHdjLa1UMSWUXqApyRMdCjXstuoYopidgph5-ZZOSGz27fdhsPDs6zVMZfAeFMi7Rztlipx5vbo7t6YT-PCrdMwPD3tkz-NiWqlkDgV32JHPx8VpLlZ2hNAlxmLNwFGSDuqVDP1zhERdTX6CylQZeAEzGQFsgFs0thSWRm-aOu0TWqt_C4aG40Tr3rd-TRpXuattZa6hjLv28RjrTOlVvf6vCTZQn4hUzCBhvp9qnfNMeRii7hBLHXHPmxp26HMEOfHWeS-5jOpptbjsr2UEdTDEyVxVwycrrE6nA9g&amp;__tn__=%2ANK-R\">#pandemia<\/a><\/p>\n\n\n\n<figure class=\"wp-block-image\"><img decoding=\"async\" src=\"https:\/\/scontent.fbsb12-1.fna.fbcdn.net\/v\/t1.0-9\/p960x960\/107384650_1914035478754588_451364396478912260_o.jpg?_nc_cat=104&amp;_nc_sid=9e2e56&amp;_nc_eui2=AeGo37_I7i4mgTS8JxnNsSDAUFJHLWNtch1QUkctY21yHXC6aGgn-q6jxegxtQwzoxQh-PxMnhLLgkt14yR9Vm9w&amp;_nc_ohc=Y5pfqBVFlQMAX8nB-7i&amp;_nc_ht=scontent.fbsb12-1.fna&amp;_nc_tp=6&amp;oh=42dc8dc5a1ac027f69c479c9dc21cc52&amp;oe=5F352E09\" alt=\"A imagem pode conter: texto que diz &quot;17 20H (bras\u00edlia) 07 Lan\u00e7amento da s\u00e9rie documental que percorreu 5 estados da regi\u00e3o denunciando as queimadas na Amaz\u00f4nia. Especial Dia da Prote\u00e7\u00e3o \u00e0s Florestas CASANINA AMAZONIA NIJA BRIGADA AMAZ\u00d3NIA&quot;\"\/><\/figure>\n\n\n\n<p><\/p>\n\n\n\n<figure class=\"wp-block-image\"><img decoding=\"async\" src=\"https:\/\/scontent.fbsb12-1.fna.fbcdn.net\/v\/t1.0-9\/p960x960\/107397564_1914035548754581_2607608025615787765_o.jpg?_nc_cat=104&amp;_nc_sid=9e2e56&amp;_nc_eui2=AeGGbejAjHd6RLe5lk41lR4WB-idgJJpStcH6J2AkmlK12sgdZoKWb7PLTPlAmuuFlSu2Lh1Saj84vcx_CXjkd1X&amp;_nc_ohc=-2TCx8kgfq0AX_UBF4X&amp;_nc_ht=scontent.fbsb12-1.fna&amp;_nc_tp=6&amp;oh=efa392400b420cc95e742131aee68b88&amp;oe=5F36C8D8\" alt=\"Nenhuma descri\u00e7\u00e3o de foto dispon\u00edvel.\"\/><\/figure>\n","protected":false},"excerpt":{"rendered":"<p>A temporada de queimadas na Amaz\u00f4nia j\u00e1 come\u00e7ou e precisamos agir! Se em 2019 a destrui\u00e7\u00e3o pelo fogo foi assustadora, esse ano as perspectivas, com o atual governo e o enfraquecimento dos \u00f3rg\u00e3os de fiscaliza\u00e7\u00e3o, s\u00e3o ainda piores. Tendo em vista esse contexto, a @midianinja convoca comunicadores, jornalistas, midialivristas, especialistas e pesquisadores da Amaz\u00f4nia para&#8230;<a class=\"more-link\" href=\"http:\/\/blogdalucianaoliveira.com.br\/blog\/2020\/07\/16\/casa-ninja-amazonia-promove-encontro-de-jornalismo-ambiental-no-proximo-sabado\/\">Continue a leitura <span class=\"meta-nav\">&raquo;<\/span><\/a><\/p>\n","protected":false},"author":1,"featured_media":29194,"comment_status":"closed","ping_status":"open","sticky":false,"template":"","format":"standard","meta":{"_exactmetrics_skip_tracking":false,"_exactmetrics_sitenote_active":false,"_exactmetrics_sitenote_note":"","_exactmetrics_sitenote_category":0,"jetpack_post_was_ever_published":false,"_jetpack_newsletter_access":"","_jetpack_dont_email_post_to_subs":false,"_jetpack_newsletter_tier_id":0,"_jetpack_memberships_contains_paywalled_content":false,"_jetpack_memberships_contains_paid_content":false,"footnotes":"","jetpack_publicize_message":"","jetpack_publicize_feature_enabled":true,"jetpack_social_post_already_shared":true,"jetpack_social_options":{"image_generator_settings":{"template":"highway","enabled":false},"version":2}},"categories":[1],"tags":[],"class_list":["post-29192","post","type-post","status-publish","format-standard","has-post-thumbnail","hentry","category-notas"],"jetpack_publicize_connections":[],"jetpack_sharing_enabled":true,"jetpack_featured_media_url":"https:\/\/i0.wp.com\/blogdalucianaoliveira.com.br\/blog\/wp-content\/uploads\/2020\/07\/bri.jpg?fit=960%2C960","jetpack_shortlink":"https:\/\/wp.me\/p7wKYW-7AQ","jetpack-related-posts":[],"_links":{"self":[{"href":"http:\/\/blogdalucianaoliveira.com.br\/blog\/wp-json\/wp\/v2\/posts\/29192","targetHints":{"allow":["GET"]}}],"collection":[{"href":"http:\/\/blogdalucianaoliveira.com.br\/blog\/wp-json\/wp\/v2\/posts"}],"about":[{"href":"http:\/\/blogdalucianaoliveira.com.br\/blog\/wp-json\/wp\/v2\/types\/post"}],"author":[{"embeddable":true,"href":"http:\/\/blogdalucianaoliveira.com.br\/blog\/wp-json\/wp\/v2\/users\/1"}],"replies":[{"embeddable":true,"href":"http:\/\/blogdalucianaoliveira.com.br\/blog\/wp-json\/wp\/v2\/comments?post=29192"}],"version-history":[{"count":2,"href":"http:\/\/blogdalucianaoliveira.com.br\/blog\/wp-json\/wp\/v2\/posts\/29192\/revisions"}],"predecessor-version":[{"id":29195,"href":"http:\/\/blogdalucianaoliveira.com.br\/blog\/wp-json\/wp\/v2\/posts\/29192\/revisions\/29195"}],"wp:featuredmedia":[{"embeddable":true,"href":"http:\/\/blogdalucianaoliveira.com.br\/blog\/wp-json\/wp\/v2\/media\/29194"}],"wp:attachment":[{"href":"http:\/\/blogdalucianaoliveira.com.br\/blog\/wp-json\/wp\/v2\/media?parent=29192"}],"wp:term":[{"taxonomy":"category","embeddable":true,"href":"http:\/\/blogdalucianaoliveira.com.br\/blog\/wp-json\/wp\/v2\/categories?post=29192"},{"taxonomy":"post_tag","embeddable":true,"href":"http:\/\/blogdalucianaoliveira.com.br\/blog\/wp-json\/wp\/v2\/tags?post=29192"}],"curies":[{"name":"wp","href":"https:\/\/api.w.org\/{rel}","templated":true}]}}