{"id":29196,"date":"2020-07-17T09:34:20","date_gmt":"2020-07-17T13:34:20","guid":{"rendered":"http:\/\/blogdalucianaoliveira.com.br\/blog\/?p=29196"},"modified":"2020-07-17T09:34:29","modified_gmt":"2020-07-17T13:34:29","slug":"pf-desmonta-organizacao-criminosa-de-exploracao-ilegal-de-madeira","status":"publish","type":"post","link":"http:\/\/blogdalucianaoliveira.com.br\/blog\/2020\/07\/17\/pf-desmonta-organizacao-criminosa-de-exploracao-ilegal-de-madeira\/","title":{"rendered":"PF desmonta organiza\u00e7\u00e3o criminosa de explora\u00e7\u00e3o ilegal de madeira"},"content":{"rendered":"\n<figure class=\"wp-block-image size-large\"><img data-recalc-dims=\"1\" loading=\"lazy\" decoding=\"async\" width=\"600\" height=\"355\" data-attachment-id=\"29197\" data-permalink=\"http:\/\/blogdalucianaoliveira.com.br\/blog\/2020\/07\/17\/pf-desmonta-organizacao-criminosa-de-exploracao-ilegal-de-madeira\/image-30-9\/\" data-orig-file=\"https:\/\/i0.wp.com\/blogdalucianaoliveira.com.br\/blog\/wp-content\/uploads\/2020\/07\/image-30.jpeg?fit=845%2C500\" data-orig-size=\"845,500\" data-comments-opened=\"0\" data-image-meta=\"{&quot;aperture&quot;:&quot;0&quot;,&quot;credit&quot;:&quot;&quot;,&quot;camera&quot;:&quot;&quot;,&quot;caption&quot;:&quot;&quot;,&quot;created_timestamp&quot;:&quot;0&quot;,&quot;copyright&quot;:&quot;&quot;,&quot;focal_length&quot;:&quot;0&quot;,&quot;iso&quot;:&quot;0&quot;,&quot;shutter_speed&quot;:&quot;0&quot;,&quot;title&quot;:&quot;&quot;,&quot;orientation&quot;:&quot;1&quot;}\" data-image-title=\"image-30\" data-image-description=\"\" data-image-caption=\"\" data-medium-file=\"https:\/\/i0.wp.com\/blogdalucianaoliveira.com.br\/blog\/wp-content\/uploads\/2020\/07\/image-30.jpeg?fit=300%2C178\" data-large-file=\"https:\/\/i0.wp.com\/blogdalucianaoliveira.com.br\/blog\/wp-content\/uploads\/2020\/07\/image-30.jpeg?fit=600%2C355\" src=\"https:\/\/i0.wp.com\/blogdalucianaoliveira.com.br\/blog\/wp-content\/uploads\/2020\/07\/image-30.jpeg?resize=600%2C355\" alt=\"\" class=\"wp-image-29197\" srcset=\"https:\/\/i0.wp.com\/blogdalucianaoliveira.com.br\/blog\/wp-content\/uploads\/2020\/07\/image-30.jpeg?w=845 845w, https:\/\/i0.wp.com\/blogdalucianaoliveira.com.br\/blog\/wp-content\/uploads\/2020\/07\/image-30.jpeg?resize=300%2C178 300w, https:\/\/i0.wp.com\/blogdalucianaoliveira.com.br\/blog\/wp-content\/uploads\/2020\/07\/image-30.jpeg?resize=768%2C454 768w, https:\/\/i0.wp.com\/blogdalucianaoliveira.com.br\/blog\/wp-content\/uploads\/2020\/07\/image-30.jpeg?resize=507%2C300 507w\" sizes=\"auto, (max-width: 600px) 100vw, 600px\" \/><\/figure>\n\n\n\n<p>Da assessoria &#8211; A Pol\u00edcia Federal deflagrou, na manh\u00e3 desta sexta-feira (17.07.2020), a denominada OPERA\u00c7\u00c3O BERTHOLLETIA, visando dar cumprimento a 08 (oito) mandados de pris\u00e3o preventiva e 08 (oito) mandados de busca e apreens\u00e3o, todos expedidos pela 3\u00aa Vara da Justi\u00e7a Federal em Porto Velho\/RO.<\/p>\n\n\n\n<!--more-->\n\n\n\n<figure class=\"wp-block-image\"><img data-recalc-dims=\"1\" decoding=\"async\" src=\"https:\/\/i0.wp.com\/www.tudorondonia.com\/uploads\/IBAMA_2.jpg?w=600&#038;ssl=1\" alt=\"\"\/><\/figure>\n\n\n\n<p>Trata-se de a\u00e7\u00e3o ostensiva realizada nesta data, no contexto das a\u00e7\u00f5es da \u201cOpera\u00e7\u00e3o Verde Brasil 2\u201d e em decorr\u00eancia de investiga\u00e7\u00e3o da Pol\u00edcia Federal na \u201cOpera\u00e7\u00e3o Inimigos da Tora\u201d, realizada no m\u00eas de maio de 2020, visando a pris\u00e3o e desarticula\u00e7\u00e3o de organiza\u00e7\u00e3o criminosa dedicada \u00e0 explora\u00e7\u00e3o ilegal de madeira da \u00e1rea de preserva\u00e7\u00e3o da Floresta Nacional do Jacund\u00e1, em especial na regi\u00e3o da Vila Nova Samuel, distrito de Candeias do Jamari\/RO. Todos os mandados judiciais est\u00e3o sendo cumpridos no citado distrito.<\/p>\n\n\n\n<figure class=\"wp-block-image\"><img data-recalc-dims=\"1\" decoding=\"async\" src=\"https:\/\/i0.wp.com\/www.tudorondonia.com\/uploads\/MOTOSSERRA_1.jpg?w=600&#038;ssl=1\" alt=\"\"\/><\/figure>\n\n\n\n<p>As investiga\u00e7\u00f5es tiveram in\u00edcio com o desmatamento e furto de madeira da Floresta Nacional do Jacund\u00e1, sendo que os mandados est\u00e3o sendo cumpridos em face de organiza\u00e7\u00e3o criminosa ali instalada, que opera na extra\u00e7\u00e3o ilegal de madeira, praticando ainda falsifica\u00e7\u00e3o de cr\u00e9ditos florestais a fim de dar apar\u00eancia l\u00edcita a tais recursos naturais.<\/p>\n\n\n\n<figure class=\"wp-block-image\"><img data-recalc-dims=\"1\" decoding=\"async\" src=\"https:\/\/i0.wp.com\/www.tudorondonia.com\/uploads\/ARMA_39.jpg?w=600&#038;ssl=1\" alt=\"\"\/><\/figure>\n\n\n\n<p>Ap\u00f3s a primeira fase da opera\u00e7\u00e3o, que contou com o apoio do Ex\u00e9rcito, ICMBio, SEDAM\/RO e Pol\u00edcia Militar Ambiental\/RO, e teve como foco as pessoas jur\u00eddicas (madeireiras) da regi\u00e3o, da an\u00e1lise de celulares e documentos apreendidos resultou a identifica\u00e7\u00e3o de pessoas f\u00edsicas que lideram o grupo da extra\u00e7\u00e3o ilegal da FLONA Jacund\u00e1 e o transporte da madeira (\u201ctoreiros\u201d).<\/p>\n\n\n\n<figure class=\"wp-block-image\"><img data-recalc-dims=\"1\" decoding=\"async\" src=\"https:\/\/i0.wp.com\/www.tudorondonia.com\/uploads\/BARRAGEM.jpg?w=600&#038;ssl=1\" alt=\"\"\/><\/figure>\n\n\n\n<p>Os presos ser\u00e3o ouvidos na sede da Pol\u00edcia Federal e responder\u00e3o pelos crimes de organiza\u00e7\u00e3o criminosa, extra\u00e7\u00e3o ilegal e furto de madeira, falsidade ideol\u00f3gica, inser\u00e7\u00e3o de dados falsos e lavagem de capitais.<\/p>\n\n\n\n<p>O termo \u201cBertholletia\u201d \u00e9 o nome cient\u00edfico da \u00e1rvore Castanheira, cuja extra\u00e7\u00e3o e comercializa\u00e7\u00e3o \u00e9 vedada, mas que foi encontrada nos p\u00e1tios de diversas madeireiras alvo de buscas da primeira etapa da opera\u00e7\u00e3o.<\/p>\n","protected":false},"excerpt":{"rendered":"<p>Da assessoria &#8211; A Pol\u00edcia Federal deflagrou, na manh\u00e3 desta sexta-feira (17.07.2020), a denominada OPERA\u00c7\u00c3O BERTHOLLETIA, visando dar cumprimento a 08 (oito) mandados de pris\u00e3o preventiva e 08 (oito) mandados de busca e apreens\u00e3o, todos expedidos pela 3\u00aa Vara da Justi\u00e7a Federal em Porto Velho\/RO.<\/p>\n","protected":false},"author":1,"featured_media":0,"comment_status":"closed","ping_status":"open","sticky":false,"template":"","format":"standard","meta":{"_exactmetrics_skip_tracking":false,"_exactmetrics_sitenote_active":false,"_exactmetrics_sitenote_note":"","_exactmetrics_sitenote_category":0,"jetpack_post_was_ever_published":false,"_jetpack_newsletter_access":"","_jetpack_dont_email_post_to_subs":false,"_jetpack_newsletter_tier_id":0,"_jetpack_memberships_contains_paywalled_content":false,"_jetpack_memberships_contains_paid_content":false,"footnotes":"","jetpack_publicize_message":"","jetpack_publicize_feature_enabled":true,"jetpack_social_post_already_shared":true,"jetpack_social_options":{"image_generator_settings":{"template":"highway","enabled":false},"version":2}},"categories":[1],"tags":[],"class_list":["post-29196","post","type-post","status-publish","format-standard","hentry","category-notas"],"jetpack_publicize_connections":[],"jetpack_sharing_enabled":true,"jetpack_featured_media_url":"","jetpack_shortlink":"https:\/\/wp.me\/p7wKYW-7AU","jetpack-related-posts":[],"_links":{"self":[{"href":"http:\/\/blogdalucianaoliveira.com.br\/blog\/wp-json\/wp\/v2\/posts\/29196","targetHints":{"allow":["GET"]}}],"collection":[{"href":"http:\/\/blogdalucianaoliveira.com.br\/blog\/wp-json\/wp\/v2\/posts"}],"about":[{"href":"http:\/\/blogdalucianaoliveira.com.br\/blog\/wp-json\/wp\/v2\/types\/post"}],"author":[{"embeddable":true,"href":"http:\/\/blogdalucianaoliveira.com.br\/blog\/wp-json\/wp\/v2\/users\/1"}],"replies":[{"embeddable":true,"href":"http:\/\/blogdalucianaoliveira.com.br\/blog\/wp-json\/wp\/v2\/comments?post=29196"}],"version-history":[{"count":1,"href":"http:\/\/blogdalucianaoliveira.com.br\/blog\/wp-json\/wp\/v2\/posts\/29196\/revisions"}],"predecessor-version":[{"id":29198,"href":"http:\/\/blogdalucianaoliveira.com.br\/blog\/wp-json\/wp\/v2\/posts\/29196\/revisions\/29198"}],"wp:attachment":[{"href":"http:\/\/blogdalucianaoliveira.com.br\/blog\/wp-json\/wp\/v2\/media?parent=29196"}],"wp:term":[{"taxonomy":"category","embeddable":true,"href":"http:\/\/blogdalucianaoliveira.com.br\/blog\/wp-json\/wp\/v2\/categories?post=29196"},{"taxonomy":"post_tag","embeddable":true,"href":"http:\/\/blogdalucianaoliveira.com.br\/blog\/wp-json\/wp\/v2\/tags?post=29196"}],"curies":[{"name":"wp","href":"https:\/\/api.w.org\/{rel}","templated":true}]}}