{"id":29199,"date":"2020-07-17T13:34:24","date_gmt":"2020-07-17T17:34:24","guid":{"rendered":"http:\/\/blogdalucianaoliveira.com.br\/blog\/?p=29199"},"modified":"2020-07-17T13:34:28","modified_gmt":"2020-07-17T17:34:28","slug":"brigada-ninja-amazonia-lanca-serie-documental-nesta-sexta-17","status":"publish","type":"post","link":"http:\/\/blogdalucianaoliveira.com.br\/blog\/2020\/07\/17\/brigada-ninja-amazonia-lanca-serie-documental-nesta-sexta-17\/","title":{"rendered":"Brigada NINJA Amaz\u00f4nia lan\u00e7a s\u00e9rie documental nesta sexta (17)"},"content":{"rendered":"\n<figure class=\"wp-block-image size-large\"><img data-recalc-dims=\"1\" loading=\"lazy\" decoding=\"async\" width=\"600\" height=\"426\" data-attachment-id=\"29200\" data-permalink=\"http:\/\/blogdalucianaoliveira.com.br\/blog\/2020\/07\/17\/brigada-ninja-amazonia-lanca-serie-documental-nesta-sexta-17\/image-31-9\/\" data-orig-file=\"https:\/\/i0.wp.com\/blogdalucianaoliveira.com.br\/blog\/wp-content\/uploads\/2020\/07\/image-31.jpeg?fit=767%2C544\" data-orig-size=\"767,544\" data-comments-opened=\"0\" data-image-meta=\"{&quot;aperture&quot;:&quot;0&quot;,&quot;credit&quot;:&quot;novo2&quot;,&quot;camera&quot;:&quot;&quot;,&quot;caption&quot;:&quot;&quot;,&quot;created_timestamp&quot;:&quot;1594924851&quot;,&quot;copyright&quot;:&quot;&quot;,&quot;focal_length&quot;:&quot;0&quot;,&quot;iso&quot;:&quot;0&quot;,&quot;shutter_speed&quot;:&quot;0&quot;,&quot;title&quot;:&quot;&quot;,&quot;orientation&quot;:&quot;0&quot;}\" data-image-title=\"image-31\" data-image-description=\"\" data-image-caption=\"\" data-medium-file=\"https:\/\/i0.wp.com\/blogdalucianaoliveira.com.br\/blog\/wp-content\/uploads\/2020\/07\/image-31.jpeg?fit=300%2C213\" data-large-file=\"https:\/\/i0.wp.com\/blogdalucianaoliveira.com.br\/blog\/wp-content\/uploads\/2020\/07\/image-31.jpeg?fit=600%2C426\" src=\"https:\/\/i0.wp.com\/blogdalucianaoliveira.com.br\/blog\/wp-content\/uploads\/2020\/07\/image-31.jpeg?resize=600%2C426\" alt=\"\" class=\"wp-image-29200\" srcset=\"https:\/\/i0.wp.com\/blogdalucianaoliveira.com.br\/blog\/wp-content\/uploads\/2020\/07\/image-31.jpeg?w=767 767w, https:\/\/i0.wp.com\/blogdalucianaoliveira.com.br\/blog\/wp-content\/uploads\/2020\/07\/image-31.jpeg?resize=300%2C213 300w, https:\/\/i0.wp.com\/blogdalucianaoliveira.com.br\/blog\/wp-content\/uploads\/2020\/07\/image-31.jpeg?resize=423%2C300 423w\" sizes=\"auto, (max-width: 600px) 100vw, 600px\" \/><\/figure>\n\n\n\n<p>Casa Ninja Amaz\u00f4nia &#8211; Depois de percorrer cinco estados, a Brigada NINJA lan\u00e7a a s\u00e9rie documental que denuncia a destrui\u00e7\u00e3o das florestas da Amaz\u00f4nia e do Cerrado, biomas duramente atingidos pelo aumento das queimadas. Evento acontece online nesta sexta-feira (17).\u00a0<a href=\"https:\/\/www.youtube.com\/watch?v=CVgMTR_U2_Q&amp;feature=youtu.be\"><strong>(clique aqui e saiba como participar)<\/strong><\/a>.<\/p>\n\n\n\n<!--more-->\n\n\n\n<p>No pico das queimadas durante o per\u00edodo de seca do \u00faltimo ano, a M\u00eddia NINJA estabeleceu cinco rotas em que uma equipe de comunicadores filmam, fotografam e narram o cotidiano da luta contra a devasta\u00e7\u00e3o, protagonizada por lideran\u00e7as ind\u00edgenas, ribeirinhos, brigadistas volunt\u00e1rios, que correm contra o tempo para evitar que uma trag\u00e9dia ocorra. Em junho, o desmatamento na Amaz\u00f4nia chegou a registrar o pior cen\u00e1rio dos \u00faltimos 13 anos.<\/p>\n\n\n\n<p>Tr\u00eas document\u00e1rios j\u00e1 foram lan\u00e7ados pela M\u00eddia NINJA desde o \u00faltimo ano. Tendo pontap\u00e9 no Acre, com a rota Chico Mendes, a equipe de jornalistas tamb\u00e9m percorreu o trecho da rota Madeira Mamor\u00e9, em Rond\u00f4nia, e, no Tapaj\u00f3s (PA). Nesta sexta ser\u00e1 a vez de mais dois: a rota Amaz\u00f4nia Ind\u00edgena (AM) e Cerrado Amaz\u00f4nico (MT).<\/p>\n\n\n\n<p>A Rota Chico Mendes circulou por Rio Branco, Transacreana e Xapuri, no Acre, para mostrar como os povos da floresta vivem e se sustentam preservando a mata. A Brigada esteve na Reserva Extrativista Chico Mendes, a maior do Brasil, e conversamos com lideran\u00e7as hist\u00f3ricas da luta dos seringueiros, parceiros de Chico Mendes. Tamb\u00e9m registraram de perto comunidades que vivem o conflito por terra na pele, sofrendo amea\u00e7as e tortura daqueles que s\u00f3 querem explorar e destruir a floresta.<\/p>\n\n\n\n<p><strong>Rota Chico Mendes<\/strong><br><\/p>\n\n\n\n<figure><iframe src=\"https:\/\/www.youtube.com\/embed\/EHIZWfCvjK0\" allowfullscreen=\"\"><\/iframe><\/figure>\n\n\n\n<p>Em Rond\u00f4nia, a rota Madeira Mamor\u00e9 avaliou os impactos das hidrel\u00e9tricas de Jirau e Santo Ant\u00f4nio nas comunidades ribeirinhas, o plano desenvolvimentista desenfreado, interesses econ\u00f4micos de grandes elites.&nbsp;<\/p>\n\n\n\n<p><strong>Rota Madeira Mamor\u00e9<\/strong><br><\/p>\n\n\n\n<figure><iframe src=\"https:\/\/www.youtube.com\/embed\/gpooyn3om44\" allowfullscreen=\"\"><\/iframe><\/figure>\n\n\n\n<p>Na rota Tapaj\u00f3s, queimadas, especula\u00e7\u00e3o imobili\u00e1ria, grilagem, pris\u00f5es ilegais, persegui\u00e7\u00e3o pol\u00edtica, tudo isso na regi\u00e3o que ocupa o primeiro lugar no ranking de lugares mais bonitos do mundo com praias de \u00e1gua doce: Em Alter do Ch\u00e3o, em Santar\u00e9m (PA). A Brigada conversou com a popula\u00e7\u00e3o origin\u00e1ria sobre explora\u00e7\u00e3o tur\u00edstica, resist\u00eancia e cultura em um dos pontos mais atingidos por queimadas da Amaz\u00f4nia.&nbsp;<\/p>\n\n\n\n<p><strong>Rota Tapaj\u00f3s<\/strong><br><\/p>\n\n\n\n<figure><iframe src=\"https:\/\/www.youtube.com\/embed\/WJHZ7LdB0Fk\" allowfullscreen=\"\"><\/iframe><\/figure>\n\n\n\n<p>Nesta sexta (17), o document\u00e1rio rota Amaz\u00f4nia Ind\u00edgena narra o encontro de lideran\u00e7as ind\u00edgenas de todos os 9 estados da Amaz\u00f4nia Legal durante a a XII Assembleia Ordin\u00e1ria da Coiab \u2013 Coordena\u00e7\u00e3o dos Povos Ind\u00edgenas da Amaz\u00f4nia Brasileira, um momento importante de articula\u00e7\u00e3o do movimento ind\u00edgena na hist\u00f3ria das lutas por direitos.<\/p>\n\n\n\n<p>A rota Cerrado Amaz\u00f4nico \u2018Os guardi\u00f5es do fogo e da vida no cerrado\u2019, tamb\u00e9m ser\u00e1 exibido nesta sexta. A Brigada foi at\u00e9 a fronteira com a Amaz\u00f4nia, no estado do Mato Grosso, onde mais se desmata, para ouvir os ind\u00edgenas xavantes, protagonistas na luta contra as queimadas e que protegem o Cerrado Amaz\u00f4nico h\u00e1 centenas de anos. O terceiro territ\u00f3rio ind\u00edgena mais impactado pelo fogo, em 2019.<\/p>\n\n\n\n<p>Programa\u00e7\u00e3o<\/p>\n\n\n\n<p>A exibi\u00e7\u00e3o da s\u00e9rie documental faz parte das atividades de lan\u00e7amento da Brigada NINJA 2020, que ocorre ao vivo na sexta (17) e no s\u00e1bado (18), com encontro de jornalistas ambientais da Amaz\u00f4nia.&nbsp;<a href=\"https:\/\/casaninjaamazonia.org\/inscreva-se\/\">Clique aqui para inscrever-se.<\/a><\/p>\n","protected":false},"excerpt":{"rendered":"<p>Casa Ninja Amaz\u00f4nia &#8211; Depois de percorrer cinco estados, a Brigada NINJA lan\u00e7a a s\u00e9rie documental que denuncia a destrui\u00e7\u00e3o das florestas da Amaz\u00f4nia e do Cerrado, biomas duramente atingidos pelo aumento das queimadas. Evento acontece online nesta sexta-feira (17).\u00a0(clique aqui e saiba como participar).<\/p>\n","protected":false},"author":1,"featured_media":0,"comment_status":"closed","ping_status":"open","sticky":false,"template":"","format":"standard","meta":{"_exactmetrics_skip_tracking":false,"_exactmetrics_sitenote_active":false,"_exactmetrics_sitenote_note":"","_exactmetrics_sitenote_category":0,"jetpack_post_was_ever_published":false,"_jetpack_newsletter_access":"","_jetpack_dont_email_post_to_subs":false,"_jetpack_newsletter_tier_id":0,"_jetpack_memberships_contains_paywalled_content":false,"_jetpack_memberships_contains_paid_content":false,"footnotes":"","jetpack_publicize_message":"","jetpack_publicize_feature_enabled":true,"jetpack_social_post_already_shared":true,"jetpack_social_options":{"image_generator_settings":{"template":"highway","enabled":false},"version":2}},"categories":[1],"tags":[],"class_list":["post-29199","post","type-post","status-publish","format-standard","hentry","category-notas"],"jetpack_publicize_connections":[],"jetpack_sharing_enabled":true,"jetpack_featured_media_url":"","jetpack_shortlink":"https:\/\/wp.me\/p7wKYW-7AX","jetpack-related-posts":[],"_links":{"self":[{"href":"http:\/\/blogdalucianaoliveira.com.br\/blog\/wp-json\/wp\/v2\/posts\/29199","targetHints":{"allow":["GET"]}}],"collection":[{"href":"http:\/\/blogdalucianaoliveira.com.br\/blog\/wp-json\/wp\/v2\/posts"}],"about":[{"href":"http:\/\/blogdalucianaoliveira.com.br\/blog\/wp-json\/wp\/v2\/types\/post"}],"author":[{"embeddable":true,"href":"http:\/\/blogdalucianaoliveira.com.br\/blog\/wp-json\/wp\/v2\/users\/1"}],"replies":[{"embeddable":true,"href":"http:\/\/blogdalucianaoliveira.com.br\/blog\/wp-json\/wp\/v2\/comments?post=29199"}],"version-history":[{"count":2,"href":"http:\/\/blogdalucianaoliveira.com.br\/blog\/wp-json\/wp\/v2\/posts\/29199\/revisions"}],"predecessor-version":[{"id":29202,"href":"http:\/\/blogdalucianaoliveira.com.br\/blog\/wp-json\/wp\/v2\/posts\/29199\/revisions\/29202"}],"wp:attachment":[{"href":"http:\/\/blogdalucianaoliveira.com.br\/blog\/wp-json\/wp\/v2\/media?parent=29199"}],"wp:term":[{"taxonomy":"category","embeddable":true,"href":"http:\/\/blogdalucianaoliveira.com.br\/blog\/wp-json\/wp\/v2\/categories?post=29199"},{"taxonomy":"post_tag","embeddable":true,"href":"http:\/\/blogdalucianaoliveira.com.br\/blog\/wp-json\/wp\/v2\/tags?post=29199"}],"curies":[{"name":"wp","href":"https:\/\/api.w.org\/{rel}","templated":true}]}}