{"id":292,"date":"2016-05-06T08:27:08","date_gmt":"2016-05-06T12:27:08","guid":{"rendered":"http:\/\/blogdalucianaoliveira.com.br\/blog\/?p=292"},"modified":"2016-05-06T08:27:08","modified_gmt":"2016-05-06T12:27:08","slug":"manifesto-em-apoio-ao-professor-evandro","status":"publish","type":"post","link":"http:\/\/blogdalucianaoliveira.com.br\/blog\/2016\/05\/06\/manifesto-em-apoio-ao-professor-evandro\/","title":{"rendered":"Manifesto em apoio ao professor Evandro"},"content":{"rendered":"<p><img data-recalc-dims=\"1\" loading=\"lazy\" decoding=\"async\" data-attachment-id=\"293\" data-permalink=\"http:\/\/blogdalucianaoliveira.com.br\/blog\/2016\/05\/06\/manifesto-em-apoio-ao-professor-evandro\/image-45\/\" data-orig-file=\"https:\/\/i0.wp.com\/blogdalucianaoliveira.com.br\/blog\/wp-content\/uploads\/2016\/05\/image-40.jpeg?fit=750%2C552\" data-orig-size=\"750,552\" data-comments-opened=\"0\" data-image-meta=\"{&quot;aperture&quot;:&quot;0&quot;,&quot;credit&quot;:&quot;&quot;,&quot;camera&quot;:&quot;&quot;,&quot;caption&quot;:&quot;&quot;,&quot;created_timestamp&quot;:&quot;0&quot;,&quot;copyright&quot;:&quot;&quot;,&quot;focal_length&quot;:&quot;0&quot;,&quot;iso&quot;:&quot;0&quot;,&quot;shutter_speed&quot;:&quot;0&quot;,&quot;title&quot;:&quot;&quot;,&quot;orientation&quot;:&quot;0&quot;}\" data-image-title=\"image\" data-image-description=\"\" data-image-caption=\"\" data-medium-file=\"https:\/\/i0.wp.com\/blogdalucianaoliveira.com.br\/blog\/wp-content\/uploads\/2016\/05\/image-40.jpeg?fit=300%2C221\" data-large-file=\"https:\/\/i0.wp.com\/blogdalucianaoliveira.com.br\/blog\/wp-content\/uploads\/2016\/05\/image-40.jpeg?fit=600%2C442\" src=\"https:\/\/i0.wp.com\/blogdalucianaoliveira.com.br\/blog\/wp-content\/uploads\/2016\/05\/image-40.jpeg?resize=600%2C442\" alt=\"image\" width=\"600\" height=\"442\" class=\"alignnone size-full wp-image-293\" srcset=\"https:\/\/i0.wp.com\/blogdalucianaoliveira.com.br\/blog\/wp-content\/uploads\/2016\/05\/image-40.jpeg?w=750 750w, https:\/\/i0.wp.com\/blogdalucianaoliveira.com.br\/blog\/wp-content\/uploads\/2016\/05\/image-40.jpeg?resize=300%2C221 300w, https:\/\/i0.wp.com\/blogdalucianaoliveira.com.br\/blog\/wp-content\/uploads\/2016\/05\/image-40.jpeg?resize=408%2C300 408w\" sizes=\"auto, (max-width: 600px) 100vw, 600px\" \/><\/p>\n<p>Em novembro de 2015, estudantes, t\u00e9cnicos e professores da Universidade Federal do Sul e Sudeste do Par\u00e1 (UNIFESSPA) organizaram um ato em solidariedade aos moradores de Mariana (MG), que, no mesmo m\u00eas, sofreram com o rompimento da barragem de rejeitos do Fund\u00e3o da Samarco\/Vale, que causou um dos maiores desastres socioambientais ocorridos no mundo. <!--more--><\/p>\n<p>O ato, por um lado, questionava as perdas humanas que o desastre provocou, al\u00e9m da destrui\u00e7\u00e3o de resid\u00eancias, das \u00e1reas de produ\u00e7\u00e3o de alimentos, da floresta, do assoreamento da calha do rio Doce, que aumentou os riscos de enchentes e da presen\u00e7a de metais pesados no rio, provocando riscos de prolifera\u00e7\u00e3o de doen\u00e7as cr\u00f4nicas. <\/p>\n<p>Por outro lado, a mobiliza\u00e7\u00e3o tamb\u00e9m questionava a irresponsabilidade da empresa Samarco, que tem sua composi\u00e7\u00e3o acion\u00e1ria dividida entre Vale (50%) e a BHP Billiton Brasil Ltda (50%), no tratamento do desastre, uma vez que a mesma n\u00e3o possu\u00eda os sistemas de alertas sonoros exigidos por lei, que precisariam ser acionados em caso de desastre, nem uma equipe treinada para assessorar a comunidade ap\u00f3s o rompimento da barragem.<\/p>\n<p>O ato promoveu interven\u00e7\u00f5es art\u00edsticas, debates e colocou em pr\u00e1tica um dos princ\u00edpios fundamentais da Universidade no Brasil, que \u00e9 a extens\u00e3o universit\u00e1ria, princ\u00edpio este definido pelo F\u00f3rum de Pr\u00f3-Reitorias de Extens\u00e3o das Universidades P\u00fablicas brasileiras como um processo interdisciplinar, educativo, cultural, cient\u00edfico e pol\u00edtico que promove a intera\u00e7\u00e3o transformadora entre Universidade e outros setores da sociedade. <\/p>\n<p>Entretanto, a mineradora Vale, na tentativa de criminalizar o ato, abriu uma Queixa Crime contra o professor Evandro Medeiros da Universidade Federal do Sul e Sudeste do Par\u00e1 (UNIFESSPA) em processo n\u00famero 0099446-03.201.5 da 1\u00aa Vara de Juizado Especial Penal de Marab\u00e1, enquadrando-o no artigo 345 do C\u00f3digo Penal de exerc\u00edcio arbitr\u00e1rio de suas pr\u00f3prias raz\u00f5es. <\/p>\n<p>\u00c9 necess\u00e1rio afirmar que ato foi uma reuni\u00e3o coletiva para reflex\u00e3o n\u00e3o havendo, portanto, nenhum tipo de a\u00e7\u00e3o violenta que justificasse qualquer den\u00fancia de crime. Por isso, esta queixa crime movida pela mineradora Vale n\u00e3o ataca apenas o professor Evandro Medeiros, mas a autonomia universit\u00e1ria de realiza\u00e7\u00e3o do princ\u00edpio da Extens\u00e3o Universit\u00e1ria, bem como tamb\u00e9m ataca o direito de manifesta\u00e7\u00e3o e de reuni\u00e3o que \u00e9 um direito constitucionalmente garantido.<\/p>\n<p>Da mesma forma, outros cidad\u00e3os como Tiago Cruz, Iara Reis, Jo\u00e3o Reis, Waldy Gon\u00e7alves Neves e alguns moradores do Bairro Alzira Mutran em Marab\u00e1, tamb\u00e9m s\u00e3o alvos de inqu\u00e9ritos da Pol\u00edcia Civil, a pedido da Vale, por se organizarem para lutar por seus direitos.<\/p>\n<p>Repudiamos, portanto, as tentativas de intimida\u00e7\u00e3o \u00e0 liberdade de express\u00e3o, de reuni\u00e3o e de reflex\u00e3o, pela via do poder judici\u00e1rio, empreendidas pela empresa Vale a quem se manifesta contra seus interesses, bem como manifestamos total solidariedade ao professor Evandro Medeiros.<\/p>\n<p>A gan\u00e2ncia de uma empresa n\u00e3o pode tornar a pesquisa, reflex\u00e3o e luta pelos direitos humanos um crime.<\/p>\n","protected":false},"excerpt":{"rendered":"<p>Em novembro de 2015, estudantes, t\u00e9cnicos e professores da Universidade Federal do Sul e Sudeste do Par\u00e1 (UNIFESSPA) organizaram um ato em solidariedade aos moradores de Mariana (MG), que, no mesmo m\u00eas, sofreram com o rompimento da barragem de rejeitos do Fund\u00e3o da Samarco\/Vale, que causou um dos maiores desastres socioambientais ocorridos no mundo.<\/p>\n","protected":false},"author":1,"featured_media":0,"comment_status":"closed","ping_status":"open","sticky":false,"template":"","format":"standard","meta":{"_exactmetrics_skip_tracking":false,"_exactmetrics_sitenote_active":false,"_exactmetrics_sitenote_note":"","_exactmetrics_sitenote_category":0,"jetpack_post_was_ever_published":false,"_jetpack_newsletter_access":"","_jetpack_dont_email_post_to_subs":false,"_jetpack_newsletter_tier_id":0,"_jetpack_memberships_contains_paywalled_content":false,"_jetpack_memberships_contains_paid_content":false,"footnotes":"","jetpack_publicize_message":"","jetpack_publicize_feature_enabled":true,"jetpack_social_post_already_shared":false,"jetpack_social_options":{"image_generator_settings":{"template":"highway","enabled":false},"version":2}},"categories":[1],"tags":[],"class_list":["post-292","post","type-post","status-publish","format-standard","hentry","category-notas"],"jetpack_publicize_connections":[],"jetpack_sharing_enabled":true,"jetpack_featured_media_url":"","jetpack_shortlink":"https:\/\/wp.me\/p7wKYW-4I","jetpack-related-posts":[],"_links":{"self":[{"href":"http:\/\/blogdalucianaoliveira.com.br\/blog\/wp-json\/wp\/v2\/posts\/292","targetHints":{"allow":["GET"]}}],"collection":[{"href":"http:\/\/blogdalucianaoliveira.com.br\/blog\/wp-json\/wp\/v2\/posts"}],"about":[{"href":"http:\/\/blogdalucianaoliveira.com.br\/blog\/wp-json\/wp\/v2\/types\/post"}],"author":[{"embeddable":true,"href":"http:\/\/blogdalucianaoliveira.com.br\/blog\/wp-json\/wp\/v2\/users\/1"}],"replies":[{"embeddable":true,"href":"http:\/\/blogdalucianaoliveira.com.br\/blog\/wp-json\/wp\/v2\/comments?post=292"}],"version-history":[{"count":1,"href":"http:\/\/blogdalucianaoliveira.com.br\/blog\/wp-json\/wp\/v2\/posts\/292\/revisions"}],"predecessor-version":[{"id":294,"href":"http:\/\/blogdalucianaoliveira.com.br\/blog\/wp-json\/wp\/v2\/posts\/292\/revisions\/294"}],"wp:attachment":[{"href":"http:\/\/blogdalucianaoliveira.com.br\/blog\/wp-json\/wp\/v2\/media?parent=292"}],"wp:term":[{"taxonomy":"category","embeddable":true,"href":"http:\/\/blogdalucianaoliveira.com.br\/blog\/wp-json\/wp\/v2\/categories?post=292"},{"taxonomy":"post_tag","embeddable":true,"href":"http:\/\/blogdalucianaoliveira.com.br\/blog\/wp-json\/wp\/v2\/tags?post=292"}],"curies":[{"name":"wp","href":"https:\/\/api.w.org\/{rel}","templated":true}]}}