{"id":29203,"date":"2020-07-17T23:07:26","date_gmt":"2020-07-18T03:07:26","guid":{"rendered":"http:\/\/blogdalucianaoliveira.com.br\/blog\/?p=29203"},"modified":"2020-07-17T23:07:29","modified_gmt":"2020-07-18T03:07:29","slug":"indigenas-dizem-ter-sido-atacados-pelo-governo-bolsonaro-em-1a-reuniao-de-gabinete-sobre-coronavirus","status":"publish","type":"post","link":"http:\/\/blogdalucianaoliveira.com.br\/blog\/2020\/07\/17\/indigenas-dizem-ter-sido-atacados-pelo-governo-bolsonaro-em-1a-reuniao-de-gabinete-sobre-coronavirus\/","title":{"rendered":"Ind\u00edgenas dizem ter sido atacados pelo governo Bolsonaro em 1\u00aa reuni\u00e3o de gabinete sobre coronav\u00edrus"},"content":{"rendered":"\n<figure class=\"wp-block-image size-large\"><img data-recalc-dims=\"1\" loading=\"lazy\" decoding=\"async\" width=\"600\" height=\"374\" data-attachment-id=\"29204\" data-permalink=\"http:\/\/blogdalucianaoliveira.com.br\/blog\/2020\/07\/17\/indigenas-dizem-ter-sido-atacados-pelo-governo-bolsonaro-em-1a-reuniao-de-gabinete-sobre-coronavirus\/image-32-9\/\" data-orig-file=\"https:\/\/i0.wp.com\/blogdalucianaoliveira.com.br\/blog\/wp-content\/uploads\/2020\/07\/image-32.jpeg?fit=610%2C380\" data-orig-size=\"610,380\" data-comments-opened=\"0\" data-image-meta=\"{&quot;aperture&quot;:&quot;0&quot;,&quot;credit&quot;:&quot;&quot;,&quot;camera&quot;:&quot;&quot;,&quot;caption&quot;:&quot;&quot;,&quot;created_timestamp&quot;:&quot;0&quot;,&quot;copyright&quot;:&quot;&quot;,&quot;focal_length&quot;:&quot;0&quot;,&quot;iso&quot;:&quot;0&quot;,&quot;shutter_speed&quot;:&quot;0&quot;,&quot;title&quot;:&quot;&quot;,&quot;orientation&quot;:&quot;0&quot;}\" data-image-title=\"image-32\" data-image-description=\"\" data-image-caption=\"\" data-medium-file=\"https:\/\/i0.wp.com\/blogdalucianaoliveira.com.br\/blog\/wp-content\/uploads\/2020\/07\/image-32.jpeg?fit=300%2C187\" data-large-file=\"https:\/\/i0.wp.com\/blogdalucianaoliveira.com.br\/blog\/wp-content\/uploads\/2020\/07\/image-32.jpeg?fit=600%2C374\" src=\"https:\/\/i0.wp.com\/blogdalucianaoliveira.com.br\/blog\/wp-content\/uploads\/2020\/07\/image-32.jpeg?resize=600%2C374\" alt=\"\" class=\"wp-image-29204\" srcset=\"https:\/\/i0.wp.com\/blogdalucianaoliveira.com.br\/blog\/wp-content\/uploads\/2020\/07\/image-32.jpeg?w=610 610w, https:\/\/i0.wp.com\/blogdalucianaoliveira.com.br\/blog\/wp-content\/uploads\/2020\/07\/image-32.jpeg?resize=300%2C187 300w, https:\/\/i0.wp.com\/blogdalucianaoliveira.com.br\/blog\/wp-content\/uploads\/2020\/07\/image-32.jpeg?resize=482%2C300 482w\" sizes=\"auto, (max-width: 600px) 100vw, 600px\" \/><\/figure>\n\n\n\n<p>Instalada por determina\u00e7\u00e3o do ministro do STF\u00a0<a href=\"https:\/\/www1.folha.uol.com.br\/colunas\/painel\/2020\/06\/barroso-diz-que-paraquedista-no-ministerio-da-saude-nao-e-culpa-do-stf-e-pergunta-se-militares-vao-dar-golpe-para-difundir-cloroquina.shtml\">Lu\u00eds Roberto Barroso<\/a>, a sala de situa\u00e7\u00e3o para a gest\u00e3o de a\u00e7\u00f5es de combate \u00e0 pandemia quanto a\u00a0<a href=\"https:\/\/www1.folha.uol.com.br\/opiniao\/2020\/07\/somos-os-primeiros-brasileiros-povos-originarios-desta-terra.shtml\">povos ind\u00edgenas<\/a>\u00a0teve sua primeira sess\u00e3o nesta sexta-feira (17). E foi considerada um fracasso pelas associa\u00e7\u00f5es ind\u00edgenas participantes.<\/p>\n\n\n\n<!--more-->\n\n\n\n<p>Na Folha de S\u00e3o Paulo <\/p>\n\n\n\n<p>A sala de situa\u00e7\u00e3o \u00e9 uma esp\u00e9cie de gabinete de crise constitu\u00eddo para tratar do problema da pandemia no contexto dos povos ind\u00edgenas em isolamento ou contato recente. Ela conta com a participa\u00e7\u00e3o de comunidades ind\u00edgenas, representantes do governo federal, Procuradoria Geral da Rep\u00fablica (PGR) e Defensoria P\u00fablica da Uni\u00e3o (DPU)<\/p>\n\n\n\n<p>Segundo os relatos dos representantes ind\u00edgenas, ap\u00f3s a fala de abertura, feita por Barroso, eles passaram a ser alvos de ataques e ofensas por parte de membros do governo Jair Bolsonaro (sem partido), especialmente pelo ministro-chefe do Gabinete de Seguran\u00e7a Institucional, Augusto Heleno, e pelo secret\u00e1rio de Sa\u00fade Ind\u00edgena do Minist\u00e9rio da Sa\u00fade, Robson Santos da Silva.<\/p>\n\n\n\n<p>Segundo os presentes, Silva fez uma fala agressiva, na qual disse que as acusa\u00e7\u00f5es de &#8220;genoc\u00eddio ind\u00edgena&#8221; praticado pelo governo Bolsonaro s\u00e3o &#8220;c\u00ednicas&#8221;, &#8220;covardes&#8221; e &#8220;levianas&#8221;.<\/p>\n\n\n\n<p>Heleno, por sua vez, teria engrenado em uma fala ideol\u00f3gica, na qual disse que a quest\u00e3o das demarca\u00e7\u00f5es de terras ind\u00edgenas j\u00e1 tinha que ter sido resolvida pelos partidos que estavam no poder anteriormente e que agora a quest\u00e3o est\u00e1 sob administra\u00e7\u00e3o da gest\u00e3o Bolsonaro.<\/p>\n\n\n\n<p>Ele tamb\u00e9m teria dito que n\u00e3o falaria sobre ind\u00edgenas que vivem em terras que n\u00e3o est\u00e3o demarcadas e que esses seriam tratados somente como produtores rurais. Os coment\u00e1rios foram considerados completamente descabidos, j\u00e1 que n\u00e3o tinham qualquer rela\u00e7\u00e3o com a proposta da sala de situa\u00e7\u00e3o de gest\u00e3o.<\/p>\n\n\n\n<p>Uma representante da Apib (Articula\u00e7\u00e3o dos Povos Ind\u00edgenas do Brasil), \u00c2ngela Kaxuyana, teve o microfone cortado pelo GSI, que administrava a sala virtual.<\/p>\n\n\n\n<p>&#8220;Foi uma reuni\u00e3o totalmente infrut\u00edfera. Era uma sala para tratar de quest\u00f5es emergenciais. Foi s\u00f3 o ministro Barroso sair que o n\u00edvel baixou consideravelmente. O general Heleno fez uma fala extremamente agressiva, disse que \u00edndio fora da aldeia tem que ser tratado como produtor rural. Fomos alvos de coa\u00e7\u00e3o e amea\u00e7a&#8221;, diz Luiz Eloy, advogado da Apib que acompanhou a reuni\u00e3o.<\/p>\n\n\n\n<p>\u201c\u00c9 chocante que, com toda essa trag\u00e9dia, um ministro de estado, em vez de decidir a\u00e7\u00f5es concretas de prote\u00e7\u00e3o aos \u00edndios, se limite a amea\u00e7\u00e1-los\u201d, diz M\u00e1rcio Santilli, s\u00f3cio fundador do Instituto Socioambiental (ISA) e ex-presidente da Funai.<\/p>\n\n\n\n<p>\u201cAo priorizar a amea\u00e7a aos \u00edndios e n\u00e3o a sua prote\u00e7\u00e3o, Heleno afrontou o esp\u00edrito da decis\u00e3o do STF\u201d, completa Santilli.<\/p>\n\n\n\n<p>Os ind\u00edgenas tamb\u00e9m reclamam que o governo federal encheu a sala de participantes que n\u00e3o tinham qualquer rela\u00e7\u00e3o com o tema, dificultando as tratativas.<\/p>\n\n\n\n<p>As dificuldades t\u00e9cnicas fizeram com que a subprocuradora-geral da Rep\u00fablica, Eliana Torelly, deixasse a sala sem se pronunciar, queixando-se dos problemas, segundo os relatos.<\/p>\n\n\n\n<p>Sobre o tema da reuni\u00e3o, medidas concretas para conter o avan\u00e7o da pandemia, pouco foi comentado, explicam os ind\u00edgenas.<\/p>\n\n\n\n<p>Eles dizem que procurar\u00e3o o ministro Barroso na segunda-feira (20) para que medidas sejam tomadas para que a sala de situa\u00e7\u00e3o de gest\u00e3o sirva para, de fato, encontrar solu\u00e7\u00f5es para conter o avan\u00e7o do coronav\u00edrus em comunidades ind\u00edgenas.<\/p>\n\n\n\n<p>Eles argumentam que a postura dos membros do governo federal configurou descumprimento da determina\u00e7\u00e3o do ministro, j\u00e1 que praticamente n\u00e3o usaram o encontro para apresentar solu\u00e7\u00f5es para a crise de sa\u00fade entre os povos ind\u00edgenas.<\/p>\n\n\n\n<p>Segundo&nbsp;<a href=\"http:\/\/emergenciaindigena.apib.info\/dados_covid19\/\">n\u00fameros da Apib<\/a>, 16.057 ind\u00edgenas foram contaminados pelo novo coronav\u00edrus e 529 morreram.<\/p>\n\n\n\n<p>Com&nbsp;<strong>Mariana Carneiro e Guilherme Seto<\/strong><\/p>\n","protected":false},"excerpt":{"rendered":"<p>Instalada por determina\u00e7\u00e3o do ministro do STF\u00a0Lu\u00eds Roberto Barroso, a sala de situa\u00e7\u00e3o para a gest\u00e3o de a\u00e7\u00f5es de combate \u00e0 pandemia quanto a\u00a0povos ind\u00edgenas\u00a0teve sua primeira sess\u00e3o nesta sexta-feira (17). E foi considerada um fracasso pelas associa\u00e7\u00f5es ind\u00edgenas participantes.<\/p>\n","protected":false},"author":1,"featured_media":0,"comment_status":"closed","ping_status":"open","sticky":false,"template":"","format":"standard","meta":{"_exactmetrics_skip_tracking":false,"_exactmetrics_sitenote_active":false,"_exactmetrics_sitenote_note":"","_exactmetrics_sitenote_category":0,"jetpack_post_was_ever_published":false,"_jetpack_newsletter_access":"","_jetpack_dont_email_post_to_subs":false,"_jetpack_newsletter_tier_id":0,"_jetpack_memberships_contains_paywalled_content":false,"_jetpack_memberships_contains_paid_content":false,"footnotes":"","jetpack_publicize_message":"","jetpack_publicize_feature_enabled":true,"jetpack_social_post_already_shared":true,"jetpack_social_options":{"image_generator_settings":{"template":"highway","enabled":false},"version":2}},"categories":[1],"tags":[],"class_list":["post-29203","post","type-post","status-publish","format-standard","hentry","category-notas"],"jetpack_publicize_connections":[],"jetpack_sharing_enabled":true,"jetpack_featured_media_url":"","jetpack_shortlink":"https:\/\/wp.me\/p7wKYW-7B1","jetpack-related-posts":[],"_links":{"self":[{"href":"http:\/\/blogdalucianaoliveira.com.br\/blog\/wp-json\/wp\/v2\/posts\/29203","targetHints":{"allow":["GET"]}}],"collection":[{"href":"http:\/\/blogdalucianaoliveira.com.br\/blog\/wp-json\/wp\/v2\/posts"}],"about":[{"href":"http:\/\/blogdalucianaoliveira.com.br\/blog\/wp-json\/wp\/v2\/types\/post"}],"author":[{"embeddable":true,"href":"http:\/\/blogdalucianaoliveira.com.br\/blog\/wp-json\/wp\/v2\/users\/1"}],"replies":[{"embeddable":true,"href":"http:\/\/blogdalucianaoliveira.com.br\/blog\/wp-json\/wp\/v2\/comments?post=29203"}],"version-history":[{"count":1,"href":"http:\/\/blogdalucianaoliveira.com.br\/blog\/wp-json\/wp\/v2\/posts\/29203\/revisions"}],"predecessor-version":[{"id":29205,"href":"http:\/\/blogdalucianaoliveira.com.br\/blog\/wp-json\/wp\/v2\/posts\/29203\/revisions\/29205"}],"wp:attachment":[{"href":"http:\/\/blogdalucianaoliveira.com.br\/blog\/wp-json\/wp\/v2\/media?parent=29203"}],"wp:term":[{"taxonomy":"category","embeddable":true,"href":"http:\/\/blogdalucianaoliveira.com.br\/blog\/wp-json\/wp\/v2\/categories?post=29203"},{"taxonomy":"post_tag","embeddable":true,"href":"http:\/\/blogdalucianaoliveira.com.br\/blog\/wp-json\/wp\/v2\/tags?post=29203"}],"curies":[{"name":"wp","href":"https:\/\/api.w.org\/{rel}","templated":true}]}}