{"id":29206,"date":"2020-07-18T21:49:17","date_gmt":"2020-07-19T01:49:17","guid":{"rendered":"http:\/\/blogdalucianaoliveira.com.br\/blog\/?p=29206"},"modified":"2020-07-18T21:49:24","modified_gmt":"2020-07-19T01:49:24","slug":"policia-federal-encontra-garimpos-ilegais-dentro-de-terras-indigenas-em-ro","status":"publish","type":"post","link":"http:\/\/blogdalucianaoliveira.com.br\/blog\/2020\/07\/18\/policia-federal-encontra-garimpos-ilegais-dentro-de-terras-indigenas-em-ro\/","title":{"rendered":"Pol\u00edcia Federal encontra garimpos ilegais dentro de terras ind\u00edgenas em RO"},"content":{"rendered":"\n<figure class=\"wp-block-image size-large\"><img loading=\"lazy\" decoding=\"async\" width=\"1280\" height=\"862\" data-attachment-id=\"29207\" data-permalink=\"http:\/\/blogdalucianaoliveira.com.br\/blog\/2020\/07\/18\/policia-federal-encontra-garimpos-ilegais-dentro-de-terras-indigenas-em-ro\/image-33-9\/\" data-orig-file=\"https:\/\/i0.wp.com\/blogdalucianaoliveira.com.br\/blog\/wp-content\/uploads\/2020\/07\/image-33.jpeg?fit=1280%2C862\" data-orig-size=\"1280,862\" data-comments-opened=\"0\" data-image-meta=\"{&quot;aperture&quot;:&quot;0&quot;,&quot;credit&quot;:&quot;&quot;,&quot;camera&quot;:&quot;&quot;,&quot;caption&quot;:&quot;&quot;,&quot;created_timestamp&quot;:&quot;0&quot;,&quot;copyright&quot;:&quot;&quot;,&quot;focal_length&quot;:&quot;0&quot;,&quot;iso&quot;:&quot;0&quot;,&quot;shutter_speed&quot;:&quot;0&quot;,&quot;title&quot;:&quot;&quot;,&quot;orientation&quot;:&quot;0&quot;}\" data-image-title=\"image-33\" data-image-description=\"\" data-image-caption=\"\" data-medium-file=\"https:\/\/i0.wp.com\/blogdalucianaoliveira.com.br\/blog\/wp-content\/uploads\/2020\/07\/image-33.jpeg?fit=300%2C202\" data-large-file=\"https:\/\/i0.wp.com\/blogdalucianaoliveira.com.br\/blog\/wp-content\/uploads\/2020\/07\/image-33.jpeg?fit=600%2C404\" src=\"https:\/\/i0.wp.com\/blogdalucianaoliveira.com.br\/blog\/wp-content\/uploads\/2020\/07\/image-33.jpeg?fit=600%2C404\" alt=\"\" class=\"wp-image-29207\" srcset=\"https:\/\/i0.wp.com\/blogdalucianaoliveira.com.br\/blog\/wp-content\/uploads\/2020\/07\/image-33.jpeg?w=1280 1280w, https:\/\/i0.wp.com\/blogdalucianaoliveira.com.br\/blog\/wp-content\/uploads\/2020\/07\/image-33.jpeg?resize=300%2C202 300w, https:\/\/i0.wp.com\/blogdalucianaoliveira.com.br\/blog\/wp-content\/uploads\/2020\/07\/image-33.jpeg?resize=1024%2C690 1024w, https:\/\/i0.wp.com\/blogdalucianaoliveira.com.br\/blog\/wp-content\/uploads\/2020\/07\/image-33.jpeg?resize=768%2C517 768w, https:\/\/i0.wp.com\/blogdalucianaoliveira.com.br\/blog\/wp-content\/uploads\/2020\/07\/image-33.jpeg?resize=445%2C300 445w, https:\/\/i0.wp.com\/blogdalucianaoliveira.com.br\/blog\/wp-content\/uploads\/2020\/07\/image-33.jpeg?w=1200 1200w\" sizes=\"auto, (max-width: 600px) 100vw, 600px\" \/><\/figure>\n\n\n\n<p><strong>Ji-Paran\u00e1\/RO<\/strong>\u00a0&#8211;  A Pol\u00edcia Federal realizou, nos dias 16 e 17\/07\/2020, a\u00e7\u00f5es ostensivas no interior das Terras Ind\u00edgenas 7 de Setembro e Roosevelt, visando reprimir e prevenir a extra\u00e7\u00e3o ilegal de diamantes em \u00e1reas de preserva\u00e7\u00e3o.<\/p>\n\n\n\n<!--more-->\n\n\n\n<p>No Portal P1<\/p>\n\n\n\n<p>A incurs\u00e3o iniciou-se na manh\u00e3 de quinta-feira (16\/07\/20), na Terra Ind\u00edgena 7 de Setembro, munic\u00edpios de Cacoal\/RO e Espig\u00e3o do Oeste\/RO, contou com a participa\u00e7\u00e3o da Pol\u00edcia Federal e IBAMA, al\u00e9m do emprego de aeronaves da CAOP\/PF, e durou todo o dia com as equipes permanecendo na reserva.<\/p>\n\n\n\n<p>Durante a dilig\u00eancia foram localizados pontos de garimpo ilegal, com vasta destrui\u00e7\u00e3o ambiental e 08 (oito) acampamentos utilizados como base pelos criminosos. Todos foram destru\u00eddos.<\/p>\n\n\n\n<p>Na sexta-feira (17\/07\/20), a a\u00e7\u00e3o ostensiva foi realizada na Terra Ind\u00edgena Roosevelt, em Espig\u00e3o do Oeste\/RO, tamb\u00e9m com o objetivo de combater a extra\u00e7\u00e3o ilegal de diamantes e degrada\u00e7\u00e3o ambiental.<\/p>\n\n\n\n<p>Nessa fase da fiscaliza\u00e7\u00e3o, foi localizada grande estrutura de garimpo ilegal, composta por 02 (dois) caminh\u00f5es, 01 (um) trator de esteira, 02 (duas) p\u00e1s-carregadeiras, 03 (tr\u00eas) motosserras, uma central de internet via sat\u00e9lite e 02 (dois) acampamentos. Ocorreu ainda a apreens\u00e3o de 02 (duas) espingardas, por\u00e9m, ao avistarem o helic\u00f3ptero da PF, os criminosos fugiram para a mata e n\u00e3o houve pris\u00e3o em flagrante.<\/p>\n\n\n\n<p><strong>Por PF<\/strong><\/p>\n\n\n\n<div class=\"wp-block-image\"><figure class=\"aligncenter\"><img data-recalc-dims=\"1\" decoding=\"async\" src=\"https:\/\/i0.wp.com\/portalp1.com.br\/wp-content\/uploads\/2020\/07\/WhatsApp-Image-2020-07-18-at-12.04.30-2.jpeg?w=600\" alt=\"\" class=\"wp-image-43907\"\/><\/figure><\/div>\n\n\n\n<div class=\"wp-block-image\"><figure class=\"aligncenter\"><img data-recalc-dims=\"1\" decoding=\"async\" src=\"https:\/\/i0.wp.com\/portalp1.com.br\/wp-content\/uploads\/2020\/07\/WhatsApp-Image-2020-07-18-at-12.04.30.jpeg?w=600\" alt=\"\" class=\"wp-image-43908\"\/><\/figure><\/div>\n\n\n\n<div class=\"wp-block-image\"><figure class=\"aligncenter\"><img data-recalc-dims=\"1\" decoding=\"async\" src=\"https:\/\/i0.wp.com\/portalp1.com.br\/wp-content\/uploads\/2020\/07\/WhatsApp-Image-2020-07-18-at-12.04.31-1.jpeg?w=600\" alt=\"\" class=\"wp-image-43909\"\/><\/figure><\/div>\n\n\n\n<div class=\"wp-block-image\"><figure class=\"aligncenter\"><img data-recalc-dims=\"1\" decoding=\"async\" src=\"https:\/\/i0.wp.com\/portalp1.com.br\/wp-content\/uploads\/2020\/07\/WhatsApp-Image-2020-07-18-at-12.04.32-1.jpeg?w=600\" alt=\"\" class=\"wp-image-43910\"\/><\/figure><\/div>\n\n\n\n<div class=\"wp-block-image\"><figure class=\"aligncenter\"><img data-recalc-dims=\"1\" decoding=\"async\" src=\"https:\/\/i0.wp.com\/portalp1.com.br\/wp-content\/uploads\/2020\/07\/WhatsApp-Image-2020-07-18-at-12.04.32-2.jpeg?w=600\" alt=\"\" class=\"wp-image-43911\"\/><\/figure><\/div>\n\n\n\n<div class=\"wp-block-image\"><figure class=\"aligncenter\"><img data-recalc-dims=\"1\" decoding=\"async\" src=\"https:\/\/i0.wp.com\/portalp1.com.br\/wp-content\/uploads\/2020\/07\/WhatsApp-Image-2020-07-18-at-12.04.32.jpeg?w=600\" alt=\"\" class=\"wp-image-43912\"\/><\/figure><\/div>\n\n\n\n<div class=\"wp-block-image\"><figure class=\"aligncenter\"><img data-recalc-dims=\"1\" decoding=\"async\" src=\"https:\/\/i0.wp.com\/portalp1.com.br\/wp-content\/uploads\/2020\/07\/WhatsApp-Image-2020-07-18-at-12.04.33-1.jpeg?w=600\" alt=\"\" class=\"wp-image-43913\"\/><\/figure><\/div>\n\n\n\n<div class=\"wp-block-image\"><figure class=\"aligncenter\"><img data-recalc-dims=\"1\" decoding=\"async\" src=\"https:\/\/i0.wp.com\/portalp1.com.br\/wp-content\/uploads\/2020\/07\/WhatsApp-Image-2020-07-18-at-12.04.33.jpeg?w=600\" alt=\"\" class=\"wp-image-43914\"\/><\/figure><\/div>\n","protected":false},"excerpt":{"rendered":"<p>Ji-Paran\u00e1\/RO\u00a0&#8211; A Pol\u00edcia Federal realizou, nos dias 16 e 17\/07\/2020, a\u00e7\u00f5es ostensivas no interior das Terras Ind\u00edgenas 7 de Setembro e Roosevelt, visando reprimir e prevenir a extra\u00e7\u00e3o ilegal de diamantes em \u00e1reas de preserva\u00e7\u00e3o.<\/p>\n","protected":false},"author":1,"featured_media":0,"comment_status":"closed","ping_status":"open","sticky":false,"template":"","format":"standard","meta":{"_exactmetrics_skip_tracking":false,"_exactmetrics_sitenote_active":false,"_exactmetrics_sitenote_note":"","_exactmetrics_sitenote_category":0,"jetpack_post_was_ever_published":false,"_jetpack_newsletter_access":"","_jetpack_dont_email_post_to_subs":false,"_jetpack_newsletter_tier_id":0,"_jetpack_memberships_contains_paywalled_content":false,"_jetpack_memberships_contains_paid_content":false,"footnotes":"","jetpack_publicize_message":"","jetpack_publicize_feature_enabled":true,"jetpack_social_post_already_shared":true,"jetpack_social_options":{"image_generator_settings":{"template":"highway","enabled":false},"version":2}},"categories":[1],"tags":[],"class_list":["post-29206","post","type-post","status-publish","format-standard","hentry","category-notas"],"jetpack_publicize_connections":[],"jetpack_sharing_enabled":true,"jetpack_featured_media_url":"","jetpack_shortlink":"https:\/\/wp.me\/p7wKYW-7B4","jetpack-related-posts":[],"_links":{"self":[{"href":"http:\/\/blogdalucianaoliveira.com.br\/blog\/wp-json\/wp\/v2\/posts\/29206","targetHints":{"allow":["GET"]}}],"collection":[{"href":"http:\/\/blogdalucianaoliveira.com.br\/blog\/wp-json\/wp\/v2\/posts"}],"about":[{"href":"http:\/\/blogdalucianaoliveira.com.br\/blog\/wp-json\/wp\/v2\/types\/post"}],"author":[{"embeddable":true,"href":"http:\/\/blogdalucianaoliveira.com.br\/blog\/wp-json\/wp\/v2\/users\/1"}],"replies":[{"embeddable":true,"href":"http:\/\/blogdalucianaoliveira.com.br\/blog\/wp-json\/wp\/v2\/comments?post=29206"}],"version-history":[{"count":1,"href":"http:\/\/blogdalucianaoliveira.com.br\/blog\/wp-json\/wp\/v2\/posts\/29206\/revisions"}],"predecessor-version":[{"id":29208,"href":"http:\/\/blogdalucianaoliveira.com.br\/blog\/wp-json\/wp\/v2\/posts\/29206\/revisions\/29208"}],"wp:attachment":[{"href":"http:\/\/blogdalucianaoliveira.com.br\/blog\/wp-json\/wp\/v2\/media?parent=29206"}],"wp:term":[{"taxonomy":"category","embeddable":true,"href":"http:\/\/blogdalucianaoliveira.com.br\/blog\/wp-json\/wp\/v2\/categories?post=29206"},{"taxonomy":"post_tag","embeddable":true,"href":"http:\/\/blogdalucianaoliveira.com.br\/blog\/wp-json\/wp\/v2\/tags?post=29206"}],"curies":[{"name":"wp","href":"https:\/\/api.w.org\/{rel}","templated":true}]}}