{"id":29215,"date":"2020-07-20T07:00:47","date_gmt":"2020-07-20T11:00:47","guid":{"rendered":"http:\/\/blogdalucianaoliveira.com.br\/blog\/?p=29215"},"modified":"2020-07-20T07:05:48","modified_gmt":"2020-07-20T11:05:48","slug":"a-interminavel-reclusao-no-mar-dos-marinheiros-pelo-coronavirus","status":"publish","type":"post","link":"http:\/\/blogdalucianaoliveira.com.br\/blog\/2020\/07\/20\/a-interminavel-reclusao-no-mar-dos-marinheiros-pelo-coronavirus\/","title":{"rendered":"A intermin\u00e1vel reclus\u00e3o no mar dos marinheiros pelo coronav\u00edrus"},"content":{"rendered":"\n<figure class=\"wp-block-image size-large\"><img data-recalc-dims=\"1\" loading=\"lazy\" decoding=\"async\" width=\"600\" height=\"400\" data-attachment-id=\"29216\" data-permalink=\"http:\/\/blogdalucianaoliveira.com.br\/blog\/2020\/07\/20\/a-interminavel-reclusao-no-mar-dos-marinheiros-pelo-coronavirus\/image-36-8\/\" data-orig-file=\"https:\/\/i0.wp.com\/blogdalucianaoliveira.com.br\/blog\/wp-content\/uploads\/2020\/07\/image-36.jpeg?fit=600%2C400\" data-orig-size=\"600,400\" data-comments-opened=\"0\" data-image-meta=\"{&quot;aperture&quot;:&quot;0&quot;,&quot;credit&quot;:&quot;&quot;,&quot;camera&quot;:&quot;&quot;,&quot;caption&quot;:&quot;&quot;,&quot;created_timestamp&quot;:&quot;0&quot;,&quot;copyright&quot;:&quot;&quot;,&quot;focal_length&quot;:&quot;0&quot;,&quot;iso&quot;:&quot;0&quot;,&quot;shutter_speed&quot;:&quot;0&quot;,&quot;title&quot;:&quot;&quot;,&quot;orientation&quot;:&quot;0&quot;}\" data-image-title=\"image-36\" data-image-description=\"\" data-image-caption=\"\" data-medium-file=\"https:\/\/i0.wp.com\/blogdalucianaoliveira.com.br\/blog\/wp-content\/uploads\/2020\/07\/image-36.jpeg?fit=300%2C200\" data-large-file=\"https:\/\/i0.wp.com\/blogdalucianaoliveira.com.br\/blog\/wp-content\/uploads\/2020\/07\/image-36.jpeg?fit=600%2C400\" src=\"https:\/\/i0.wp.com\/blogdalucianaoliveira.com.br\/blog\/wp-content\/uploads\/2020\/07\/image-36.jpeg?resize=600%2C400\" alt=\"\" class=\"wp-image-29216\" srcset=\"https:\/\/i0.wp.com\/blogdalucianaoliveira.com.br\/blog\/wp-content\/uploads\/2020\/07\/image-36.jpeg?w=600 600w, https:\/\/i0.wp.com\/blogdalucianaoliveira.com.br\/blog\/wp-content\/uploads\/2020\/07\/image-36.jpeg?resize=300%2C200 300w, https:\/\/i0.wp.com\/blogdalucianaoliveira.com.br\/blog\/wp-content\/uploads\/2020\/07\/image-36.jpeg?resize=450%2C300 450w\" sizes=\"auto, (max-width: 600px) 100vw, 600px\" \/><\/figure>\n\n\n\n<p>Mais de 200 mil marinheiros est\u00e3o confinados em navios a espera de autoriza\u00e7\u00e3o para que sejam substitu\u00eddos e possam voltar a seus pa\u00edses.<\/p>\n\n\n\n<!--more-->\n\n\n\n<p>No G1<\/p>\n\n\n\n<p>Tejasvi Duseja n\u00e3o aguenta mais: a \u00faltima vez que esse marinheiro indiano pisou em terra firme foi h\u00e1 cinco meses. A culpa \u00e9 do coronav\u00edrus, que, impedindo a rota\u00e7\u00e3o das tripula\u00e7\u00f5es, condena mais de 200 mil marinheiros a um confinamento sem fim nos oceanos do planeta.<\/p>\n\n\n\n<p>Todos eles, sejam engenheiros em cargueiros, gar\u00e7ons em cruzeiros de luxo ou cozinheiros em balsas, esperam h\u00e1 meses para retornar aos seus pa\u00edses.<\/p>\n\n\n\n<p>Vivem uma situa\u00e7\u00e3o que a&nbsp;<a href=\"https:\/\/g1.globo.com\/tudo-sobre\/onu\/\">ONU<\/a>&nbsp;apresenta como uma crise humanit\u00e1ria e que j\u00e1 teria causado v\u00e1rios suic\u00eddios.&nbsp;<\/p>\n\n\n\n<p>Muitos ficaram presos nos navios em que trabalhavam, porque as restri\u00e7\u00f5es nas fronteiras impedem a chegada de pessoal para substitu\u00ed-los.<\/p>\n\n\n\n<p>&#8220;Psicologicamente, n\u00e3o aguento mais, mas devo ser forte porque n\u00e3o tenho outra escolha&#8221;, disse Duseja \u00e0 AFP em junho, via WhatsApp, do cargueiro indiano em que trabalha, agora nas \u00e1guas da&nbsp;<a href=\"https:\/\/g1.globo.com\/tudo-sobre\/malasia\/\">Mal\u00e1sia<\/a>.&nbsp;<\/p>\n\n\n\n<blockquote class=\"wp-block-quote is-layout-flow wp-block-quote-is-layout-flow\"><p>&#8220;A \u00faltima vez que desci deste barco de 200 metros foi em fevereiro&#8221;, explica.<\/p><\/blockquote>\n\n\n\n<p>Duseja, um dos 30 mil marinheiros indianos presos em um navio, havia estendido seu contrato alguns meses antes da propaga\u00e7\u00e3o da pandemia.<\/p>\n\n\n\n<p>Os marinheiros geralmente trabalham de seis a oito meses embarcados antes de serem substitu\u00eddos. A Covid-19 interrompeu essa mec\u00e2nica, causando caos nas viagens internacionais.<\/p>\n\n\n\n<p>&#8220;Atualmente, existem mais de 200 mil marinheiros presos no mar e que j\u00e1 excederam o prazo de seus contratos&#8221;, disse Guy Platten, secret\u00e1rio geral da C\u00e2mara Internacional de Marinha Mercante (ICS).<\/p>\n\n\n\n<blockquote class=\"wp-block-quote is-layout-flow wp-block-quote-is-layout-flow\"><p>&#8220;Esses her\u00f3is esquecidos do com\u00e9rcio mundial trabalham 12 horas por dia e sete dias por semana para nos fornecer alimentos, rem\u00e9dios e combust\u00edvel nessas horas dif\u00edceis&#8221;, acrescenta.&nbsp;<\/p><\/blockquote>\n\n\n\n<p>A situa\u00e7\u00e3o \u00e9 t\u00e3o s\u00e9ria que uma d\u00fazia de pa\u00edses prometeu em julho, durante a c\u00fapula mar\u00edtima internacional na Gr\u00e3-Bretanha, reconhecer a profiss\u00e3o como &#8220;essencial&#8221; para permitir que esses funcion\u00e1rios mar\u00edtimos voltassem para casa.<\/p>\n\n\n\n<p>Cherokee Capajo, filipino de 31 anos, t\u00e9cnico em cruzeiro de luxo, passou meses no mar, dada a incapacidade de desembarcar devido a restri\u00e7\u00f5es impostas pelo coronav\u00edrus.<\/p>\n\n\n\n<p>Mal tinha ouvido falar da Covid-19 quando embarcou no &#8220;Carnival Ecstasy&#8221; em janeiro na Fl\u00f3rida. N\u00e3o precisou esperar muito para ver v\u00e1rios navios da empresa Carnival serem imobilizados devido \u00e0 presen\u00e7a do v\u00edrus a bordo.<\/p>\n\n\n\n<figure class=\"wp-block-image size-large\"><img data-recalc-dims=\"1\" loading=\"lazy\" decoding=\"async\" width=\"600\" height=\"400\" data-attachment-id=\"29218\" data-permalink=\"http:\/\/blogdalucianaoliveira.com.br\/blog\/2020\/07\/20\/a-interminavel-reclusao-no-mar-dos-marinheiros-pelo-coronavirus\/image-37-8\/\" data-orig-file=\"https:\/\/i0.wp.com\/blogdalucianaoliveira.com.br\/blog\/wp-content\/uploads\/2020\/07\/image-37.jpeg?fit=600%2C400\" data-orig-size=\"600,400\" data-comments-opened=\"0\" data-image-meta=\"{&quot;aperture&quot;:&quot;0&quot;,&quot;credit&quot;:&quot;&quot;,&quot;camera&quot;:&quot;&quot;,&quot;caption&quot;:&quot;&quot;,&quot;created_timestamp&quot;:&quot;0&quot;,&quot;copyright&quot;:&quot;&quot;,&quot;focal_length&quot;:&quot;0&quot;,&quot;iso&quot;:&quot;0&quot;,&quot;shutter_speed&quot;:&quot;0&quot;,&quot;title&quot;:&quot;&quot;,&quot;orientation&quot;:&quot;0&quot;}\" data-image-title=\"image-37\" data-image-description=\"\" data-image-caption=\"\" data-medium-file=\"https:\/\/i0.wp.com\/blogdalucianaoliveira.com.br\/blog\/wp-content\/uploads\/2020\/07\/image-37.jpeg?fit=300%2C200\" data-large-file=\"https:\/\/i0.wp.com\/blogdalucianaoliveira.com.br\/blog\/wp-content\/uploads\/2020\/07\/image-37.jpeg?fit=600%2C400\" src=\"https:\/\/i0.wp.com\/blogdalucianaoliveira.com.br\/blog\/wp-content\/uploads\/2020\/07\/image-37.jpeg?resize=600%2C400\" alt=\"\" class=\"wp-image-29218\" srcset=\"https:\/\/i0.wp.com\/blogdalucianaoliveira.com.br\/blog\/wp-content\/uploads\/2020\/07\/image-37.jpeg?w=600 600w, https:\/\/i0.wp.com\/blogdalucianaoliveira.com.br\/blog\/wp-content\/uploads\/2020\/07\/image-37.jpeg?resize=300%2C200 300w, https:\/\/i0.wp.com\/blogdalucianaoliveira.com.br\/blog\/wp-content\/uploads\/2020\/07\/image-37.jpeg?resize=450%2C300 450w\" sizes=\"auto, (max-width: 600px) 100vw, 600px\" \/><\/figure>\n\n\n\n<h2 class=\"wp-block-heading\">&#8216;A pior experi\u00eancia mar\u00edtima&#8217;<\/h2>\n\n\n\n<p>Os passageiros do &#8220;Ecstasy&#8221; desembarcaram no porto americano de Jacksonville em 14 de mar\u00e7o, mas Cherokee Capajo e seus colegas foram for\u00e7ados a permanecer a bordo por sete semanas.<\/p>\n\n\n\n<p>Em 2 de maio, o navio partiu para as Bahamas, onde seus 1.200 tripulantes foram transferidos para outro navio, que os levou a Jacarta e depois a Manila, onde chegaram em 29 de junho.<\/p>\n\n\n\n<p>Ao desembarcar, a \u00fanica coisa que Capajo queria era &#8220;beijar a terra firme&#8221;.<\/p>\n\n\n\n<p>&#8220;Talvez essa tenha sido minha pior experi\u00eancia mar\u00edtima&#8221;, garantiu \u00e0 AFP esta semana via Messenger, enquanto passava por uma segunda quarentena, perto da cidade onde mora, no centro das Filipinas.<\/p>\n\n\n\n<p>Cerca de um quarto dos marinheiros s\u00e3o filipinos. Segundo as autoridades filipinas, cerca de 80 mil est\u00e3o presos no mar.<\/p>\n\n\n\n<p>Um filipino morreu em maio, depois de se mutilar a bordo da &#8220;Scarlet Lady&#8221;, ancorado na costa da Fl\u00f3rida, segundo a Guarda Costeira dos Estados Unidos.&nbsp;<\/p>\n\n\n\n<p>Os armadores expressaram preocupa\u00e7\u00e3o em uma carta ao secret\u00e1rio-geral da ONU, Antonio Guterres, na qual escreveram no m\u00eas passado que alguns marinheiros estavam presos em seus navios h\u00e1 15 meses, quando a conven\u00e7\u00e3o mar\u00edtima limita os embarques a uma dura\u00e7\u00e3o m\u00e1xima de 12 meses.<\/p>\n","protected":false},"excerpt":{"rendered":"<p>Mais de 200 mil marinheiros est\u00e3o confinados em navios a espera de autoriza\u00e7\u00e3o para que sejam substitu\u00eddos e possam voltar a seus pa\u00edses.<\/p>\n","protected":false},"author":1,"featured_media":0,"comment_status":"closed","ping_status":"open","sticky":false,"template":"","format":"standard","meta":{"_exactmetrics_skip_tracking":false,"_exactmetrics_sitenote_active":false,"_exactmetrics_sitenote_note":"","_exactmetrics_sitenote_category":0,"jetpack_post_was_ever_published":false,"_jetpack_newsletter_access":"","_jetpack_dont_email_post_to_subs":false,"_jetpack_newsletter_tier_id":0,"_jetpack_memberships_contains_paywalled_content":false,"_jetpack_memberships_contains_paid_content":false,"footnotes":"","jetpack_publicize_message":"","jetpack_publicize_feature_enabled":true,"jetpack_social_post_already_shared":true,"jetpack_social_options":{"image_generator_settings":{"template":"highway","enabled":false},"version":2}},"categories":[1],"tags":[],"class_list":["post-29215","post","type-post","status-publish","format-standard","hentry","category-notas"],"jetpack_publicize_connections":[],"jetpack_sharing_enabled":true,"jetpack_featured_media_url":"","jetpack_shortlink":"https:\/\/wp.me\/p7wKYW-7Bd","jetpack-related-posts":[],"_links":{"self":[{"href":"http:\/\/blogdalucianaoliveira.com.br\/blog\/wp-json\/wp\/v2\/posts\/29215","targetHints":{"allow":["GET"]}}],"collection":[{"href":"http:\/\/blogdalucianaoliveira.com.br\/blog\/wp-json\/wp\/v2\/posts"}],"about":[{"href":"http:\/\/blogdalucianaoliveira.com.br\/blog\/wp-json\/wp\/v2\/types\/post"}],"author":[{"embeddable":true,"href":"http:\/\/blogdalucianaoliveira.com.br\/blog\/wp-json\/wp\/v2\/users\/1"}],"replies":[{"embeddable":true,"href":"http:\/\/blogdalucianaoliveira.com.br\/blog\/wp-json\/wp\/v2\/comments?post=29215"}],"version-history":[{"count":2,"href":"http:\/\/blogdalucianaoliveira.com.br\/blog\/wp-json\/wp\/v2\/posts\/29215\/revisions"}],"predecessor-version":[{"id":29219,"href":"http:\/\/blogdalucianaoliveira.com.br\/blog\/wp-json\/wp\/v2\/posts\/29215\/revisions\/29219"}],"wp:attachment":[{"href":"http:\/\/blogdalucianaoliveira.com.br\/blog\/wp-json\/wp\/v2\/media?parent=29215"}],"wp:term":[{"taxonomy":"category","embeddable":true,"href":"http:\/\/blogdalucianaoliveira.com.br\/blog\/wp-json\/wp\/v2\/categories?post=29215"},{"taxonomy":"post_tag","embeddable":true,"href":"http:\/\/blogdalucianaoliveira.com.br\/blog\/wp-json\/wp\/v2\/tags?post=29215"}],"curies":[{"name":"wp","href":"https:\/\/api.w.org\/{rel}","templated":true}]}}