{"id":29220,"date":"2020-07-20T07:08:27","date_gmt":"2020-07-20T11:08:27","guid":{"rendered":"http:\/\/blogdalucianaoliveira.com.br\/blog\/?p=29220"},"modified":"2020-07-20T07:08:35","modified_gmt":"2020-07-20T11:08:35","slug":"desembargador-infrator-de-santos-e-retrato-de-uma-classe-de-intocaveis","status":"publish","type":"post","link":"http:\/\/blogdalucianaoliveira.com.br\/blog\/2020\/07\/20\/desembargador-infrator-de-santos-e-retrato-de-uma-classe-de-intocaveis\/","title":{"rendered":"Desembargador infrator de Santos \u00e9 retrato de uma classe de intoc\u00e1veis"},"content":{"rendered":"\n<figure class=\"wp-block-image size-large\"><img data-recalc-dims=\"1\" loading=\"lazy\" decoding=\"async\" width=\"600\" height=\"400\" data-attachment-id=\"29221\" data-permalink=\"http:\/\/blogdalucianaoliveira.com.br\/blog\/2020\/07\/20\/desembargador-infrator-de-santos-e-retrato-de-uma-classe-de-intocaveis\/image-38-8\/\" data-orig-file=\"https:\/\/i0.wp.com\/blogdalucianaoliveira.com.br\/blog\/wp-content\/uploads\/2020\/07\/image-38.jpeg?fit=678%2C452\" data-orig-size=\"678,452\" data-comments-opened=\"0\" data-image-meta=\"{&quot;aperture&quot;:&quot;0&quot;,&quot;credit&quot;:&quot;&quot;,&quot;camera&quot;:&quot;&quot;,&quot;caption&quot;:&quot;&quot;,&quot;created_timestamp&quot;:&quot;0&quot;,&quot;copyright&quot;:&quot;&quot;,&quot;focal_length&quot;:&quot;0&quot;,&quot;iso&quot;:&quot;0&quot;,&quot;shutter_speed&quot;:&quot;0&quot;,&quot;title&quot;:&quot;&quot;,&quot;orientation&quot;:&quot;0&quot;}\" data-image-title=\"image-38\" data-image-description=\"\" data-image-caption=\"\" data-medium-file=\"https:\/\/i0.wp.com\/blogdalucianaoliveira.com.br\/blog\/wp-content\/uploads\/2020\/07\/image-38.jpeg?fit=300%2C200\" data-large-file=\"https:\/\/i0.wp.com\/blogdalucianaoliveira.com.br\/blog\/wp-content\/uploads\/2020\/07\/image-38.jpeg?fit=600%2C400\" src=\"https:\/\/i0.wp.com\/blogdalucianaoliveira.com.br\/blog\/wp-content\/uploads\/2020\/07\/image-38.jpeg?resize=600%2C400\" alt=\"\" class=\"wp-image-29221\" srcset=\"https:\/\/i0.wp.com\/blogdalucianaoliveira.com.br\/blog\/wp-content\/uploads\/2020\/07\/image-38.jpeg?w=678 678w, https:\/\/i0.wp.com\/blogdalucianaoliveira.com.br\/blog\/wp-content\/uploads\/2020\/07\/image-38.jpeg?resize=300%2C200 300w, https:\/\/i0.wp.com\/blogdalucianaoliveira.com.br\/blog\/wp-content\/uploads\/2020\/07\/image-38.jpeg?resize=450%2C300 450w\" sizes=\"auto, (max-width: 600px) 100vw, 600px\" \/><\/figure>\n\n\n\n<p>Eduardo Siqueira \u00e9 t\u00e3o servidor p\u00fablico quanto o guarda municipal que cumpriu sua miss\u00e3o ao mult\u00e1-lo.<\/p>\n\n\n\n<!--more-->\n\n\n\n<p>Na FSP<\/p>\n\n\n\n<p>O desembargador Eduardo Siqueira, do Tribunal de Justi\u00e7a de S\u00e3o Paulo, n\u00e3o foi o primeiro nem ser\u00e1 o \u00faltimo magistrado que se sente diferenciado, com permiss\u00e3o de ignorar regras impostas aos cidad\u00e3os.<\/p>\n\n\n\n<p>Siqueira deu&nbsp;<a href=\"https:\/\/www1.folha.uol.com.br\/cotidiano\/2020\/07\/desembargador-de-sp-chama-guarda-civil-de-analfabeto-e-rasga-multa-ao-ser-flagrado-sem-mascara.shtml\">carteirada e humilhou&nbsp;<\/a>um guarda municipal de Santos, que o multou por estar&nbsp;<a href=\"https:\/\/www1.folha.uol.com.br\/cotidiano\/2020\/07\/desembargador-de-sp-chama-guarda-civil-de-analfabeto-e-rasga-multa-ao-ser-flagrado-sem-mascara.shtml\">infringindo<\/a>&nbsp;o decreto local sobre o uso obrigat\u00f3rio de m\u00e1scaras para combater o coronav\u00edrus.<\/p>\n\n\n\n<p>O juiz \u00e9 s\u00f3 mais um entre 360 (!) desembargadores do TJ-SP. \u00c9 t\u00e3o servidor p\u00fablico quanto o guarda que cumpriu sua miss\u00e3o ao mult\u00e1-lo.<\/p>\n\n\n\n<p>O epis\u00f3dio de Santos refor\u00e7a a imagem de que o Judici\u00e1rio brasileiro atua como uma classe de intoc\u00e1veis.<\/p>\n\n\n\n<p>\u00c9 um Poder que n\u00e3o v\u00ea, por exemplo, problema algum no fato de filhos enriquecerem<a href=\"https:\/\/www1.folha.uol.com.br\/poder\/2020\/07\/com-pai-na-presidencia-filhos-de-noronha-intensificam-advocacia-penal-no-stj.shtml\">\u00a0advogando no mesmo tribunal\u00a0<\/a>onde o pai ou a m\u00e3e julga, como ocorre no STJ e em outros tribunais superiores.<\/p>\n\n\n\n<p>Enquanto o pa\u00eds paga um pre\u00e7o salgado pela pandemia, com cortes de jornadas e sal\u00e1rios, o Judici\u00e1rio nega-se a dar da pr\u00f3pria carne. O STF&nbsp;<a href=\"https:\/\/www1.folha.uol.com.br\/poder\/2020\/07\/em-meio-a-pandemia-stf-pressiona-contra-reducao-salarial-e-corte-de-penduricalhos.shtml\">pressiona<\/a>&nbsp;o Congresso a preservar sua remunera\u00e7\u00e3o e evitar redu\u00e7\u00e3o de vencimentos dos funcion\u00e1rios.<\/p>\n\n\n\n<p>A farra \u00e9 grande. O Judici\u00e1rio<a href=\"https:\/\/www1.folha.uol.com.br\/poder\/2020\/07\/mais-de-8000-juizes-receberam-acima-de-r-100-mil-mensais-ao-menos-uma-vez-desde-2017.shtml\">&nbsp;pagou uma remunera\u00e7\u00e3o mensal&nbsp;<\/a>acima de R$ 100 mil a 8.226 ju\u00edzes ao menos uma vez entre 2017 e abril deste ano &#8211; num pa\u00eds em que o teto do servi\u00e7o p\u00fablico \u00e9 de R$ 39,3 mil. No per\u00edodo, foram feitos 565 pagamentos acima de R$ 200 mil a 507 ju\u00edzes. A magistratura \u00e9 brasileira, s\u00f3 parece viver na Escandin\u00e1via.<\/p>\n\n\n\n<p>Como&nbsp;<a href=\"https:\/\/www1.folha.uol.com.br\/poder\/2020\/06\/tj-sp-usa-verba-emergencial-invisivel-para-petiscos-e-regalias-a-desembargadores.shtml\">mostrou&nbsp;<\/a>a<strong>&nbsp;Folha<\/strong>&nbsp;recentemente, o TJ-SP tem usado, de forma oculta, verba reservada a situa\u00e7\u00f5es urgentes para manter a<a href=\"https:\/\/www1.folha.uol.com.br\/poder\/2020\/06\/tj-sp-usa-verba-emergencial-invisivel-para-petiscos-e-regalias-a-desembargadores.shtml\">&nbsp;regalia<\/a>&nbsp;de seus desembargadores, entre eles o infrator municipal Eduardo Siqueira.<\/p>\n\n\n\n<p>Ha despesas com queijo maasdam holand\u00eas, salame da mais alta qualidade e v\u00e1rias outras extravag\u00e2ncias gastron\u00f4micas em pleno per\u00edodo de contigenciamento em meio a pandemia.<\/p>\n\n\n\n<p>No caso do chilique do desembargador Siqueira, abriu-se uma apura\u00e7\u00e3o no CNJ (Conselho Nacional de Justi\u00e7a). Mas \u00e9 tudo um teatro, pouco se espera dali. Punir juiz que desonra a toga nunca foi uma virtude do colegiado.CONTINUE LENDO \u25beLeandro Colon<\/p>\n\n\n\n<p>Diretor da Sucursal de Bras\u00edlia, foi correspondente em Londres. Vencedor de dois pr\u00eamios Esso.<\/p>\n","protected":false},"excerpt":{"rendered":"<p>Eduardo Siqueira \u00e9 t\u00e3o servidor p\u00fablico quanto o guarda municipal que cumpriu sua miss\u00e3o ao mult\u00e1-lo.<\/p>\n","protected":false},"author":1,"featured_media":0,"comment_status":"closed","ping_status":"open","sticky":false,"template":"","format":"standard","meta":{"_exactmetrics_skip_tracking":false,"_exactmetrics_sitenote_active":false,"_exactmetrics_sitenote_note":"","_exactmetrics_sitenote_category":0,"jetpack_post_was_ever_published":false,"_jetpack_newsletter_access":"","_jetpack_dont_email_post_to_subs":false,"_jetpack_newsletter_tier_id":0,"_jetpack_memberships_contains_paywalled_content":false,"_jetpack_memberships_contains_paid_content":false,"footnotes":"","jetpack_publicize_message":"","jetpack_publicize_feature_enabled":true,"jetpack_social_post_already_shared":true,"jetpack_social_options":{"image_generator_settings":{"template":"highway","enabled":false},"version":2}},"categories":[1],"tags":[],"class_list":["post-29220","post","type-post","status-publish","format-standard","hentry","category-notas"],"jetpack_publicize_connections":[],"jetpack_sharing_enabled":true,"jetpack_featured_media_url":"","jetpack_shortlink":"https:\/\/wp.me\/p7wKYW-7Bi","jetpack-related-posts":[],"_links":{"self":[{"href":"http:\/\/blogdalucianaoliveira.com.br\/blog\/wp-json\/wp\/v2\/posts\/29220","targetHints":{"allow":["GET"]}}],"collection":[{"href":"http:\/\/blogdalucianaoliveira.com.br\/blog\/wp-json\/wp\/v2\/posts"}],"about":[{"href":"http:\/\/blogdalucianaoliveira.com.br\/blog\/wp-json\/wp\/v2\/types\/post"}],"author":[{"embeddable":true,"href":"http:\/\/blogdalucianaoliveira.com.br\/blog\/wp-json\/wp\/v2\/users\/1"}],"replies":[{"embeddable":true,"href":"http:\/\/blogdalucianaoliveira.com.br\/blog\/wp-json\/wp\/v2\/comments?post=29220"}],"version-history":[{"count":1,"href":"http:\/\/blogdalucianaoliveira.com.br\/blog\/wp-json\/wp\/v2\/posts\/29220\/revisions"}],"predecessor-version":[{"id":29222,"href":"http:\/\/blogdalucianaoliveira.com.br\/blog\/wp-json\/wp\/v2\/posts\/29220\/revisions\/29222"}],"wp:attachment":[{"href":"http:\/\/blogdalucianaoliveira.com.br\/blog\/wp-json\/wp\/v2\/media?parent=29220"}],"wp:term":[{"taxonomy":"category","embeddable":true,"href":"http:\/\/blogdalucianaoliveira.com.br\/blog\/wp-json\/wp\/v2\/categories?post=29220"},{"taxonomy":"post_tag","embeddable":true,"href":"http:\/\/blogdalucianaoliveira.com.br\/blog\/wp-json\/wp\/v2\/tags?post=29220"}],"curies":[{"name":"wp","href":"https:\/\/api.w.org\/{rel}","templated":true}]}}