{"id":29228,"date":"2020-07-21T06:27:20","date_gmt":"2020-07-21T10:27:20","guid":{"rendered":"http:\/\/blogdalucianaoliveira.com.br\/blog\/?p=29228"},"modified":"2020-07-21T06:27:25","modified_gmt":"2020-07-21T10:27:25","slug":"os-militares-e-o-genocidio-indigena","status":"publish","type":"post","link":"http:\/\/blogdalucianaoliveira.com.br\/blog\/2020\/07\/21\/os-militares-e-o-genocidio-indigena\/","title":{"rendered":"Os militares e o genoc\u00eddio ind\u00edgena"},"content":{"rendered":"\n<figure class=\"wp-block-image size-large\"><img loading=\"lazy\" decoding=\"async\" width=\"1280\" height=\"1068\" data-attachment-id=\"29229\" data-permalink=\"http:\/\/blogdalucianaoliveira.com.br\/blog\/2020\/07\/21\/os-militares-e-o-genocidio-indigena\/997f687d-8c98-4260-b09f-d792d57d062c\/\" data-orig-file=\"https:\/\/i0.wp.com\/blogdalucianaoliveira.com.br\/blog\/wp-content\/uploads\/2020\/07\/997F687D-8C98-4260-B09F-D792D57D062C.jpeg?fit=1280%2C1068\" data-orig-size=\"1280,1068\" data-comments-opened=\"0\" data-image-meta=\"{&quot;aperture&quot;:&quot;0&quot;,&quot;credit&quot;:&quot;&quot;,&quot;camera&quot;:&quot;&quot;,&quot;caption&quot;:&quot;&quot;,&quot;created_timestamp&quot;:&quot;0&quot;,&quot;copyright&quot;:&quot;&quot;,&quot;focal_length&quot;:&quot;0&quot;,&quot;iso&quot;:&quot;0&quot;,&quot;shutter_speed&quot;:&quot;0&quot;,&quot;title&quot;:&quot;&quot;,&quot;orientation&quot;:&quot;1&quot;}\" data-image-title=\"997F687D-8C98-4260-B09F-D792D57D062C\" data-image-description=\"\" data-image-caption=\"\" data-medium-file=\"https:\/\/i0.wp.com\/blogdalucianaoliveira.com.br\/blog\/wp-content\/uploads\/2020\/07\/997F687D-8C98-4260-B09F-D792D57D062C.jpeg?fit=300%2C250\" data-large-file=\"https:\/\/i0.wp.com\/blogdalucianaoliveira.com.br\/blog\/wp-content\/uploads\/2020\/07\/997F687D-8C98-4260-B09F-D792D57D062C.jpeg?fit=600%2C500\" src=\"https:\/\/i2.wp.com\/blogdalucianaoliveira.com.br\/blog\/wp-content\/uploads\/2020\/07\/997F687D-8C98-4260-B09F-D792D57D062C.jpeg?fit=600%2C500\" alt=\"\" class=\"wp-image-29229\" srcset=\"https:\/\/i0.wp.com\/blogdalucianaoliveira.com.br\/blog\/wp-content\/uploads\/2020\/07\/997F687D-8C98-4260-B09F-D792D57D062C.jpeg?w=1280 1280w, https:\/\/i0.wp.com\/blogdalucianaoliveira.com.br\/blog\/wp-content\/uploads\/2020\/07\/997F687D-8C98-4260-B09F-D792D57D062C.jpeg?resize=300%2C250 300w, https:\/\/i0.wp.com\/blogdalucianaoliveira.com.br\/blog\/wp-content\/uploads\/2020\/07\/997F687D-8C98-4260-B09F-D792D57D062C.jpeg?resize=1024%2C854 1024w, https:\/\/i0.wp.com\/blogdalucianaoliveira.com.br\/blog\/wp-content\/uploads\/2020\/07\/997F687D-8C98-4260-B09F-D792D57D062C.jpeg?resize=768%2C641 768w, https:\/\/i0.wp.com\/blogdalucianaoliveira.com.br\/blog\/wp-content\/uploads\/2020\/07\/997F687D-8C98-4260-B09F-D792D57D062C.jpeg?resize=360%2C300 360w, https:\/\/i0.wp.com\/blogdalucianaoliveira.com.br\/blog\/wp-content\/uploads\/2020\/07\/997F687D-8C98-4260-B09F-D792D57D062C.jpeg?w=1200 1200w\" sizes=\"auto, (max-width: 600px) 100vw, 600px\" \/><\/figure>\n\n\n\n<p>Na FSP, por Cristina Serra &#8211; O levantamento mais recente feito pela\u00a0<a href=\"https:\/\/www1.folha.uol.com.br\/cotidiano\/2020\/07\/barroso-determina-que-governo-federal-tome-acoes-para-conter-avanco-da-covid-19-entre-indigenas.shtml\">Articula\u00e7\u00e3o dos Povos Ind\u00edgenas do Brasil (Apib)<\/a>informa que 542 \u00edndios morreram de covid-19 e 16.656 foram contaminados. A doen\u00e7a atingiu 143 etnias diferentes espalhadas pelo Brasil.<\/p>\n\n\n\n<!--more-->\n\n\n\n<p>Com base nos n\u00fameros do Minist\u00e9rio da Sa\u00fade sobre pessoas internadas, o dem\u00f3grafo Jos\u00e9 Eust\u00e1quio Diniz Alves calculou que os ind\u00edgenas contaminados tem 98% a mais de chances de morrer do que pessoas de cor branca. Tamb\u00e9m comparados aos brancos, negros tem 46% e pardos 72% mais chances de morrer devido \u00e0\u00a0<a href=\"https:\/\/www1.folha.uol.com.br\/cotidiano\/coronavirus\/\">Covid-19<\/a>.<\/p>\n\n\n\n<p>Epidemias nas Am\u00e9ricas come\u00e7aram com o desembarque dos primeiros europeus em praias tropicais. Surtos de var\u00edola, sarampo, gripe, c\u00f3lera, coqueluche e outros males dizimaram por completo povos ind\u00edgenas e deixaram outros \u00e0 beira da extin\u00e7\u00e3o. \u00c9 o que o antrop\u00f3logo norte-americano Henry Dobyns chamou de \u201ccataclismo biol\u00f3gico\u201d.<\/p>\n\n\n\n<p>A vulnerabilidade dos \u00edndios deveria ter ensejado a\u00e7\u00e3o decisiva do Estado para evitar que o<a href=\"https:\/\/noticias.uol.com.br\/colunas\/rubens-valente\/2020\/06\/07\/indigenas-coronavirus-amazonia-vale-do-javari.htm\">&nbsp;v\u00edrus chegasse \u00e0s aldeias<\/a>. O que se v\u00ea, ao contr\u00e1rio, \u00e9 o incentivo para a<a href=\"https:\/\/www1.folha.uol.com.br\/ambiente\/2020\/07\/justica-determina-retirada-de-garimpeiros-de-territorio-ianomami.shtml\">&nbsp;invas\u00e3o de grileiros&nbsp;<\/a>e garimpeiros, que levaram a doen\u00e7a para dentro das terras ind\u00edgenas.<\/p>\n\n\n\n<p>O governo foi capaz de covardia maior. Vetou o fornecimento de \u00e1gua pot\u00e1vel para os \u00edndios; despachou um carregamento de cloroquina para algumas aldeias e disse que bebessem \u00e1gua dos rios. Um deboche quando se sabe que dezenas de rios est\u00e3o contaminados com o merc\u00fario dos garimpos ou com agrot\u00f3xicos.<\/p>\n\n\n\n<p><a href=\"https:\/\/www1.folha.uol.com.br\/poder\/2020\/07\/presenca-de-militares-da-ativa-no-governo-federal-cresce-33-sob-bolsonaro-e-mais-que-dobra-em-20-anos.shtml\">Os militares<\/a>\u00a0\u2014que controlam o Minist\u00e9rio da Sa\u00fade\u2014 n\u00e3o gostaram quando o ministro do Supremo Tribunal Federal\u00a0<a href=\"https:\/\/www1.folha.uol.com.br\/poder\/2020\/07\/gilmar-fala-em-genocidio-de-indios-e-volta-a-criticar-excesso-de-militares-no-ministerio-da-saude.shtml\">Gilmar Mendes os associou a um genoc\u00eddio<\/a>. O dicion\u00e1rio oferece muitos sin\u00f4nimos: exterm\u00ednio, chacina, massacre, matan\u00e7a, carnificina, elimina\u00e7\u00e3o, extin\u00e7\u00e3o, extermina\u00e7\u00e3o, aniquila\u00e7\u00e3o, aniquilamento, destrui\u00e7\u00e3o, mortandade, mortic\u00ednio.<\/p>\n\n\n\n<p>Que eles escolham qualquer um e durmam em paz com suas consci\u00eancias. Se conseguirem.<\/p>\n","protected":false},"excerpt":{"rendered":"<p>Na FSP, por Cristina Serra &#8211; O levantamento mais recente feito pela\u00a0Articula\u00e7\u00e3o dos Povos Ind\u00edgenas do Brasil (Apib)informa que 542 \u00edndios morreram de covid-19 e 16.656 foram contaminados. A doen\u00e7a atingiu 143 etnias diferentes espalhadas pelo Brasil.<\/p>\n","protected":false},"author":1,"featured_media":0,"comment_status":"closed","ping_status":"open","sticky":false,"template":"","format":"standard","meta":{"_exactmetrics_skip_tracking":false,"_exactmetrics_sitenote_active":false,"_exactmetrics_sitenote_note":"","_exactmetrics_sitenote_category":0,"jetpack_post_was_ever_published":false,"_jetpack_newsletter_access":"","_jetpack_dont_email_post_to_subs":false,"_jetpack_newsletter_tier_id":0,"_jetpack_memberships_contains_paywalled_content":false,"_jetpack_memberships_contains_paid_content":false,"footnotes":"","jetpack_publicize_message":"","jetpack_publicize_feature_enabled":true,"jetpack_social_post_already_shared":true,"jetpack_social_options":{"image_generator_settings":{"template":"highway","enabled":false},"version":2}},"categories":[1],"tags":[],"class_list":["post-29228","post","type-post","status-publish","format-standard","hentry","category-notas"],"jetpack_publicize_connections":[],"jetpack_sharing_enabled":true,"jetpack_featured_media_url":"","jetpack_shortlink":"https:\/\/wp.me\/p7wKYW-7Bq","jetpack-related-posts":[],"_links":{"self":[{"href":"http:\/\/blogdalucianaoliveira.com.br\/blog\/wp-json\/wp\/v2\/posts\/29228","targetHints":{"allow":["GET"]}}],"collection":[{"href":"http:\/\/blogdalucianaoliveira.com.br\/blog\/wp-json\/wp\/v2\/posts"}],"about":[{"href":"http:\/\/blogdalucianaoliveira.com.br\/blog\/wp-json\/wp\/v2\/types\/post"}],"author":[{"embeddable":true,"href":"http:\/\/blogdalucianaoliveira.com.br\/blog\/wp-json\/wp\/v2\/users\/1"}],"replies":[{"embeddable":true,"href":"http:\/\/blogdalucianaoliveira.com.br\/blog\/wp-json\/wp\/v2\/comments?post=29228"}],"version-history":[{"count":1,"href":"http:\/\/blogdalucianaoliveira.com.br\/blog\/wp-json\/wp\/v2\/posts\/29228\/revisions"}],"predecessor-version":[{"id":29230,"href":"http:\/\/blogdalucianaoliveira.com.br\/blog\/wp-json\/wp\/v2\/posts\/29228\/revisions\/29230"}],"wp:attachment":[{"href":"http:\/\/blogdalucianaoliveira.com.br\/blog\/wp-json\/wp\/v2\/media?parent=29228"}],"wp:term":[{"taxonomy":"category","embeddable":true,"href":"http:\/\/blogdalucianaoliveira.com.br\/blog\/wp-json\/wp\/v2\/categories?post=29228"},{"taxonomy":"post_tag","embeddable":true,"href":"http:\/\/blogdalucianaoliveira.com.br\/blog\/wp-json\/wp\/v2\/tags?post=29228"}],"curies":[{"name":"wp","href":"https:\/\/api.w.org\/{rel}","templated":true}]}}