{"id":29232,"date":"2020-07-21T08:22:02","date_gmt":"2020-07-21T12:22:02","guid":{"rendered":"http:\/\/blogdalucianaoliveira.com.br\/blog\/?p=29232"},"modified":"2020-07-21T08:22:07","modified_gmt":"2020-07-21T12:22:07","slug":"cloroquina-doada-pelos-estados-unidos-vira-problema-para-os-estados","status":"publish","type":"post","link":"http:\/\/blogdalucianaoliveira.com.br\/blog\/2020\/07\/21\/cloroquina-doada-pelos-estados-unidos-vira-problema-para-os-estados\/","title":{"rendered":"Cloroquina doada pelos Estados Unidos vira problema para os Estados"},"content":{"rendered":"\n<figure class=\"wp-block-image size-large\"><img data-recalc-dims=\"1\" loading=\"lazy\" decoding=\"async\" width=\"300\" height=\"225\" data-attachment-id=\"29233\" data-permalink=\"http:\/\/blogdalucianaoliveira.com.br\/blog\/2020\/07\/21\/cloroquina-doada-pelos-estados-unidos-vira-problema-para-os-estados\/exercito-produz-cloroquina\/\" data-orig-file=\"https:\/\/i0.wp.com\/blogdalucianaoliveira.com.br\/blog\/wp-content\/uploads\/2020\/07\/image-40.jpeg?fit=300%2C225\" data-orig-size=\"300,225\" data-comments-opened=\"0\" data-image-meta=\"{&quot;aperture&quot;:&quot;0&quot;,&quot;credit&quot;:&quot;&quot;,&quot;camera&quot;:&quot;&quot;,&quot;caption&quot;:&quot;Rio de Janeiro (RJ) 22\\\/05\\\/2020 METROPOLE  - COMBATE A PANDEMIA DE CORONAVIRUS COVID-19  - EXERCITO PRODUZ REMEDIO  CLOROQUINA \\\/ HIDROXICLOROQUINA -  Ap\\u00f3s o surgimento de diversos casos da doen\\u00e7a respirat\\u00f3ria causada pelo coronav\\u00edrus (COVID-19) na China, o governo brasileiro, preocupado com a prolifera\\u00e7\\u00e3o do v\\u00edrus, vem adotando medidas de prepara\\u00e7\\u00e3o e orienta\\u00e7\\u00e3o dos servi\\u00e7os de sa\\u00fade e da popula\\u00e7\\u00e3o em todo o pa\\u00eds. Considerando o atual cen\\u00e1rio de aumento do n\\u00famero de casos de infec\\u00e7\\u00e3o pela COVID-19 em territ\\u00f3rio nacional, combatendo a dissemina\\u00e7\\u00e3o do novo v\\u00edrus e focando na produ\\u00e7\\u00e3o de poss\\u00edveis medicamentos para o tratamento, ainda que permane\\u00e7am em fase de estudos para a comprova\\u00e7\\u00e3o de sua seguran\\u00e7a e sua efic\\u00e1cia, o Laborat\\u00f3rio Qu\\u00edmico Farmac\\u00eautico do Ex\\u00e9rcito (LQFEx) intensificou a produ\\u00e7\\u00e3o do medicamento Cloroquina 150 mg, apoiado pelo Laborat\\u00f3rio Farmac\\u00eautico da Marinha (LFM) e pelo Laborat\\u00f3rio Qu\\u00edmico Farmac\\u00eautico da Aeron\\u00e1utica (LAQFA). CREDITO LQFEx\\\/MINISTERIO DA DEFESA&quot;,&quot;created_timestamp&quot;:&quot;0&quot;,&quot;copyright&quot;:&quot;&quot;,&quot;focal_length&quot;:&quot;0&quot;,&quot;iso&quot;:&quot;0&quot;,&quot;shutter_speed&quot;:&quot;0&quot;,&quot;title&quot;:&quot;EXERCITO PRODUZ CLOROQUINA&quot;,&quot;orientation&quot;:&quot;1&quot;}\" data-image-title=\"EXERCITO PRODUZ CLOROQUINA\" data-image-description=\"\" data-image-caption=\"&lt;p&gt;Rio de Janeiro (RJ) 22\/05\/2020 METROPOLE  &amp;#8211; COMBATE A PANDEMIA DE CORONAVIRUS COVID-19  &amp;#8211; EXERCITO PRODUZ REMEDIO  CLOROQUINA \/ HIDROXICLOROQUINA &amp;#8211;  Ap\u00f3s o surgimento de diversos casos da doen\u00e7a respirat\u00f3ria causada pelo coronav\u00edrus (COVID-19) na China, o governo brasileiro, preocupado com a prolifera\u00e7\u00e3o do v\u00edrus, vem adotando medidas de prepara\u00e7\u00e3o e orienta\u00e7\u00e3o dos servi\u00e7os de sa\u00fade e da popula\u00e7\u00e3o em todo o pa\u00eds. Considerando o atual cen\u00e1rio de aumento do n\u00famero de casos de infec\u00e7\u00e3o pela COVID-19 em territ\u00f3rio nacional, combatendo a dissemina\u00e7\u00e3o do novo v\u00edrus e focando na produ\u00e7\u00e3o de poss\u00edveis medicamentos para o tratamento, ainda que permane\u00e7am em fase de estudos para a comprova\u00e7\u00e3o de sua seguran\u00e7a e sua efic\u00e1cia, o Laborat\u00f3rio Qu\u00edmico Farmac\u00eautico do Ex\u00e9rcito (LQFEx) intensificou a produ\u00e7\u00e3o do medicamento Cloroquina 150 mg, apoiado pelo Laborat\u00f3rio Farmac\u00eautico da Marinha (LFM) e pelo Laborat\u00f3rio Qu\u00edmico Farmac\u00eautico da Aeron\u00e1utica (LAQFA). CREDITO LQFEx\/MINISTERIO DA DEFESA&lt;\/p&gt;\n\" data-medium-file=\"https:\/\/i0.wp.com\/blogdalucianaoliveira.com.br\/blog\/wp-content\/uploads\/2020\/07\/image-40.jpeg?fit=300%2C225\" data-large-file=\"https:\/\/i0.wp.com\/blogdalucianaoliveira.com.br\/blog\/wp-content\/uploads\/2020\/07\/image-40.jpeg?fit=300%2C225\" src=\"https:\/\/i0.wp.com\/blogdalucianaoliveira.com.br\/blog\/wp-content\/uploads\/2020\/07\/image-40.jpeg?resize=300%2C225\" alt=\"\" class=\"wp-image-29233\"\/><\/figure>\n\n\n\n<h4 class=\"wp-block-heading\">Subst\u00e2ncia enviada pelos americanos precisa ser fracionada e a Uni\u00e3o quer que os governadores assumam a despesa<\/h4>\n\n\n\n<!--more-->\n\n\n\n<p>Mateus Vargas, O Estado de S.Paulo<\/p>\n\n\n\n<p>BRAS\u00cdLIA\u00a0 &#8211;\u00a0Doados pelos\u00a0<strong><a rel=\"noreferrer noopener\" href=\"https:\/\/tudo-sobre.estadao.com.br\/estados-unidos-america-do-norte\" target=\"_blank\">Estados Unidos<\/a><\/strong>\u00a0e pela empresa Novartis ao Brasil para combate \u00e0\u00a0<strong><a rel=\"noreferrer noopener\" href=\"https:\/\/tudo-sobre.estadao.com.br\/coronavirus\" target=\"_blank\">covid-19<\/a><\/strong>, cerca de 3 milh\u00f5es de comprimidos de hidroxicloroquina podem virar gasto extra dos Estados na pandemia. A droga precisa ser fracionada e o\u00a0<strong><a rel=\"noreferrer noopener\" href=\"https:\/\/tudo-sobre.estadao.com.br\/ministerio-da-saude\" target=\"_blank\">Minist\u00e9rio da Sa\u00fade<\/a><\/strong>\u00a0quer que governadores assumam a despesa \u2013 ou seja, o \u201cagrado\u201d do presidente\u00a0<strong><a rel=\"noreferrer noopener\" href=\"https:\/\/tudo-sobre.estadao.com.br\/donald-trump\" target=\"_blank\">Donald Trump<\/a><\/strong>\u00a0a\u00a0<strong><a rel=\"noreferrer noopener\" href=\"https:\/\/tudo-sobre.estadao.com.br\/jair-bolsonaro\" target=\"_blank\">Jair Bolsonaro<\/a><\/strong>\u00a0acabou por se tornar, na vis\u00e3o de gestores locais, um \u201cpresente de grego\u201d.\u00a0<br><\/p>\n\n\n\n<p>Como as drogas entraram no Pa\u00eds em frascos com 100 comprimidos, ser\u00e1 preciso separar a dose exata indicada para pacientes do novo coronav\u00edrus \u2013 e, al\u00e9m disso, embalar o produto em caixa espec\u00edfica. O medicamento n\u00e3o pode ter contato com o meio externo e o processo precisa ser supervisionado por farmac\u00eauticos.<\/p>\n\n\n\n<p>A sugest\u00e3o para os Estados assumirem custos do fracionamento foi feita em reuni\u00e3o na \u00faltima sexta-feira, 17, pela equipe do ministro interino, Eduardo Pazuello. A ideia desagradou aos secret\u00e1rios estaduais.&nbsp;&nbsp;<\/p>\n\n\n\n<p>Reservadamente, os gestores dos Estados lembram que a Sa\u00fade sequer deu destino para cerca de 1,2 milh\u00e3o de comprimidos estocados no Laborat\u00f3rio do Ex\u00e9rcito. O \u00f3rg\u00e3o turbinou a produ\u00e7\u00e3o da cloroquina, a pedido do presidente Jair Bolsonaro, e elaborou 3 milh\u00f5es de comprimidos \u2013 o \u00faltimo lote, de 2016, foi de 265 mil unidades.&nbsp;<\/p>\n\n\n\n<p>Tamb\u00e9m incomoda os secret\u00e1rios estaduais a insist\u00eancia do Minist\u00e9rio da Sa\u00fade no tratamento com a hidroxicloroquina. Na mesma data em que informou aos gestores do&nbsp;<strong><a href=\"https:\/\/tudo-sobre.estadao.com.br\/sus-sistema-unico-de-saude\" target=\"_blank\" rel=\"noreferrer noopener\">SUS<\/a><\/strong>&nbsp;sobre a necessidade de fracionar o produto, a Sociedade Brasileira de Infectologia (SBI) refor\u00e7ou que a droga \u00e9 ineficaz para a preven\u00e7\u00e3o e cura da covid-19. \u201cA hidroxicloroquina deve ser abandonada em qualquer fase do tratamento da covid-19\u201d , afirmou a entidade.&nbsp;<\/p>\n\n\n\n<p>Procurado, o minist\u00e9rio confirmou que o medicamento ter\u00e1 de ser fracionado. Com base em orienta\u00e7\u00e3o divulgada em maio pela Sa\u00fade, ap\u00f3s Pazuello assumir a pasta interinamente, a ideia \u00e9 separar caixas de 6 comprimidos de hidroxicloroquina de 400 mg ou, ent\u00e3o, com 12 comprimidos de 200 mg. Trata-se da dose indicada pelo minist\u00e9rio para o tratamento da covid-19. A Sa\u00fade afirma que a doa\u00e7\u00e3o servir\u00e1 para tratar 250 mil pacientes.&nbsp;<\/p>\n\n\n\n<p>Questionado, o minist\u00e9rio n\u00e3o disse quanto deve custar aos Estados o fracionamento da cloroquina. Segundo pessoas presentes a uma reuni\u00e3o sobre o tema, nem a equipe de Pazuello nem secret\u00e1rios estaduais sabem qual ser\u00e1 o valor exato desse gasto.&nbsp;<\/p>\n\n\n\n<p>\u201cO minist\u00e9rio continua insistindo em orienta\u00e7\u00f5es de dose e posologia do medicamento sem nenhuma comprova\u00e7\u00e3o e base cient\u00edfica. Cada vez mais v\u00e3o se acumulando estudos mostrando a falta de efic\u00e1cia\u201d, afirma o m\u00e9dico, advogado sanitarista e pesquisador da USP Daniel Dourado. Para ele, criar uma \u201cbula paralela\u201d do medicamento, registrado no Brasil apenas contra doen\u00e7as como mal\u00e1ria, \u00e9 uma infra\u00e7\u00e3o sanit\u00e1ria.&nbsp;<\/p>\n\n\n\n<p>Em nota, o Conselho Nacional de Secret\u00e1rios de Sa\u00fade (Conass) disse que \u201cn\u00e3o h\u00e1 racionalidade em defender o uso desses produtos dentro de uma pol\u00edtica p\u00fablica de medicamentos, muito menos para uso de forma precoce\u201d.&nbsp;&nbsp;<\/p>\n\n\n\n<p>A Anvisa deve aprovar nesta ter\u00e7a-feira, 21, em reuni\u00e3o da diretoria colegiada, uma orienta\u00e7\u00e3o sobre o fracionamento e a distribui\u00e7\u00e3o da droga. Os 3 milh\u00f5es de comprimidos foram fabricados pela Novartis, sendo que 2 milh\u00f5es foram doados pelo governo de Donald Trump, em 31 de maio, e 1 milh\u00e3o pela pr\u00f3pria farmac\u00eautica. O medicamento elaborado por essa empresa n\u00e3o tem registro no Brasil. A Novartis disse que \u201cn\u00e3o endossa\u201d o uso de nenhum dos seus produtos fora das especifica\u00e7\u00f5es. E refor\u00e7a que \u201cqualquer in\u00edcio e interrup\u00e7\u00e3o de uso de medicamentos deve ser avaliado em conjunto com um profissional de sa\u00fade\u201d.<\/p>\n","protected":false},"excerpt":{"rendered":"<p>Subst\u00e2ncia enviada pelos americanos precisa ser fracionada e a Uni\u00e3o quer que os governadores assumam a despesa<\/p>\n","protected":false},"author":1,"featured_media":0,"comment_status":"closed","ping_status":"open","sticky":false,"template":"","format":"standard","meta":{"_exactmetrics_skip_tracking":false,"_exactmetrics_sitenote_active":false,"_exactmetrics_sitenote_note":"","_exactmetrics_sitenote_category":0,"jetpack_post_was_ever_published":false,"_jetpack_newsletter_access":"","_jetpack_dont_email_post_to_subs":false,"_jetpack_newsletter_tier_id":0,"_jetpack_memberships_contains_paywalled_content":false,"_jetpack_memberships_contains_paid_content":false,"footnotes":"","jetpack_publicize_message":"","jetpack_publicize_feature_enabled":true,"jetpack_social_post_already_shared":true,"jetpack_social_options":{"image_generator_settings":{"template":"highway","enabled":false},"version":2}},"categories":[1],"tags":[],"class_list":["post-29232","post","type-post","status-publish","format-standard","hentry","category-notas"],"jetpack_publicize_connections":[],"jetpack_sharing_enabled":true,"jetpack_featured_media_url":"","jetpack_shortlink":"https:\/\/wp.me\/p7wKYW-7Bu","jetpack-related-posts":[],"_links":{"self":[{"href":"http:\/\/blogdalucianaoliveira.com.br\/blog\/wp-json\/wp\/v2\/posts\/29232","targetHints":{"allow":["GET"]}}],"collection":[{"href":"http:\/\/blogdalucianaoliveira.com.br\/blog\/wp-json\/wp\/v2\/posts"}],"about":[{"href":"http:\/\/blogdalucianaoliveira.com.br\/blog\/wp-json\/wp\/v2\/types\/post"}],"author":[{"embeddable":true,"href":"http:\/\/blogdalucianaoliveira.com.br\/blog\/wp-json\/wp\/v2\/users\/1"}],"replies":[{"embeddable":true,"href":"http:\/\/blogdalucianaoliveira.com.br\/blog\/wp-json\/wp\/v2\/comments?post=29232"}],"version-history":[{"count":1,"href":"http:\/\/blogdalucianaoliveira.com.br\/blog\/wp-json\/wp\/v2\/posts\/29232\/revisions"}],"predecessor-version":[{"id":29234,"href":"http:\/\/blogdalucianaoliveira.com.br\/blog\/wp-json\/wp\/v2\/posts\/29232\/revisions\/29234"}],"wp:attachment":[{"href":"http:\/\/blogdalucianaoliveira.com.br\/blog\/wp-json\/wp\/v2\/media?parent=29232"}],"wp:term":[{"taxonomy":"category","embeddable":true,"href":"http:\/\/blogdalucianaoliveira.com.br\/blog\/wp-json\/wp\/v2\/categories?post=29232"},{"taxonomy":"post_tag","embeddable":true,"href":"http:\/\/blogdalucianaoliveira.com.br\/blog\/wp-json\/wp\/v2\/tags?post=29232"}],"curies":[{"name":"wp","href":"https:\/\/api.w.org\/{rel}","templated":true}]}}