{"id":29238,"date":"2020-07-21T10:56:49","date_gmt":"2020-07-21T14:56:49","guid":{"rendered":"http:\/\/blogdalucianaoliveira.com.br\/blog\/?p=29238"},"modified":"2020-07-21T10:56:57","modified_gmt":"2020-07-21T14:56:57","slug":"intencao-de-consumo-das-familias-atinge-o-menor-nivel-da-historia","status":"publish","type":"post","link":"http:\/\/blogdalucianaoliveira.com.br\/blog\/2020\/07\/21\/intencao-de-consumo-das-familias-atinge-o-menor-nivel-da-historia\/","title":{"rendered":"Inten\u00e7\u00e3o de consumo das fam\u00edlias atinge o menor n\u00edvel da hist\u00f3ria"},"content":{"rendered":"\n<figure class=\"wp-block-image size-large\"><img data-recalc-dims=\"1\" loading=\"lazy\" decoding=\"async\" width=\"500\" height=\"240\" data-attachment-id=\"29239\" data-permalink=\"http:\/\/blogdalucianaoliveira.com.br\/blog\/2020\/07\/21\/intencao-de-consumo-das-familias-atinge-o-menor-nivel-da-historia\/image-41-8\/\" data-orig-file=\"https:\/\/i0.wp.com\/blogdalucianaoliveira.com.br\/blog\/wp-content\/uploads\/2020\/07\/image-41.jpeg?fit=500%2C240\" data-orig-size=\"500,240\" data-comments-opened=\"0\" data-image-meta=\"{&quot;aperture&quot;:&quot;0&quot;,&quot;credit&quot;:&quot;&quot;,&quot;camera&quot;:&quot;&quot;,&quot;caption&quot;:&quot;&quot;,&quot;created_timestamp&quot;:&quot;0&quot;,&quot;copyright&quot;:&quot;&quot;,&quot;focal_length&quot;:&quot;0&quot;,&quot;iso&quot;:&quot;0&quot;,&quot;shutter_speed&quot;:&quot;0&quot;,&quot;title&quot;:&quot;&quot;,&quot;orientation&quot;:&quot;0&quot;}\" data-image-title=\"image-41\" data-image-description=\"\" data-image-caption=\"\" data-medium-file=\"https:\/\/i0.wp.com\/blogdalucianaoliveira.com.br\/blog\/wp-content\/uploads\/2020\/07\/image-41.jpeg?fit=300%2C144\" data-large-file=\"https:\/\/i0.wp.com\/blogdalucianaoliveira.com.br\/blog\/wp-content\/uploads\/2020\/07\/image-41.jpeg?fit=500%2C240\" src=\"https:\/\/i0.wp.com\/blogdalucianaoliveira.com.br\/blog\/wp-content\/uploads\/2020\/07\/image-41.jpeg?resize=500%2C240\" alt=\"\" class=\"wp-image-29239\" srcset=\"https:\/\/i0.wp.com\/blogdalucianaoliveira.com.br\/blog\/wp-content\/uploads\/2020\/07\/image-41.jpeg?w=500 500w, https:\/\/i0.wp.com\/blogdalucianaoliveira.com.br\/blog\/wp-content\/uploads\/2020\/07\/image-41.jpeg?resize=300%2C144 300w\" sizes=\"auto, (max-width: 500px) 100vw, 500px\" \/><\/figure>\n\n\n\n<p><strong>247 &#8211;\u00a0<\/strong>A Inten\u00e7\u00e3o de Consumo das Fam\u00edlias (ICF) em julho \u00a0chegou ao seu menor n\u00edvel desde 2010, quando a pesquisa da Confedera\u00e7\u00e3o Nacional do Com\u00e9rcio de Bens, Servi\u00e7os e Turismo (CNC) come\u00e7ou a ser realizada. Segundo o levantamento, o indicador acumulou sua quarta queda consecutiva (-4%) no m\u00eas de julho, al\u00e9m de registrar a quarta retra\u00e7\u00e3o seguida no comparativo anual (-26,4%). O \u00edndice est\u00e1 abaixo do n\u00edvel de satisfa\u00e7\u00e3o (100 pontos) desde abril de 2015.<\/p>\n\n\n\n<!--more-->\n\n\n\n<p>De acordo com o presidente da CNC, Jos\u00e9 Roberto Tadros, parte da queda \u00e9 atribu\u00edda aos efeitos decorrentes da pandemia do novo coronav\u00edrus sobre a economia. \u201cEsse efeito restringiu o mercado financeiro\u201d, diz Tadros. &nbsp;Ele alerta para o fato de que em &#8220;um momento de conten\u00e7\u00e3o da renda, aumenta-se o risco de inadimpl\u00eancia das fam\u00edlias\u201d.&nbsp;<\/p>\n\n\n\n<p>O dirigente da CNC avalia que governo precisa adotar medidas mais efetivas para que empresas e consumidores tenham acesso \u00e0 linhas de cr\u00e9dito. Nesta linha, a pesquisa aponta que o acesso ao cr\u00e9dito registrou uma queda de 5,2% em julho, a terceira consecutiva, e o comparativo anual recuou \u00a02,5%, o que n\u00e3o acontecia desde abril de 2017. O indicador fechou o m\u00eas de julho com 82,7 pontos, menor patamar registrado desde novembro de 2018.\u00a0<br><\/p>\n\n\n\n<p>A pesquisa ICF ressalta, ainda, que 62,6% das fam\u00edlias afirmaram que que consumiram menos em julho deste ano do que em igual per\u00edodo de 2019. &nbsp;O percentual de queda, da ordem de 6,8%, atingindo 49,4 pontos, \u00e9 considerada o pior desde novembro de 2016. Na compara\u00e7\u00e3o com julho de 2019, a varia\u00e7\u00e3o foi de -30,2%.&nbsp;<\/p>\n\n\n\n<p>\u201cEste resultado, o quinto negativo seguido, est\u00e1 ancorado em um comportamento de consumo mais precavido das fam\u00edlias, em fun\u00e7\u00e3o das incertezas econ\u00f4micas e seus efeitos no longo prazo\u201d, observa &nbsp;a economista da CNC respons\u00e1vel pelo estudo, Catarina Carneiro da Silva.<\/p>\n","protected":false},"excerpt":{"rendered":"<p>247 &#8211;\u00a0A Inten\u00e7\u00e3o de Consumo das Fam\u00edlias (ICF) em julho \u00a0chegou ao seu menor n\u00edvel desde 2010, quando a pesquisa da Confedera\u00e7\u00e3o Nacional do Com\u00e9rcio de Bens, Servi\u00e7os e Turismo (CNC) come\u00e7ou a ser realizada. Segundo o levantamento, o indicador acumulou sua quarta queda consecutiva (-4%) no m\u00eas de julho, al\u00e9m de registrar a quarta&#8230;<a class=\"more-link\" href=\"http:\/\/blogdalucianaoliveira.com.br\/blog\/2020\/07\/21\/intencao-de-consumo-das-familias-atinge-o-menor-nivel-da-historia\/\">Continue a leitura <span class=\"meta-nav\">&raquo;<\/span><\/a><\/p>\n","protected":false},"author":1,"featured_media":0,"comment_status":"closed","ping_status":"open","sticky":false,"template":"","format":"standard","meta":{"_exactmetrics_skip_tracking":false,"_exactmetrics_sitenote_active":false,"_exactmetrics_sitenote_note":"","_exactmetrics_sitenote_category":0,"jetpack_post_was_ever_published":false,"_jetpack_newsletter_access":"","_jetpack_dont_email_post_to_subs":false,"_jetpack_newsletter_tier_id":0,"_jetpack_memberships_contains_paywalled_content":false,"_jetpack_memberships_contains_paid_content":false,"footnotes":"","jetpack_publicize_message":"","jetpack_publicize_feature_enabled":true,"jetpack_social_post_already_shared":true,"jetpack_social_options":{"image_generator_settings":{"template":"highway","enabled":false},"version":2}},"categories":[1],"tags":[],"class_list":["post-29238","post","type-post","status-publish","format-standard","hentry","category-notas"],"jetpack_publicize_connections":[],"jetpack_sharing_enabled":true,"jetpack_featured_media_url":"","jetpack_shortlink":"https:\/\/wp.me\/p7wKYW-7BA","jetpack-related-posts":[],"_links":{"self":[{"href":"http:\/\/blogdalucianaoliveira.com.br\/blog\/wp-json\/wp\/v2\/posts\/29238","targetHints":{"allow":["GET"]}}],"collection":[{"href":"http:\/\/blogdalucianaoliveira.com.br\/blog\/wp-json\/wp\/v2\/posts"}],"about":[{"href":"http:\/\/blogdalucianaoliveira.com.br\/blog\/wp-json\/wp\/v2\/types\/post"}],"author":[{"embeddable":true,"href":"http:\/\/blogdalucianaoliveira.com.br\/blog\/wp-json\/wp\/v2\/users\/1"}],"replies":[{"embeddable":true,"href":"http:\/\/blogdalucianaoliveira.com.br\/blog\/wp-json\/wp\/v2\/comments?post=29238"}],"version-history":[{"count":1,"href":"http:\/\/blogdalucianaoliveira.com.br\/blog\/wp-json\/wp\/v2\/posts\/29238\/revisions"}],"predecessor-version":[{"id":29240,"href":"http:\/\/blogdalucianaoliveira.com.br\/blog\/wp-json\/wp\/v2\/posts\/29238\/revisions\/29240"}],"wp:attachment":[{"href":"http:\/\/blogdalucianaoliveira.com.br\/blog\/wp-json\/wp\/v2\/media?parent=29238"}],"wp:term":[{"taxonomy":"category","embeddable":true,"href":"http:\/\/blogdalucianaoliveira.com.br\/blog\/wp-json\/wp\/v2\/categories?post=29238"},{"taxonomy":"post_tag","embeddable":true,"href":"http:\/\/blogdalucianaoliveira.com.br\/blog\/wp-json\/wp\/v2\/tags?post=29238"}],"curies":[{"name":"wp","href":"https:\/\/api.w.org\/{rel}","templated":true}]}}