{"id":29242,"date":"2020-07-22T11:22:12","date_gmt":"2020-07-22T15:22:12","guid":{"rendered":"http:\/\/blogdalucianaoliveira.com.br\/blog\/?p=29242"},"modified":"2020-07-22T11:22:22","modified_gmt":"2020-07-22T15:22:22","slug":"ministerio-da-saude-gastou-menos-de-1-3-da-verba-para-covid-diz-tcu","status":"publish","type":"post","link":"http:\/\/blogdalucianaoliveira.com.br\/blog\/2020\/07\/22\/ministerio-da-saude-gastou-menos-de-1-3-da-verba-para-covid-diz-tcu\/","title":{"rendered":"Minist\u00e9rio da Sa\u00fade gastou menos de 1\/3 da verba para Covid, diz TCU"},"content":{"rendered":"\n<figure class=\"wp-block-image size-large\"><img data-recalc-dims=\"1\" loading=\"lazy\" decoding=\"async\" width=\"600\" height=\"498\" data-attachment-id=\"29243\" data-permalink=\"http:\/\/blogdalucianaoliveira.com.br\/blog\/2020\/07\/22\/ministerio-da-saude-gastou-menos-de-1-3-da-verba-para-covid-diz-tcu\/5328795f-5979-4d52-a1e4-4528e43d8095\/\" data-orig-file=\"https:\/\/i0.wp.com\/blogdalucianaoliveira.com.br\/blog\/wp-content\/uploads\/2020\/07\/5328795F-5979-4D52-A1E4-4528E43D8095.jpeg?fit=828%2C687\" data-orig-size=\"828,687\" data-comments-opened=\"0\" data-image-meta=\"{&quot;aperture&quot;:&quot;0&quot;,&quot;credit&quot;:&quot;&quot;,&quot;camera&quot;:&quot;&quot;,&quot;caption&quot;:&quot;&quot;,&quot;created_timestamp&quot;:&quot;0&quot;,&quot;copyright&quot;:&quot;&quot;,&quot;focal_length&quot;:&quot;0&quot;,&quot;iso&quot;:&quot;0&quot;,&quot;shutter_speed&quot;:&quot;0&quot;,&quot;title&quot;:&quot;&quot;,&quot;orientation&quot;:&quot;1&quot;}\" data-image-title=\"5328795F-5979-4D52-A1E4-4528E43D8095\" data-image-description=\"\" data-image-caption=\"\" data-medium-file=\"https:\/\/i0.wp.com\/blogdalucianaoliveira.com.br\/blog\/wp-content\/uploads\/2020\/07\/5328795F-5979-4D52-A1E4-4528E43D8095.jpeg?fit=300%2C249\" data-large-file=\"https:\/\/i0.wp.com\/blogdalucianaoliveira.com.br\/blog\/wp-content\/uploads\/2020\/07\/5328795F-5979-4D52-A1E4-4528E43D8095.jpeg?fit=600%2C498\" src=\"https:\/\/i0.wp.com\/blogdalucianaoliveira.com.br\/blog\/wp-content\/uploads\/2020\/07\/5328795F-5979-4D52-A1E4-4528E43D8095.jpeg?resize=600%2C498\" alt=\"\" class=\"wp-image-29243\" srcset=\"https:\/\/i0.wp.com\/blogdalucianaoliveira.com.br\/blog\/wp-content\/uploads\/2020\/07\/5328795F-5979-4D52-A1E4-4528E43D8095.jpeg?w=828 828w, https:\/\/i0.wp.com\/blogdalucianaoliveira.com.br\/blog\/wp-content\/uploads\/2020\/07\/5328795F-5979-4D52-A1E4-4528E43D8095.jpeg?resize=300%2C249 300w, https:\/\/i0.wp.com\/blogdalucianaoliveira.com.br\/blog\/wp-content\/uploads\/2020\/07\/5328795F-5979-4D52-A1E4-4528E43D8095.jpeg?resize=768%2C637 768w, https:\/\/i0.wp.com\/blogdalucianaoliveira.com.br\/blog\/wp-content\/uploads\/2020\/07\/5328795F-5979-4D52-A1E4-4528E43D8095.jpeg?resize=362%2C300 362w\" sizes=\"auto, (max-width: 600px) 100vw, 600px\" \/><\/figure>\n\n\n\n<p>Minist\u00e9rio da Sa\u00fade gastou menos de 1\/3 da verba para Covid, diz TCU<\/p>\n\n\n\n<!--more-->\n\n\n\n<p><strong><a href=\"https:\/\/www1.folha.uol.com.br\/autores\/fabio-fabrini.shtml\">F\u00e1bio Fabrini<\/a><a href=\"https:\/\/www1.folha.uol.com.br\/autores\/julio-wiziack.shtml\">Julio Wiziack<\/a><\/strong><\/p>\n\n\n\n<p>FSP<\/p>\n\n\n\n<p>O Minist\u00e9rio da Sa\u00fade gastou apenas 29% da verba emergencial prevista para combater o novo coronav\u00edrus a partir de mar\u00e7o, aponta auditoria do TCU (Tribunal de Contas da Uni\u00e3o).<\/p>\n\n\n\n<p>Dos R$ 38,9 bilh\u00f5es prometidos por meio de uma a\u00e7\u00e3o or\u00e7ament\u00e1ria espec\u00edfica criada em mar\u00e7o, m\u00eas em que a OMS (Organiza\u00e7\u00e3o Mundial e Sa\u00fade) anunciou a exist\u00eancia de uma pandemia, R$ 11,4 bilh\u00f5es sa\u00edram dos cofres federais at\u00e9 25 de junho \u2014quando&nbsp;<a href=\"https:\/\/www1.folha.uol.com.br\/equilibrioesaude\/2020\/06\/brasil-ultrapassa-55-mil-mortes-por-covid-19-mostra-consorcio-de-veiculos-de-imprensa.shtml\">j\u00e1 havia 55 mil mortos<\/a>&nbsp;e 1,2 milh\u00e3o de casos de infec\u00e7\u00e3o notificados no pa\u00eds, segundo o cons\u00f3rcio de ve\u00edculos de imprensa do qual faz parte a&nbsp;<strong>Folha<\/strong>.<\/p>\n\n\n\n<p>Os valores foram anunciados por meio de medidas provis\u00f3rias que abriram cr\u00e9ditos extraordin\u00e1rios, com o objetivo de fortalecer o atendimento ambulatorial e hospitalar.<\/p>\n\n\n\n<p>Tanto as despesas feitas diretamente pelo minist\u00e9rio quanto aquelas realizadas por meio de transfer\u00eancia a estados e munic\u00edpios (fundo a fundo) ficaram muito aqu\u00e9m do prometido.<\/p>\n\n\n\n<p>No primeiro caso, os pagamentos efetivamente feitos estavam em 11,4% do previsto. Os governos estaduais receberam 39% do dinheiro anunciado e os municipais, 36%.<\/p>\n\n\n\n<p>A lentid\u00e3o na execu\u00e7\u00e3o de despesas se deu num cen\u00e1rio de descontinuidade administrativa e de conflitos com gestores locais.<\/p>\n\n\n\n<p>Desde mar\u00e7o, o presidente&nbsp;<a href=\"https:\/\/www1.folha.uol.com.br\/poder\/2020\/03\/veja-o-que-bolsonaro-ja-disse-sobre-coronavirus-de-certa-histeria-a-fantasia-e-nerouse.shtml\">Jair Bolsonaro<\/a>&nbsp;(sem partido) vem minimizando a gravidade da epidemia. Ele criticou medidas de&nbsp;<a href=\"https:\/\/www1.folha.uol.com.br\/equilibrioesaude\/2020\/06\/falas-de-bolsonaro-contra-isolamento-podem-ter-matado-mais-seus-eleitores-aponta-estudo.shtml\">isolamento social tomadas<\/a>&nbsp;por prefeitos e governadores para tentar contar a pandemia.<\/p>\n\n\n\n<p><a href=\"https:\/\/www1.folha.uol.com.br\/equilibrioesaude\/2020\/05\/apos-ultimato-sobre-cloroquina-teich-pede-demissao-do-ministerio-da-saude.shtml\">Dois ministros<\/a>&nbsp;(os m\u00e9dicos Luiz Henrique Mandetta e Nelson Teich) deixaram o comando da pasta por causa de discord\u00e2ncias com o Bolsonaro.<\/p>\n\n\n\n<p>Desde maio, o cargo \u00e9 ocupado interinamente pelo general Eduardo Pazuello, especialista em log\u00edstica e sem experi\u00eancia pregressa na \u00e1rea de sa\u00fade.<\/p>\n\n\n\n<p>Por causa do ritmo na aplica\u00e7\u00e3o dos recursos, o MPF (Minist\u00e9rio P\u00fablico Federal) abriu inqu\u00e9rito para apurar poss\u00edvel insufici\u00eancia e lentid\u00e3o da execu\u00e7\u00e3o or\u00e7ament\u00e1ria do minist\u00e9rio, al\u00e9m de omiss\u00e3o no socorro financeiro aos estados e munic\u00edpios.<\/p>\n\n\n\n<p>O \u00f3rg\u00e3o e o pr\u00f3prio TCU enviaram uma s\u00e9rie de questionamentos \u00e0 pasta, especialmente sobre a diminui\u00e7\u00e3o das transfer\u00eancias a estados e munic\u00edpios em abril, quando a epidemia acelerava; aos par\u00e2metros para defini\u00e7\u00e3o do montante a ser enviado aos governos locais; e ao planejamento e cronograma para o repasse dos recursos dispon\u00edveis.<\/p>\n\n\n\n<p>O relat\u00f3rio de auditoria, conclu\u00eddo pelo TCU na quarta-feira (15), diz que a Sa\u00fade n\u00e3o apresentou as resposta.<\/p>\n\n\n\n<p>O documento, obtido pela&nbsp;<strong>Folha<\/strong>, ser\u00e1 julgado nesta quarta (22) e prop\u00f5e aos ministros da corte que determinem a apresenta\u00e7\u00e3o, em 15 dias, de &#8220;toda a l\u00f3gica de financiamento dos fundos estaduais e municipais de sa\u00fade&#8221;. Isso inclui motiva\u00e7\u00e3o, crit\u00e9rios e eventuais mem\u00f3rias de c\u00e1lculo para defini\u00e7\u00e3o das dota\u00e7\u00f5es or\u00e7ament\u00e1rias, regras, processos e \u00e1reas respons\u00e1veis para a efetiva libera\u00e7\u00e3o dos recursos.<\/p>\n\n\n\n<p>O TCU avaliou se h\u00e1 alguma correla\u00e7\u00e3o entre o volume de dinheiro enviado pela pasta aos gestores locais e os indicadores locais da doen\u00e7a, mas n\u00e3o encontrou. \u00c9 o caso, por exemplo, do montante total per capita transferido aos estados em rela\u00e7\u00e3o \u00e0s taxas de mortalidade.<\/p>\n\n\n\n<p>&#8220;Chama a aten\u00e7\u00e3o o fato de Par\u00e1 e Rio de Janeiro terem, respectivamente, a segunda e a terceira maior taxa de mortalidade por Covid-19 (31,4 e 28,1 mortes por 10.000 habitantes), conforme dados informados pelo Minist\u00e9rio da Sa\u00fade em 28\/5\/2020, mas serem duas das tr\u00eas unidades da federa\u00e7\u00e3o que menos receberam recursos em termos per capita<em>&nbsp;<\/em>para a pandemia&#8221;, diz trecho do relat\u00f3rio.<\/p>\n\n\n\n<p>Tamb\u00e9m n\u00e3o se constatou correla\u00e7\u00e3o entre o montante repassado e a disponibilidade local de leitos pelo SUS (Sistema \u00danico de Sa\u00fade), a quantidade de interna\u00e7\u00f5es em raz\u00e3o de gripe ou pneumonia, o n\u00famero de hospitalizados por doen\u00e7as respirat\u00f3rias e circulat\u00f3rias, entre outros indicadores.<\/p>\n\n\n\n<p>O TCU pediu, mas a pasta n\u00e3o apresentou estudos para embasar a distribui\u00e7\u00e3o de recursos. Ao tribunal, informou apenas que a verba \u00e9 rateada segundo alguns crit\u00e9rios, como o populacional (R$ 2 a R$ 5 por habitante, conforme o munic\u00edpio).<\/p>\n","protected":false},"excerpt":{"rendered":"<p>Minist\u00e9rio da Sa\u00fade gastou menos de 1\/3 da verba para Covid, diz TCU<\/p>\n","protected":false},"author":1,"featured_media":0,"comment_status":"closed","ping_status":"open","sticky":false,"template":"","format":"standard","meta":{"_exactmetrics_skip_tracking":false,"_exactmetrics_sitenote_active":false,"_exactmetrics_sitenote_note":"","_exactmetrics_sitenote_category":0,"jetpack_post_was_ever_published":false,"_jetpack_newsletter_access":"","_jetpack_dont_email_post_to_subs":false,"_jetpack_newsletter_tier_id":0,"_jetpack_memberships_contains_paywalled_content":false,"_jetpack_memberships_contains_paid_content":false,"footnotes":"","jetpack_publicize_message":"","jetpack_publicize_feature_enabled":true,"jetpack_social_post_already_shared":true,"jetpack_social_options":{"image_generator_settings":{"template":"highway","enabled":false},"version":2}},"categories":[1],"tags":[],"class_list":["post-29242","post","type-post","status-publish","format-standard","hentry","category-notas"],"jetpack_publicize_connections":[],"jetpack_sharing_enabled":true,"jetpack_featured_media_url":"","jetpack_shortlink":"https:\/\/wp.me\/p7wKYW-7BE","jetpack-related-posts":[],"_links":{"self":[{"href":"http:\/\/blogdalucianaoliveira.com.br\/blog\/wp-json\/wp\/v2\/posts\/29242","targetHints":{"allow":["GET"]}}],"collection":[{"href":"http:\/\/blogdalucianaoliveira.com.br\/blog\/wp-json\/wp\/v2\/posts"}],"about":[{"href":"http:\/\/blogdalucianaoliveira.com.br\/blog\/wp-json\/wp\/v2\/types\/post"}],"author":[{"embeddable":true,"href":"http:\/\/blogdalucianaoliveira.com.br\/blog\/wp-json\/wp\/v2\/users\/1"}],"replies":[{"embeddable":true,"href":"http:\/\/blogdalucianaoliveira.com.br\/blog\/wp-json\/wp\/v2\/comments?post=29242"}],"version-history":[{"count":1,"href":"http:\/\/blogdalucianaoliveira.com.br\/blog\/wp-json\/wp\/v2\/posts\/29242\/revisions"}],"predecessor-version":[{"id":29244,"href":"http:\/\/blogdalucianaoliveira.com.br\/blog\/wp-json\/wp\/v2\/posts\/29242\/revisions\/29244"}],"wp:attachment":[{"href":"http:\/\/blogdalucianaoliveira.com.br\/blog\/wp-json\/wp\/v2\/media?parent=29242"}],"wp:term":[{"taxonomy":"category","embeddable":true,"href":"http:\/\/blogdalucianaoliveira.com.br\/blog\/wp-json\/wp\/v2\/categories?post=29242"},{"taxonomy":"post_tag","embeddable":true,"href":"http:\/\/blogdalucianaoliveira.com.br\/blog\/wp-json\/wp\/v2\/tags?post=29242"}],"curies":[{"name":"wp","href":"https:\/\/api.w.org\/{rel}","templated":true}]}}