{"id":29256,"date":"2020-07-23T09:44:08","date_gmt":"2020-07-23T13:44:08","guid":{"rendered":"http:\/\/blogdalucianaoliveira.com.br\/blog\/?p=29256"},"modified":"2020-07-23T09:44:18","modified_gmt":"2020-07-23T13:44:18","slug":"pf-deflagra-em-rondonia-operacao-contra-servidores-empresarios-e-advogados-envolvidos-em-fraudes","status":"publish","type":"post","link":"http:\/\/blogdalucianaoliveira.com.br\/blog\/2020\/07\/23\/pf-deflagra-em-rondonia-operacao-contra-servidores-empresarios-e-advogados-envolvidos-em-fraudes\/","title":{"rendered":"PF deflagra em Rond\u00f4nia opera\u00e7\u00e3o contra servidores, empres\u00e1rios e advogados envolvidos em fraudes"},"content":{"rendered":"\n<figure class=\"wp-block-image size-large\"><img data-recalc-dims=\"1\" loading=\"lazy\" decoding=\"async\" width=\"600\" height=\"355\" data-attachment-id=\"29257\" data-permalink=\"http:\/\/blogdalucianaoliveira.com.br\/blog\/2020\/07\/23\/pf-deflagra-em-rondonia-operacao-contra-servidores-empresarios-e-advogados-envolvidos-em-fraudes\/image-43-8\/\" data-orig-file=\"https:\/\/i0.wp.com\/blogdalucianaoliveira.com.br\/blog\/wp-content\/uploads\/2020\/07\/image-43.jpeg?fit=845%2C500\" data-orig-size=\"845,500\" data-comments-opened=\"0\" data-image-meta=\"{&quot;aperture&quot;:&quot;0&quot;,&quot;credit&quot;:&quot;&quot;,&quot;camera&quot;:&quot;&quot;,&quot;caption&quot;:&quot;&quot;,&quot;created_timestamp&quot;:&quot;0&quot;,&quot;copyright&quot;:&quot;&quot;,&quot;focal_length&quot;:&quot;0&quot;,&quot;iso&quot;:&quot;0&quot;,&quot;shutter_speed&quot;:&quot;0&quot;,&quot;title&quot;:&quot;&quot;,&quot;orientation&quot;:&quot;1&quot;}\" data-image-title=\"image-43\" data-image-description=\"\" data-image-caption=\"\" data-medium-file=\"https:\/\/i0.wp.com\/blogdalucianaoliveira.com.br\/blog\/wp-content\/uploads\/2020\/07\/image-43.jpeg?fit=300%2C178\" data-large-file=\"https:\/\/i0.wp.com\/blogdalucianaoliveira.com.br\/blog\/wp-content\/uploads\/2020\/07\/image-43.jpeg?fit=600%2C355\" src=\"https:\/\/i0.wp.com\/blogdalucianaoliveira.com.br\/blog\/wp-content\/uploads\/2020\/07\/image-43.jpeg?resize=600%2C355\" alt=\"\" class=\"wp-image-29257\" srcset=\"https:\/\/i0.wp.com\/blogdalucianaoliveira.com.br\/blog\/wp-content\/uploads\/2020\/07\/image-43.jpeg?w=845 845w, https:\/\/i0.wp.com\/blogdalucianaoliveira.com.br\/blog\/wp-content\/uploads\/2020\/07\/image-43.jpeg?resize=300%2C178 300w, https:\/\/i0.wp.com\/blogdalucianaoliveira.com.br\/blog\/wp-content\/uploads\/2020\/07\/image-43.jpeg?resize=768%2C454 768w, https:\/\/i0.wp.com\/blogdalucianaoliveira.com.br\/blog\/wp-content\/uploads\/2020\/07\/image-43.jpeg?resize=507%2C300 507w\" sizes=\"auto, (max-width: 600px) 100vw, 600px\" \/><\/figure>\n\n\n\n<p>Assessoria &#8211; Na manh\u00e3 desta quinta-feira, 23\/07\/2020, a Pol\u00edcia Federal deflagrou a Opera\u00e7\u00e3o AMICUS REGEM, visando dar cumprimento a 18 (dezoito) mandados de busca e apreens\u00e3o, expedidos pela 3\u00aa Vara da Justi\u00e7a Federal em Porto Velho\/RO. Os mandados judiciais est\u00e3o sendo cumpridos nos munic\u00edpios de Porto Velho\/RO, Bras\u00edlia\/DF, Cuiab\u00e1\/MT, Itaituba\/PA e S\u00e3o Paulo\/SP.<\/p>\n\n\n\n<!--more-->\n\n\n\n<p>Trata-se de investiga\u00e7\u00e3o iniciada no final de 2016 e teve como objetivo desarticular organiza\u00e7\u00e3o criminosa composta por servidores p\u00fablicos e particulares, especializada em fraudar processos judiciais de desapropria\u00e7\u00e3o de terras, causando preju\u00edzo aos cofres do INCRA, em raz\u00e3o do pagamento de indeniza\u00e7\u00f5es da reforma agr\u00e1ria.<\/p>\n\n\n\n<p>Durante a investiga\u00e7\u00e3o, a Pol\u00edcia Federal, em conjunto com o Minist\u00e9rio P\u00fablico Federal em Rond\u00f4nia, identificou um grupo de empres\u00e1rios e advogados, que por meio de empresas e o pagamento de vantagens indevidas \u00e0 servidores p\u00fablicos do judici\u00e1rio, fraudavam diversos processos judiciais relativos \u00e0s desapropria\u00e7\u00f5es de im\u00f3veis rurais no estado.<\/p>\n\n\n\n<p>Foram identificadas fraudes na documenta\u00e7\u00e3o dos terrenos, tanto relativas \u00e0 localiza\u00e7\u00e3o dos im\u00f3veis, quanto na cadeia dominial dos posseiros e propriet\u00e1rios, o que causaria v\u00edcio na origem das a\u00e7\u00f5es judiciais propostas pelos advogados da ORCRIM.<\/p>\n\n\n\n<p>Apurou-se que as avalia\u00e7\u00f5es dos im\u00f3veis, alvo dos questionamentos em Ju\u00edzo, realizadas pelo perito judicial, eram at\u00e9 600% maiores do que o seu valor de mercado, conforme apontado em laudos periciais da PF. Assim, as superavalia\u00e7\u00f5es eram usadas nas senten\u00e7as como base para o pagamento das indeniza\u00e7\u00f5es fraudulentas.<\/p>\n\n\n\n<p>Dentre os processos investigados, restou comprovado que foram pagos cerca R$330.000.000,00 (trezentos e trinta milh\u00f5es de reais) em indeniza\u00e7\u00f5es de reforma agr\u00e1ria, realizadas por meio de precat\u00f3rios, alvar\u00e1s judiciais e t\u00edtulos da d\u00edvida agr\u00e1ria, valor esse objeto de bloqueio determinado pela Justi\u00e7a Federal.<\/p>\n\n\n\n<p>H\u00e1 fortes ind\u00edcios do cometimento dos crimes de constitui\u00e7\u00e3o e participa\u00e7\u00e3o em organiza\u00e7\u00e3o criminosa (<strong>artigo 2\u00ba da Lei 12.850\/2013<\/strong>), voltada para a pr\u00e1tica de crimes contra a Administra\u00e7\u00e3o P\u00fablica, dentre os quais o peculato, as corrup\u00e7\u00f5es passiva e ativa (<strong>artigos 312, 317 e 333 do C\u00f3digo Penal<\/strong>), al\u00e9m de falsidade documental (<strong>artigos 296 e seguintes do C\u00f3digo Penal<\/strong>), invas\u00e3o de terras p\u00fablicas (<strong>artigo 20 da Lei 4.947\/1966<\/strong>), e lavagem de capitais (<strong>artigo 1\u00ba da 9.613\/1998<\/strong>). Os indiciados ser\u00e3o ouvidos na sede da Pol\u00edcia Federal e responder\u00e3o, na medida de sua participa\u00e7\u00e3o, pelos crimes citados acima.<\/p>\n\n\n\n<p>O nome da opera\u00e7\u00e3o, \u201cAMICUS REGEM\u201d, que significa \u201crei amigo\u201d em latim, refere-se ao envolvimento de magistrado no esquema de corrup\u00e7\u00e3o e desvio de recursos p\u00fablicos de indeniza\u00e7\u00f5es da reforma agr\u00e1ria.<\/p>\n","protected":false},"excerpt":{"rendered":"<p>Assessoria &#8211; Na manh\u00e3 desta quinta-feira, 23\/07\/2020, a Pol\u00edcia Federal deflagrou a Opera\u00e7\u00e3o AMICUS REGEM, visando dar cumprimento a 18 (dezoito) mandados de busca e apreens\u00e3o, expedidos pela 3\u00aa Vara da Justi\u00e7a Federal em Porto Velho\/RO. Os mandados judiciais est\u00e3o sendo cumpridos nos munic\u00edpios de Porto Velho\/RO, Bras\u00edlia\/DF, Cuiab\u00e1\/MT, Itaituba\/PA e S\u00e3o Paulo\/SP.<\/p>\n","protected":false},"author":1,"featured_media":0,"comment_status":"closed","ping_status":"open","sticky":false,"template":"","format":"standard","meta":{"_exactmetrics_skip_tracking":false,"_exactmetrics_sitenote_active":false,"_exactmetrics_sitenote_note":"","_exactmetrics_sitenote_category":0,"jetpack_post_was_ever_published":false,"_jetpack_newsletter_access":"","_jetpack_dont_email_post_to_subs":false,"_jetpack_newsletter_tier_id":0,"_jetpack_memberships_contains_paywalled_content":false,"_jetpack_memberships_contains_paid_content":false,"footnotes":"","jetpack_publicize_message":"","jetpack_publicize_feature_enabled":true,"jetpack_social_post_already_shared":true,"jetpack_social_options":{"image_generator_settings":{"template":"highway","enabled":false},"version":2}},"categories":[1],"tags":[],"class_list":["post-29256","post","type-post","status-publish","format-standard","hentry","category-notas"],"jetpack_publicize_connections":[],"jetpack_sharing_enabled":true,"jetpack_featured_media_url":"","jetpack_shortlink":"https:\/\/wp.me\/p7wKYW-7BS","jetpack-related-posts":[],"_links":{"self":[{"href":"http:\/\/blogdalucianaoliveira.com.br\/blog\/wp-json\/wp\/v2\/posts\/29256","targetHints":{"allow":["GET"]}}],"collection":[{"href":"http:\/\/blogdalucianaoliveira.com.br\/blog\/wp-json\/wp\/v2\/posts"}],"about":[{"href":"http:\/\/blogdalucianaoliveira.com.br\/blog\/wp-json\/wp\/v2\/types\/post"}],"author":[{"embeddable":true,"href":"http:\/\/blogdalucianaoliveira.com.br\/blog\/wp-json\/wp\/v2\/users\/1"}],"replies":[{"embeddable":true,"href":"http:\/\/blogdalucianaoliveira.com.br\/blog\/wp-json\/wp\/v2\/comments?post=29256"}],"version-history":[{"count":1,"href":"http:\/\/blogdalucianaoliveira.com.br\/blog\/wp-json\/wp\/v2\/posts\/29256\/revisions"}],"predecessor-version":[{"id":29258,"href":"http:\/\/blogdalucianaoliveira.com.br\/blog\/wp-json\/wp\/v2\/posts\/29256\/revisions\/29258"}],"wp:attachment":[{"href":"http:\/\/blogdalucianaoliveira.com.br\/blog\/wp-json\/wp\/v2\/media?parent=29256"}],"wp:term":[{"taxonomy":"category","embeddable":true,"href":"http:\/\/blogdalucianaoliveira.com.br\/blog\/wp-json\/wp\/v2\/categories?post=29256"},{"taxonomy":"post_tag","embeddable":true,"href":"http:\/\/blogdalucianaoliveira.com.br\/blog\/wp-json\/wp\/v2\/tags?post=29256"}],"curies":[{"name":"wp","href":"https:\/\/api.w.org\/{rel}","templated":true}]}}