{"id":29259,"date":"2020-07-23T11:52:27","date_gmt":"2020-07-23T15:52:27","guid":{"rendered":"http:\/\/blogdalucianaoliveira.com.br\/blog\/?p=29259"},"modified":"2020-07-23T11:52:30","modified_gmt":"2020-07-23T15:52:30","slug":"desbancados-e-desmascarados","status":"publish","type":"post","link":"http:\/\/blogdalucianaoliveira.com.br\/blog\/2020\/07\/23\/desbancados-e-desmascarados\/","title":{"rendered":"DESBANCADOS E DESMASCARADOS"},"content":{"rendered":"\n<figure class=\"wp-block-image size-large\"><img loading=\"lazy\" decoding=\"async\" width=\"1200\" height=\"740\" data-attachment-id=\"29260\" data-permalink=\"http:\/\/blogdalucianaoliveira.com.br\/blog\/2020\/07\/23\/desbancados-e-desmascarados\/image-44-8\/\" data-orig-file=\"https:\/\/i0.wp.com\/blogdalucianaoliveira.com.br\/blog\/wp-content\/uploads\/2020\/07\/image-44.jpeg?fit=1200%2C740\" data-orig-size=\"1200,740\" data-comments-opened=\"0\" data-image-meta=\"{&quot;aperture&quot;:&quot;0&quot;,&quot;credit&quot;:&quot;&quot;,&quot;camera&quot;:&quot;&quot;,&quot;caption&quot;:&quot;&quot;,&quot;created_timestamp&quot;:&quot;0&quot;,&quot;copyright&quot;:&quot;&quot;,&quot;focal_length&quot;:&quot;0&quot;,&quot;iso&quot;:&quot;0&quot;,&quot;shutter_speed&quot;:&quot;0&quot;,&quot;title&quot;:&quot;&quot;,&quot;orientation&quot;:&quot;0&quot;}\" data-image-title=\"image-44\" data-image-description=\"\" data-image-caption=\"\" data-medium-file=\"https:\/\/i0.wp.com\/blogdalucianaoliveira.com.br\/blog\/wp-content\/uploads\/2020\/07\/image-44.jpeg?fit=300%2C185\" data-large-file=\"https:\/\/i0.wp.com\/blogdalucianaoliveira.com.br\/blog\/wp-content\/uploads\/2020\/07\/image-44.jpeg?fit=600%2C370\" src=\"https:\/\/i0.wp.com\/blogdalucianaoliveira.com.br\/blog\/wp-content\/uploads\/2020\/07\/image-44.jpeg?fit=600%2C370\" alt=\"\" class=\"wp-image-29260\" srcset=\"https:\/\/i0.wp.com\/blogdalucianaoliveira.com.br\/blog\/wp-content\/uploads\/2020\/07\/image-44.jpeg?w=1200 1200w, https:\/\/i0.wp.com\/blogdalucianaoliveira.com.br\/blog\/wp-content\/uploads\/2020\/07\/image-44.jpeg?resize=300%2C185 300w, https:\/\/i0.wp.com\/blogdalucianaoliveira.com.br\/blog\/wp-content\/uploads\/2020\/07\/image-44.jpeg?resize=1024%2C631 1024w, https:\/\/i0.wp.com\/blogdalucianaoliveira.com.br\/blog\/wp-content\/uploads\/2020\/07\/image-44.jpeg?resize=768%2C474 768w, https:\/\/i0.wp.com\/blogdalucianaoliveira.com.br\/blog\/wp-content\/uploads\/2020\/07\/image-44.jpeg?resize=486%2C300 486w\" sizes=\"auto, (max-width: 600px) 100vw, 600px\" \/><\/figure>\n\n\n\n<h4 class=\"wp-block-heading\">Contra a ci\u00eancia e as recomenda\u00e7\u00f5es sanit\u00e1rias, conte\u00fados falsos sobre uso de m\u00e1scaras se espalham nas redes sociais&nbsp;<\/h4>\n\n\n\n<!--more-->\n\n\n\n<p><strong>PL\u00cdNIO LOPES<\/strong>, Revista Piau\u00ed<\/p>\n\n\n\n<p>Com o cen\u00e1rio composto apenas por uma parede branca e um calend\u00e1rio, o influenciador digital Rodrigo Polesso vestiu uma camiseta bege com gola V, colocou um fone de ouvido e se sentou em frente a um microfone profissional para gravar um v\u00eddeo criticando o uso de m\u00e1scaras contra o novo coronav\u00edrus. Na filmagem, afirmou que a prote\u00e7\u00e3o n\u00e3o tem efic\u00e1cia porque as part\u00edculas de saliva expelidas por pessoas infectadas seriam menores do que os poros da m\u00e1scara. Publicado no Instagram em 23 de junho, o v\u00eddeo acumulava mais de 31 mil visualiza\u00e7\u00f5es apenas naquela rede social at\u00e9 sexta-feira, 17 de julho.<\/p>\n\n\n\n<p>O&nbsp;<strong>Comprova&nbsp;<\/strong>\u2013 coaliz\u00e3o que re\u00fane 28 ve\u00edculos de comunica\u00e7\u00e3o (inclusive a&nbsp;<strong>piau\u00ed<\/strong>) para verifica\u00e7\u00e3o de boatos \u2013 mostrou que&nbsp;<a href=\"https:\/\/projetocomprova.com.br\/publica%C3%A7%C3%B5es\/mascaras-sao-eficientes-no-combate-ao-novo-coronavirus-ao-contrario-do-que-diz-influenciador\/\">os argumentos de Polesso s\u00e3o falsos.<\/a>&nbsp;O uso correto de m\u00e1scaras, segundo a Organiza\u00e7\u00e3o Mundial da Sa\u00fade e o Minist\u00e9rio da Sa\u00fade, \u00e9 uma das formas de evitar a propaga\u00e7\u00e3o do novo coronav\u00edrus. E Polesso \u00e9 s\u00f3 um dos porta-vozes de uma onda de propagadores de conte\u00fados falsos nas redes sociais para tentar desacreditar a m\u00e1scara como preven\u00e7\u00e3o eficaz contra o v\u00edrus. De 14 de abril a 17 de julho, o&nbsp;<strong>Comprova<\/strong>&nbsp;analisou oito conte\u00fados falsos ou enganosos sobre m\u00e1scaras que, somados, alcan\u00e7aram pelo menos 3 milh\u00f5es de visualiza\u00e7\u00f5es.<\/p>\n\n\n\n<p>A onda antim\u00e1scaras \u00e9 alimentada por pessoas com forma\u00e7\u00f5es diversas, que v\u00e3o desde influenciadores digitais e youtubers at\u00e9 m\u00e9dicos e lideran\u00e7as religiosas. Os respons\u00e1veis pelos conte\u00fados n\u00e3o parecem ter uma articula\u00e7\u00e3o entre si. As publica\u00e7\u00f5es s\u00e3o diversas e circularam em diferentes momentos da pandemia. Em comum, atraem para os autores engajamento e seguidores em suas contas nas redes sociais. Uma das estrat\u00e9gias utilizadas por sites que produzem desinforma\u00e7\u00e3o \u00e9 justamente aumentar o n\u00famero de visualiza\u00e7\u00f5es e, com isso, aumentar o n\u00famero de anunciantes nas p\u00e1ginas.<\/p>\n\n\n\n<p>Embora nenhum pol\u00edtico seja citado, o movimento antim\u00e1scara acaba sendo estimulado quando lideran\u00e7as aparecem sem o uso do equipamento de prote\u00e7\u00e3o. \u00c9 o caso do presidente Jair Bolsonaro (sem partido), que circulou diversas vezes por Bras\u00edlia sem m\u00e1scara durante a pandemia. Ele chegou a ser obrigado a utilizar a m\u00e1scara pela Justi\u00e7a, mas a decis\u00e3o foi derrubada dias depois. No come\u00e7o de julho, o presidente almo\u00e7ou com o embaixador dos Estados Unidos, Todd Chapman, e quatro ministros brasileiros \u2013 todos sem m\u00e1scara. Dias depois, Bolsonaro foi diagnosticado com Covid-19.<\/p>\n\n\n\n<p>A primeira onda de conte\u00fados falsos sobre m\u00e1scaras acusou a China e outros pa\u00edses de contaminarem m\u00e1scaras com o novo coronav\u00edrus. Ainda em abril, no come\u00e7o da pandemia,&nbsp;<a href=\"https:\/\/projetocomprova.com.br\/publica%C3%A7%C3%B5es\/video-que-alerta-sobre-a-importacao-de-mascaras-contaminadas-e-montagem\/\">uma publica\u00e7\u00e3o fez uma montagem utilizando um v\u00eddeo<\/a>&nbsp;do diretor-geral da Organiza\u00e7\u00e3o Mundial da Sa\u00fade (OMS), Tedros Adhanom Ghebreyesus, para afirmar que m\u00e1scaras importadas da \u00cdndia e da China estariam infectadas. Os autores do v\u00eddeo, que n\u00e3o foram localizados pelo&nbsp;<strong>Comprova<\/strong>, utilizaram imagens de uma entrevista coletiva da organiza\u00e7\u00e3o, mas gravaram uma narra\u00e7\u00e3o nova e substitu\u00edram pelo \u00e1udio original. Em nota, a pr\u00f3pria OMS afirmou que n\u00e3o emitiu nenhum alerta sobre a importa\u00e7\u00e3o de m\u00e1scaras.&nbsp;<\/p>\n\n\n\n<p>Ainda no mesmo tom acusat\u00f3rio de contamina\u00e7\u00e3o das m\u00e1scaras, um l\u00edder religioso, que se identifica como Pastor Robson,&nbsp;<a href=\"https:\/\/projetocomprova.com.br\/publica%C3%A7%C3%B5es\/nao-e-verdade-que-mascaras-contaminadas-serao-distribuidas-para-a-populacao-de-sao-paulo\/\">gravou um v\u00eddeo afirmando que m\u00e1scaras<\/a>&nbsp;de prote\u00e7\u00e3o contaminadas estariam sendo distribu\u00eddas pelo sistema de sa\u00fade em cidades da Baixada Santista, em S\u00e3o Paulo. No dia seguinte, ele apagou a grava\u00e7\u00e3o e afirmou que a suposta contamina\u00e7\u00e3o n\u00e3o era verdadeira. De acordo com a assessoria de imprensa do pastor, ele \u201cse confundiu\u201d ao se basear em informa\u00e7\u00f5es que recebeu de um grupo no Facebook.<\/p>\n\n\n\n<p>A segunda onda de informa\u00e7\u00f5es falsas e enganosas sobre m\u00e1scaras ocorreu entre maio e julho, apontando problemas de sa\u00fade associados \u00e0s m\u00e1scaras. Um v\u00eddeo&nbsp;<a href=\"https:\/\/projetocomprova.com.br\/publica%C3%A7%C3%B5es\/mascaras-nao-reduzem-imunidade-e-ajudam-no-combate-ao-novo-coronavirus\/\">gravado por um youtube<\/a>r e outros dois v\u00eddeos gravados por dois m\u00e9dicos (<a href=\"https:\/\/projetocomprova.com.br\/publica%C3%A7%C3%B5es\/medico-distorce-informacoes-sobre-a-covid-19-em-video\/\">aqui<\/a>&nbsp;e&nbsp;<a href=\"https:\/\/projetocomprova.com.br\/publica%C3%A7%C3%B5es\/uso-correto-de-mascaras-reduz-chances-de-contaminacao-pelo-coronavirus-e-nao-torna-o-sangue-acido\/\">aqui<\/a>) afirmavam que a utiliza\u00e7\u00e3o de m\u00e1scaras prejudicaria a respira\u00e7\u00e3o, fazendo com que as pessoas respirassem mais di\u00f3xido de carbono (CO2) e que isso tornaria o sangue mais \u00e1cidos \u2013 e, portanto, diminuiria a imunidade dos utilizadores. Um&nbsp;<a href=\"https:\/\/projetocomprova.com.br\/publica%C3%A7%C3%B5es\/texto-que-lista-17-conselhos-para-a-pandemia-mistura-dados-corretos-e-informacoes-falsas-sobre-o-virus\/\">texto que listava \u201c17 conselhos sobre a pandemia\u201d<\/a>&nbsp;tamb\u00e9m chegava \u00e0 mesma conclus\u00e3o. Os quatro conte\u00fados tiveram, juntos, mais de 2 milh\u00f5es de intera\u00e7\u00f5es.&nbsp;<\/p>\n\n\n\n<p>Em um dos conte\u00fados, o m\u00e9dico Jo\u00e3o Carlos Luiz Vaz \u2013 que j\u00e1 foi candidato a deputado federal pelo PSDB em 2014 e 2018 \u2013&nbsp;<a href=\"https:\/\/projetocomprova.com.br\/publica%C3%A7%C3%B5es\/uso-correto-de-mascaras-reduz-chances-de-contaminacao-pelo-coronavirus-e-nao-torna-o-sangue-acido\/\">afirmava que o uso prolongado da m\u00e1scara n\u00e3o teria efic\u00e1cia<\/a>&nbsp;no combate ao novo coronav\u00edrus e tornaria o sangue mais \u00e1cido e \u201cum meio prop\u00edcio e ideal para o v\u00edrus\u201d. Especialistas ouvidos pelo&nbsp;<strong>Comprova<\/strong>&nbsp;afirmaram que Vaz est\u00e1 \u201ccompletamente errado\u201d. \u201cOs poros das m\u00e1scaras, mesmo n\u00e3o sendo vis\u00edveis, permitem as trocas gasosas. O indiv\u00edduo que est\u00e1 protegido com m\u00e1scara n\u00e3o vai inalar seu pr\u00f3prio g\u00e1s carb\u00f4nico\u201d, disse Leonardo Weissmann, infectologista do Instituto de Infectologia Em\u00edlio Ribas e consultor da Sociedade Brasileira de Infectologia. Procurado pelo&nbsp;<strong>Comprova<\/strong>, o m\u00e9dico afirmou que o que ele diz no v\u00eddeo \u00e9 opini\u00e3o dele. \u201cTenho 49 anos de profiss\u00e3o, doutorado na Alemanha, n\u00e3o estou para discutir com ningu\u00e9m. Cada um que aprenda\u201d, disse Vaz.<\/p>\n\n\n\n<p>Por fim, a terceira onda de desinforma\u00e7\u00e3o identificada pelo&nbsp;<strong>Comprova&nbsp;<\/strong>duvida da pr\u00f3pria efici\u00eancia das m\u00e1scaras. Ela come\u00e7ou com o v\u00eddeo publicado por Polesso e, desde ent\u00e3o, o projeto vem monitorando novas pe\u00e7as de desinforma\u00e7\u00e3o.&nbsp;<\/p>\n\n\n\n<p><strong>O<\/strong>s argumentos da turma dos antim\u00e1scara n\u00e3o se sustentam cientificamente. A afirma\u00e7\u00e3o de Polesso sobre tamanho dos poros, por exemplo, n\u00e3o faz sentido porque o processo de filtragem das m\u00e1scaras n\u00e3o depende unicamente disso \u2013 existem v\u00e1rios processos f\u00edsicos envolvidos. \u201c\u00c9 um fen\u00f4meno multifatorial, que tem a ver com o tamanho das part\u00edculas, velocidade das part\u00edculas, tipos de tecidos usados, a caracter\u00edsticas desses tecidos e tamb\u00e9m as cargas [el\u00e9tricas] das part\u00edculas e dos materiais das m\u00e1scaras\u201d, explicou o pesquisador Carlos Z\u00e1rate-Blad\u00e9s, do Laborat\u00f3rio de Imunorregula\u00e7\u00e3o da Universidade Federal de Santa Catarina.<\/p>\n\n\n\n<p>Part\u00edculas maiores, de pelo menos um micr\u00f4metro, viajam em linha reta e, mesmo que passem pelos poros, ir\u00e3o se chocar com as fibras das m\u00e1scaras, que possuem v\u00e1rias camadas. Part\u00edculas menores que um micr\u00f4metro<a href=\"https:\/\/pubs.acs.org\/doi\/10.1021\/acsnano.0c03252\">&nbsp;est\u00e3o sujeitas<\/a>&nbsp;ao movimento browniano \u2013 princ\u00edpio f\u00edsico que faz com que a trajet\u00f3ria das part\u00edculas seja aleat\u00f3ria e n\u00e3o em linha reta \u2013 respons\u00e1vel por fazer com que elas se choquem com as fibras das m\u00e1scaras. Por fim, part\u00edculas ainda menores s\u00e3o atra\u00eddas por campos eletrost\u00e1ticos presentes nos materiais das m\u00e1scaras. Por isso, \u00e9 importante que elas tenham, pelo menos, tr\u00eas camadas e sejam feitas com diferentes materiais \u2013 a&nbsp;<a href=\"http:\/\/portal.anvisa.gov.br\/noticias\/-\/asset_publisher\/FXrpx9qY7FbU\/content\/covid-19-tudo-sobre-mascaras-faciais-de-protecao\/219201\">recomenda\u00e7\u00e3o \u00e9 da Anvisa<\/a>&nbsp;(Ag\u00eancia Nacional de Vigil\u00e2ncia Sanit\u00e1ria).<\/p>\n\n\n\n<p>No v\u00eddeo, Polesso citou diversos artigos cient\u00edficos que, segundo ele, comprovariam a inefic\u00e1cia das m\u00e1scaras. O&nbsp;<strong>Comprova<\/strong>&nbsp;leu todos os trabalhos e&nbsp;<a href=\"https:\/\/projetocomprova.com.br\/publica%C3%A7%C3%B5es\/mascaras-sao-eficientes-no-combate-ao-novo-coronavirus-ao-contrario-do-que-diz-influenciador\/\">verificou que eles n\u00e3o afirmam isso<\/a>. Na verdade, o influenciador tirou de contexto alguns e deixou de lado outros aspectos dos artigos. Ao comentar um trabalho randomizado feito no Jap\u00e3o e publicado em 2009, sobre a capacidade das m\u00e1scaras de reduzir a incid\u00eancia de resfriados entre profissionais de sa\u00fade, Polesso afirmou que \u201co uso de m\u00e1scara n\u00e3o demonstrou nenhum potencial benef\u00edcio nos sintomas do resfriado ou no potencial de ser infectado por um resfriado\u201d. Por\u00e9m, deixou de exibir a frase seguinte do artigo que ressaltava ser \u201cnecess\u00e1rio um estudo maior para estabelecer definitivamente se n\u00e3o h\u00e1 menos risco em n\u00e3o usar m\u00e1scara\u201d. Estudos citados por Polesso eram antigos e nenhum era espec\u00edfico sobre o novo coronav\u00edrus. Estudos&nbsp;<a href=\"https:\/\/pubs.acs.org\/doi\/10.1021\/acsnano.0c03252\">mais recentes j\u00e1 mostraram<\/a>&nbsp;o poder de filtragem das m\u00e1scaras.<\/p>\n\n\n\n<p>O&nbsp;<strong>Comprova<\/strong>&nbsp;consultou especialistas e diversos artigos que referendaram a recomenda\u00e7\u00e3o das autoridades sanit\u00e1rias sobre a efic\u00e1cia das m\u00e1scaras. Elas n\u00e3o atrapalham a respira\u00e7\u00e3o e tampouco diminuem a imunidade das pessoas. O infectologista Jean Gorinchteyn, do Instituto de Infectologia Em\u00edlio Ribas, de S\u00e3o Paulo, explicou que as m\u00e1scaras filtram got\u00edculas e part\u00edculas, mas permitem a troca de ar. \u201cOs poros n\u00e3o evitam a passagem do ar, s\u00e3o filtros, filtram part\u00edculas. Os gases t\u00eam tamanho muito menor e conseguem passar\u201d, ressaltou o m\u00e9dico. Em entrevista ao&nbsp;<strong>Comprova<\/strong>, o m\u00e9dico e diretor da Sociedade Brasileira de Infectologia (SBI) Ant\u00f4nio Carlos Bandeira explicou que as m\u00e1scaras funcionam como um anteparo para o v\u00edrus. Ele destacou que o uso das m\u00e1scaras se torna essencial na medida em que pessoas assintom\u00e1ticas, ou com sintomas leves da doen\u00e7a, tamb\u00e9m transmitem o v\u00edrus. Segundo ele, \u201co uso de m\u00e1scara previne a possibilidade de o indiv\u00edduo contaminado, mesmo que ele n\u00e3o saiba [que est\u00e1 infectado], de aerossolizar part\u00edculas, porque essas part\u00edculas v\u00e3o ficar presas na por\u00e7\u00e3o interna das m\u00e1scaras\u201d.&nbsp;<\/p>\n\n\n\n<p>Na segunda-feira, 20 de julho, Polesso apagou o v\u00eddeo das redes sociais. Procurado pelo&nbsp;<strong>Comprova<\/strong>, Polesso afirmou que seu v\u00eddeo se baseia em evid\u00eancias e n\u00e3o em sua opini\u00e3o sobre o assunto. Segundo ele, o fato de a \u201cOMS [<em>Organiza\u00e7\u00e3o Mundial da Sa\u00fade<\/em>] dizer algo n\u00e3o significa que este algo \u00e9 verdadeiro ou baseado em evid\u00eancias\u201d.&nbsp;<\/p>\n\n\n\n<p>A OMS r<a href=\"https:\/\/www.who.int\/emergencies\/diseases\/novel-coronavirus-2019\/question-and-answers-hub\/q-a-detail\/q-a-on-covid-19-and-masks\">ecomenda o uso de m\u00e1scaras como parte da estrat\u00e9gia<\/a>&nbsp;para parar a transmiss\u00e3o do v\u00edrus. A entidade afirma que o uso de m\u00e1scara por si s\u00f3 n\u00e3o \u00e9 suficiente para fornecer um n\u00edvel adequado de prote\u00e7\u00e3o contra a Covid-19. Por isso, recomenda tamb\u00e9m que se mantenha uma dist\u00e2ncia m\u00ednima de um metro de outras pessoas, se lave constantemente as m\u00e3os e que se evite tocar o rosto ou a pr\u00f3pria m\u00e1scara.&nbsp;<\/p>\n\n\n\n<p>Desde abril, o Minist\u00e9rio da Sa\u00fade&nbsp;<a href=\"https:\/\/www.saude.gov.br\/noticias\/agencia-saude\/46645-mascaras-caseiras-podem-ajudar-na-prevencao-contra-o-coronavirus\">recomenda o uso de m\u00e1scaras caseiras<\/a>&nbsp;para que as pessoas se protejam do novo coronav\u00edrus. Segundo a pasta, para que as m\u00e1scaras caseiras sejam eficientes como uma barreira f\u00edsica, elas precisam ter pelo menos&nbsp;duas camadas&nbsp;de pano e cobrir totalmente a boca e o nariz, al\u00e9m de ser justas ao rosto, sem deixar espa\u00e7o nas laterais. Outra recomenda\u00e7\u00e3o \u00e9 para que sejam de uso individual, n\u00e3o podendo ser compartilhadas com outras pessoas. O minist\u00e9rio cita tecidos como algod\u00e3o, tricoline e TNT como op\u00e7\u00f5es para confec\u00e7\u00e3o dos equipamentos.<\/p>\n\n\n\n<p>O m\u00e9dico e pesquisador Carlos Z\u00e1rate-Blad\u00e9s, da UFSC, refor\u00e7a que \u00e9 importante que as m\u00e1scaras tenham, pelo menos,&nbsp;camadas&nbsp;de tecidos diferentes, como recomenda a Organiza\u00e7\u00e3o Mundial da Sa\u00fade.\u201cQue os tecidos sejam diferentes para que consigamos ter uma trama fechada, mas que permita respira\u00e7\u00e3o e que consigamos ter uma m\u00e1scara que atue n\u00e3o unicamente por um s\u00f3 mecanismo\u201d, afirma. A utiliza\u00e7\u00e3o correta das m\u00e1scaras \u00e9 muito importante para a efetividade de seu uso. As m\u00e1scaras tamb\u00e9m devem ser feitas de tecidos que sejam facilmente lav\u00e1veis e que tenham uma dura\u00e7\u00e3o mais longa. A&nbsp;<a href=\"http:\/\/portal.anvisa.gov.br\/documents\/219201\/4340788\/NT+M%C3%A1scaras.pdf\/bf430184-8550-42cb-a975-1d5e1c5a10f7\">recomenda\u00e7\u00e3o da Anvisa<\/a>&nbsp;\u00e9 para que as m\u00e1scaras sejam utilizadas por, no m\u00e1ximo, tr\u00eas horas e depois sejam lavadas com \u00e1gua e sab\u00e3o, \u00e1lcool 70 ou em uma solu\u00e7\u00e3o com \u00e1gua sanit\u00e1ria. \u201cVoc\u00ea pode ter a m\u00e1scara mais perfeita do mundo, projetada de diversas formas e testada, mas o mais importante \u00e9 o uso que a pessoa faz dela: o bom uso implica em n\u00e3o tocar na m\u00e1scara, lavar corretamente, saber retir\u00e1-la, saber colocar\u201d, refor\u00e7a Z\u00e1rate-Blad\u00e9s.<\/p>\n\n\n\n<p><em>*<\/em><\/p>\n\n\n\n<p><em>As verifica\u00e7\u00f5es citadas no texto foram feitas pela equipe do Comprova, com participa\u00e7\u00e3o de jornalistas dos seguintes ve\u00edculos: Estad\u00e3o, R\u00e1dio BandNews FM, SBT, Nexo, Jornal do Commercio, Folha de S. Paulo, UOL e revista piau\u00ed. Voc\u00ea pode acessar todas elas no site do Projeto Comprova: https:\/\/projetocomprova.com.br\/<\/em><\/p>\n","protected":false},"excerpt":{"rendered":"<p>Contra a ci\u00eancia e as recomenda\u00e7\u00f5es sanit\u00e1rias, conte\u00fados falsos sobre uso de m\u00e1scaras se espalham nas redes sociais&nbsp;<\/p>\n","protected":false},"author":1,"featured_media":0,"comment_status":"closed","ping_status":"open","sticky":false,"template":"","format":"standard","meta":{"_exactmetrics_skip_tracking":false,"_exactmetrics_sitenote_active":false,"_exactmetrics_sitenote_note":"","_exactmetrics_sitenote_category":0,"jetpack_post_was_ever_published":false,"_jetpack_newsletter_access":"","_jetpack_dont_email_post_to_subs":false,"_jetpack_newsletter_tier_id":0,"_jetpack_memberships_contains_paywalled_content":false,"_jetpack_memberships_contains_paid_content":false,"footnotes":"","jetpack_publicize_message":"","jetpack_publicize_feature_enabled":true,"jetpack_social_post_already_shared":true,"jetpack_social_options":{"image_generator_settings":{"template":"highway","enabled":false},"version":2}},"categories":[1],"tags":[],"class_list":["post-29259","post","type-post","status-publish","format-standard","hentry","category-notas"],"jetpack_publicize_connections":[],"jetpack_sharing_enabled":true,"jetpack_featured_media_url":"","jetpack_shortlink":"https:\/\/wp.me\/p7wKYW-7BV","jetpack-related-posts":[],"_links":{"self":[{"href":"http:\/\/blogdalucianaoliveira.com.br\/blog\/wp-json\/wp\/v2\/posts\/29259","targetHints":{"allow":["GET"]}}],"collection":[{"href":"http:\/\/blogdalucianaoliveira.com.br\/blog\/wp-json\/wp\/v2\/posts"}],"about":[{"href":"http:\/\/blogdalucianaoliveira.com.br\/blog\/wp-json\/wp\/v2\/types\/post"}],"author":[{"embeddable":true,"href":"http:\/\/blogdalucianaoliveira.com.br\/blog\/wp-json\/wp\/v2\/users\/1"}],"replies":[{"embeddable":true,"href":"http:\/\/blogdalucianaoliveira.com.br\/blog\/wp-json\/wp\/v2\/comments?post=29259"}],"version-history":[{"count":1,"href":"http:\/\/blogdalucianaoliveira.com.br\/blog\/wp-json\/wp\/v2\/posts\/29259\/revisions"}],"predecessor-version":[{"id":29261,"href":"http:\/\/blogdalucianaoliveira.com.br\/blog\/wp-json\/wp\/v2\/posts\/29259\/revisions\/29261"}],"wp:attachment":[{"href":"http:\/\/blogdalucianaoliveira.com.br\/blog\/wp-json\/wp\/v2\/media?parent=29259"}],"wp:term":[{"taxonomy":"category","embeddable":true,"href":"http:\/\/blogdalucianaoliveira.com.br\/blog\/wp-json\/wp\/v2\/categories?post=29259"},{"taxonomy":"post_tag","embeddable":true,"href":"http:\/\/blogdalucianaoliveira.com.br\/blog\/wp-json\/wp\/v2\/tags?post=29259"}],"curies":[{"name":"wp","href":"https:\/\/api.w.org\/{rel}","templated":true}]}}