{"id":29262,"date":"2020-07-23T13:21:17","date_gmt":"2020-07-23T17:21:17","guid":{"rendered":"http:\/\/blogdalucianaoliveira.com.br\/blog\/?p=29262"},"modified":"2020-07-23T13:21:21","modified_gmt":"2020-07-23T17:21:21","slug":"coronavirus-ja-atinge-11-povos-indigenas-de-rondonia-aponta-entidade","status":"publish","type":"post","link":"http:\/\/blogdalucianaoliveira.com.br\/blog\/2020\/07\/23\/coronavirus-ja-atinge-11-povos-indigenas-de-rondonia-aponta-entidade\/","title":{"rendered":"Coronav\u00edrus j\u00e1 atinge 11 povos ind\u00edgenas de Rond\u00f4nia, aponta entidade"},"content":{"rendered":"\n<figure class=\"wp-block-image size-large\"><img loading=\"lazy\" decoding=\"async\" width=\"2048\" height=\"1396\" data-attachment-id=\"29264\" data-permalink=\"http:\/\/blogdalucianaoliveira.com.br\/blog\/2020\/07\/23\/coronavirus-ja-atinge-11-povos-indigenas-de-rondonia-aponta-entidade\/f3c18deb-dca1-421a-914f-d014c2428030\/\" data-orig-file=\"https:\/\/i0.wp.com\/blogdalucianaoliveira.com.br\/blog\/wp-content\/uploads\/2020\/07\/F3C18DEB-DCA1-421A-914F-D014C2428030.jpeg?fit=2048%2C1396\" data-orig-size=\"2048,1396\" data-comments-opened=\"0\" data-image-meta=\"{&quot;aperture&quot;:&quot;0&quot;,&quot;credit&quot;:&quot;&quot;,&quot;camera&quot;:&quot;&quot;,&quot;caption&quot;:&quot;&quot;,&quot;created_timestamp&quot;:&quot;0&quot;,&quot;copyright&quot;:&quot;&quot;,&quot;focal_length&quot;:&quot;0&quot;,&quot;iso&quot;:&quot;0&quot;,&quot;shutter_speed&quot;:&quot;0&quot;,&quot;title&quot;:&quot;&quot;,&quot;orientation&quot;:&quot;0&quot;}\" data-image-title=\"F3C18DEB-DCA1-421A-914F-D014C2428030\" data-image-description=\"\" data-image-caption=\"\" data-medium-file=\"https:\/\/i0.wp.com\/blogdalucianaoliveira.com.br\/blog\/wp-content\/uploads\/2020\/07\/F3C18DEB-DCA1-421A-914F-D014C2428030.jpeg?fit=300%2C204\" data-large-file=\"https:\/\/i0.wp.com\/blogdalucianaoliveira.com.br\/blog\/wp-content\/uploads\/2020\/07\/F3C18DEB-DCA1-421A-914F-D014C2428030.jpeg?fit=600%2C409\" src=\"https:\/\/i1.wp.com\/blogdalucianaoliveira.com.br\/blog\/wp-content\/uploads\/2020\/07\/F3C18DEB-DCA1-421A-914F-D014C2428030.jpeg?fit=600%2C409\" alt=\"\" class=\"wp-image-29264\" srcset=\"https:\/\/i0.wp.com\/blogdalucianaoliveira.com.br\/blog\/wp-content\/uploads\/2020\/07\/F3C18DEB-DCA1-421A-914F-D014C2428030.jpeg?w=2048 2048w, https:\/\/i0.wp.com\/blogdalucianaoliveira.com.br\/blog\/wp-content\/uploads\/2020\/07\/F3C18DEB-DCA1-421A-914F-D014C2428030.jpeg?resize=300%2C204 300w, https:\/\/i0.wp.com\/blogdalucianaoliveira.com.br\/blog\/wp-content\/uploads\/2020\/07\/F3C18DEB-DCA1-421A-914F-D014C2428030.jpeg?resize=1024%2C698 1024w, https:\/\/i0.wp.com\/blogdalucianaoliveira.com.br\/blog\/wp-content\/uploads\/2020\/07\/F3C18DEB-DCA1-421A-914F-D014C2428030.jpeg?resize=768%2C524 768w, https:\/\/i0.wp.com\/blogdalucianaoliveira.com.br\/blog\/wp-content\/uploads\/2020\/07\/F3C18DEB-DCA1-421A-914F-D014C2428030.jpeg?resize=1536%2C1047 1536w, https:\/\/i0.wp.com\/blogdalucianaoliveira.com.br\/blog\/wp-content\/uploads\/2020\/07\/F3C18DEB-DCA1-421A-914F-D014C2428030.jpeg?resize=440%2C300 440w, https:\/\/i0.wp.com\/blogdalucianaoliveira.com.br\/blog\/wp-content\/uploads\/2020\/07\/F3C18DEB-DCA1-421A-914F-D014C2428030.jpeg?w=1200 1200w, https:\/\/i0.wp.com\/blogdalucianaoliveira.com.br\/blog\/wp-content\/uploads\/2020\/07\/F3C18DEB-DCA1-421A-914F-D014C2428030.jpeg?w=1800 1800w\" sizes=\"auto, (max-width: 600px) 100vw, 600px\" \/><\/figure>\n\n\n\n<p>Dados da Coordena\u00e7\u00e3o das Organiza\u00e7\u00f5es Ind\u00edgenas da Amaz\u00f4nia Brasileira (COIAB) divulgados nesta quarta-feira (22) apontam que o novo coronav\u00edrus j\u00e1 atinge 11 povos ind\u00edgenas de Rond\u00f4nia. No total, a entidade cita que h\u00e1 113 povos dos nove estados da Amaz\u00f4nia lutando contra a Covid-19 at\u00e9 o momento.<\/p>\n\n\n\n<!--more-->\n\n\n\n<p>Conforme a COIAB, os povos ind\u00edgenas atingidos em Rond\u00f4nia pela Covid-19 s\u00e3o:<br>\nArara, Cinta Larga, Karitiana, Kano\u00ea, Kassupa, Mura, Purubor\u00e1, Paiter Suru\u00ed,Tupari, Wajuru e Zoro.<\/p>\n\n\n\n<p>Os n\u00fameros da COIAB foram atualizados pela \u00faltima vez em 21 de julho. O estado com mais povos atingidos \u00e9 o Amazonas (34), seguido de Par\u00e1 (24) e Mato Grosso (12). Depois de Rond\u00f4nia, vem: Acre (10), Maranh\u00e3o (7), Roraima (6), Tocantins (5) e Amap\u00e1 (4).<\/p>\n\n\n\n<p>A organiza\u00e7\u00e3o tamb\u00e9m cita que h\u00e1 659 casos suspeitos, 12.655 casos confirmados e 480 mortes registradas em 80 povos ind\u00edgenas da Amaz\u00f4nia por causa do Sars-Cov-2.<\/p>\n\n\n\n<p>O levantamento da COIAB \u00e9 feito com base em boletins informativos e notas de falecimento emitidas pela Secretaria Especial de Sa\u00fade Ind\u00edgena (Sesai) do Minist\u00e9rio da Sa\u00fade, al\u00e9m de relatos de lideran\u00e7as ind\u00edgenas, profissionais da sa\u00fade ind\u00edgena e organiza\u00e7\u00f5es que fazem parte da rede da organiza\u00e7\u00e3o.<\/p>\n\n\n\n<p>Mortes<\/p>\n\n\n\n<p>A COIAB contabiliza 9 mortes em decorr\u00eancia da Covid-19 entre ind\u00edgenas de Rond\u00f4nia at\u00e9 a \u00faltima atualiza\u00e7\u00e3o dos dados. J\u00e1 a Articula\u00e7\u00e3o dos Povos Ind\u00edgenas do Brasil fala em 10 \u00f3bitos, enquanto a Secretaria Estadual de Sa\u00fade (Sesau) do estado contabiliza seis.<\/p>\n\n\n\n<p>A mais recente \u00e9 do ind\u00edgena Renato Cinta Larga, de 92 anos, a segunda do povo. O Distrito Sanit\u00e1rio Especial Ind\u00edgena (Dsei) de Vilhena informou que o anci\u00e3o era morador da aldeia Quati, da Terra Ind\u00edgena Roosevelt, localizada aproximadamente 80 quil\u00f4metros do munic\u00edpio de Espig\u00e3o D&#8217;Oeste (RO).<\/p>\n\n\n\n<p>Leia mais em: https:\/\/glo.bo\/2ZR6Xtu<\/p>\n","protected":false},"excerpt":{"rendered":"<p>Dados da Coordena\u00e7\u00e3o das Organiza\u00e7\u00f5es Ind\u00edgenas da Amaz\u00f4nia Brasileira (COIAB) divulgados nesta quarta-feira (22) apontam que o novo coronav\u00edrus j\u00e1 atinge 11 povos ind\u00edgenas de Rond\u00f4nia. No total, a entidade cita que h\u00e1 113 povos dos nove estados da Amaz\u00f4nia lutando contra a Covid-19 at\u00e9 o momento.<\/p>\n","protected":false},"author":1,"featured_media":0,"comment_status":"closed","ping_status":"open","sticky":false,"template":"","format":"standard","meta":{"_exactmetrics_skip_tracking":false,"_exactmetrics_sitenote_active":false,"_exactmetrics_sitenote_note":"","_exactmetrics_sitenote_category":0,"jetpack_post_was_ever_published":false,"_jetpack_newsletter_access":"","_jetpack_dont_email_post_to_subs":false,"_jetpack_newsletter_tier_id":0,"_jetpack_memberships_contains_paywalled_content":false,"_jetpack_memberships_contains_paid_content":false,"footnotes":"","jetpack_publicize_message":"","jetpack_publicize_feature_enabled":true,"jetpack_social_post_already_shared":true,"jetpack_social_options":{"image_generator_settings":{"template":"highway","enabled":false},"version":2}},"categories":[1],"tags":[],"class_list":["post-29262","post","type-post","status-publish","format-standard","hentry","category-notas"],"jetpack_publicize_connections":[],"jetpack_sharing_enabled":true,"jetpack_featured_media_url":"","jetpack_shortlink":"https:\/\/wp.me\/p7wKYW-7BY","jetpack-related-posts":[],"_links":{"self":[{"href":"http:\/\/blogdalucianaoliveira.com.br\/blog\/wp-json\/wp\/v2\/posts\/29262","targetHints":{"allow":["GET"]}}],"collection":[{"href":"http:\/\/blogdalucianaoliveira.com.br\/blog\/wp-json\/wp\/v2\/posts"}],"about":[{"href":"http:\/\/blogdalucianaoliveira.com.br\/blog\/wp-json\/wp\/v2\/types\/post"}],"author":[{"embeddable":true,"href":"http:\/\/blogdalucianaoliveira.com.br\/blog\/wp-json\/wp\/v2\/users\/1"}],"replies":[{"embeddable":true,"href":"http:\/\/blogdalucianaoliveira.com.br\/blog\/wp-json\/wp\/v2\/comments?post=29262"}],"version-history":[{"count":1,"href":"http:\/\/blogdalucianaoliveira.com.br\/blog\/wp-json\/wp\/v2\/posts\/29262\/revisions"}],"predecessor-version":[{"id":29265,"href":"http:\/\/blogdalucianaoliveira.com.br\/blog\/wp-json\/wp\/v2\/posts\/29262\/revisions\/29265"}],"wp:attachment":[{"href":"http:\/\/blogdalucianaoliveira.com.br\/blog\/wp-json\/wp\/v2\/media?parent=29262"}],"wp:term":[{"taxonomy":"category","embeddable":true,"href":"http:\/\/blogdalucianaoliveira.com.br\/blog\/wp-json\/wp\/v2\/categories?post=29262"},{"taxonomy":"post_tag","embeddable":true,"href":"http:\/\/blogdalucianaoliveira.com.br\/blog\/wp-json\/wp\/v2\/tags?post=29262"}],"curies":[{"name":"wp","href":"https:\/\/api.w.org\/{rel}","templated":true}]}}