{"id":29266,"date":"2020-07-24T19:37:05","date_gmt":"2020-07-24T23:37:05","guid":{"rendered":"http:\/\/blogdalucianaoliveira.com.br\/blog\/?p=29266"},"modified":"2020-07-24T19:37:13","modified_gmt":"2020-07-24T23:37:13","slug":"ministerio-da-justica-cria-dossie-que-mira-professores-e-policiais-antifascistas","status":"publish","type":"post","link":"http:\/\/blogdalucianaoliveira.com.br\/blog\/2020\/07\/24\/ministerio-da-justica-cria-dossie-que-mira-professores-e-policiais-antifascistas\/","title":{"rendered":"Minist\u00e9rio da Justi\u00e7a cria dossi\u00ea que mira professores e policiais antifascistas"},"content":{"rendered":"\n<figure class=\"wp-block-image size-large\"><img data-recalc-dims=\"1\" loading=\"lazy\" decoding=\"async\" width=\"600\" height=\"374\" data-attachment-id=\"29267\" data-permalink=\"http:\/\/blogdalucianaoliveira.com.br\/blog\/2020\/07\/24\/ministerio-da-justica-cria-dossie-que-mira-professores-e-policiais-antifascistas\/image-45-8\/\" data-orig-file=\"https:\/\/i0.wp.com\/blogdalucianaoliveira.com.br\/blog\/wp-content\/uploads\/2020\/07\/image-45.jpeg?fit=610%2C380\" data-orig-size=\"610,380\" data-comments-opened=\"0\" data-image-meta=\"{&quot;aperture&quot;:&quot;0&quot;,&quot;credit&quot;:&quot;&quot;,&quot;camera&quot;:&quot;&quot;,&quot;caption&quot;:&quot;&quot;,&quot;created_timestamp&quot;:&quot;0&quot;,&quot;copyright&quot;:&quot;&quot;,&quot;focal_length&quot;:&quot;0&quot;,&quot;iso&quot;:&quot;0&quot;,&quot;shutter_speed&quot;:&quot;0&quot;,&quot;title&quot;:&quot;&quot;,&quot;orientation&quot;:&quot;0&quot;}\" data-image-title=\"image-45\" data-image-description=\"\" data-image-caption=\"\" data-medium-file=\"https:\/\/i0.wp.com\/blogdalucianaoliveira.com.br\/blog\/wp-content\/uploads\/2020\/07\/image-45.jpeg?fit=300%2C187\" data-large-file=\"https:\/\/i0.wp.com\/blogdalucianaoliveira.com.br\/blog\/wp-content\/uploads\/2020\/07\/image-45.jpeg?fit=600%2C374\" src=\"https:\/\/i0.wp.com\/blogdalucianaoliveira.com.br\/blog\/wp-content\/uploads\/2020\/07\/image-45.jpeg?resize=600%2C374\" alt=\"\" class=\"wp-image-29267\" srcset=\"https:\/\/i0.wp.com\/blogdalucianaoliveira.com.br\/blog\/wp-content\/uploads\/2020\/07\/image-45.jpeg?w=610 610w, https:\/\/i0.wp.com\/blogdalucianaoliveira.com.br\/blog\/wp-content\/uploads\/2020\/07\/image-45.jpeg?resize=300%2C187 300w, https:\/\/i0.wp.com\/blogdalucianaoliveira.com.br\/blog\/wp-content\/uploads\/2020\/07\/image-45.jpeg?resize=482%2C300 482w\" sizes=\"auto, (max-width: 600px) 100vw, 600px\" \/><\/figure>\n\n\n\n<p><strong>247 &#8211;&nbsp;<\/strong>O Minist\u00e9rio da Justi\u00e7a deu in\u00edcio a uma ca\u00e7a \u00e0s bruxas e sigilosamente desde junho criou um dossi\u00ea com nomes de 579 servidores federais e estaduais de seguran\u00e7a identificados como integrantes do &#8220;movimento antifascismo&#8221; e tr\u00eas professores universit\u00e1rios, um dos quais ex-secret\u00e1rio nacional de direitos humanos e atual relator da ONU sobre direitos humanos na S\u00edria, todos cr\u00edticos do governo de Jair Bolsonaro.&nbsp;<\/p>\n\n\n\n<!--more-->\n\n\n\n<p>A informa\u00e7\u00e3o consta num&nbsp;<a href=\"https:\/\/noticias.uol.com.br\/colunas\/rubens-valente\/2020\/07\/24\/ministerio-justica-governo-bolsonaro-antifascistas.htm\">dossi\u00ea do minist\u00e9rio obtido pelo site UOL<\/a>&nbsp;que inclui nomes e, em alguns casos, fotografias e endere\u00e7os de redes sociais das pessoas monitoradas.<\/p>\n\n\n\n<p>De acordo com a reportagem, o monitoramento \u00e9 realizada por uma unidade do minist\u00e9rio pouco conhecida, a Seopi (Secretaria de Opera\u00e7\u00f5es Integradas), uma das cinco secretarias subordinadas ao ministro Andr\u00e9 Mendon\u00e7a.<\/p>\n\n\n\n<p>A secretaria \u00e9 dirigida por um delegado da Pol\u00edcia Civil do Distrito Federal e tem uma Diretoria de Intelig\u00eancia chefiada por um servidor com forma\u00e7\u00e3o militar &#8211; ambos foram nomeados em maio por Mendon\u00e7a.<\/p>\n\n\n\n<p>A Seopi n\u00e3o submete todos os seus relat\u00f3rios a um acompanhamento judicial por conta de um decreto de Jair Bolsonaro. O \u00f3rg\u00e3o age nos mesmos moldes dos outros \u00f3rg\u00e3os que realizam normalmente h\u00e1 anos o trabalho de intelig\u00eancia no governo, como o CIE (Centro de Intelig\u00eancia do Ex\u00e9rcito) e o GSI (Gabinete de Seguran\u00e7a Institucional).<\/p>\n\n\n\n<p>Entre os nomes inclu\u00eddos no dossi\u00ea est\u00e3o o de servidores que assinaram manifestos em defesa da democracia e com cr\u00edticas ao governo. Inclui at\u00e9 nomes que assenaram manifesto contra o impeachmente da presidenta Dilma, em 2016.<\/p>\n\n\n\n<p>Uma tabela de arquivo Excel foi montada com uma &#8220;rela\u00e7\u00e3o de servidores da \u00e1rea de seguran\u00e7a p\u00fablica identificados como mais atuantes&#8221;. Os 579 nomes foram divididos por estado da federa\u00e7\u00e3o.<\/p>\n\n\n\n<p>Al\u00e9m desse anexo, a Seopi incluiu os dois manifestos, de 2016 e 2020, uma s\u00e9rie de &#8220;not\u00edcias relacionadas a policiais antifascismo&#8221; e c\u00f3pias em PDF do livro &#8220;Antifa &#8211; o manual antifascista&#8221;, do professor de hist\u00f3ria Mark Bray, e de um certo &#8220;manual de terrorismo BR&#8221;.<\/p>\n","protected":false},"excerpt":{"rendered":"<p>247 &#8211;&nbsp;O Minist\u00e9rio da Justi\u00e7a deu in\u00edcio a uma ca\u00e7a \u00e0s bruxas e sigilosamente desde junho criou um dossi\u00ea com nomes de 579 servidores federais e estaduais de seguran\u00e7a identificados como integrantes do &#8220;movimento antifascismo&#8221; e tr\u00eas professores universit\u00e1rios, um dos quais ex-secret\u00e1rio nacional de direitos humanos e atual relator da ONU sobre direitos humanos&#8230;<a class=\"more-link\" href=\"http:\/\/blogdalucianaoliveira.com.br\/blog\/2020\/07\/24\/ministerio-da-justica-cria-dossie-que-mira-professores-e-policiais-antifascistas\/\">Continue a leitura <span class=\"meta-nav\">&raquo;<\/span><\/a><\/p>\n","protected":false},"author":1,"featured_media":0,"comment_status":"closed","ping_status":"open","sticky":false,"template":"","format":"standard","meta":{"_exactmetrics_skip_tracking":false,"_exactmetrics_sitenote_active":false,"_exactmetrics_sitenote_note":"","_exactmetrics_sitenote_category":0,"jetpack_post_was_ever_published":false,"_jetpack_newsletter_access":"","_jetpack_dont_email_post_to_subs":false,"_jetpack_newsletter_tier_id":0,"_jetpack_memberships_contains_paywalled_content":false,"_jetpack_memberships_contains_paid_content":false,"footnotes":"","jetpack_publicize_message":"","jetpack_publicize_feature_enabled":true,"jetpack_social_post_already_shared":true,"jetpack_social_options":{"image_generator_settings":{"template":"highway","enabled":false},"version":2}},"categories":[1],"tags":[],"class_list":["post-29266","post","type-post","status-publish","format-standard","hentry","category-notas"],"jetpack_publicize_connections":[],"jetpack_sharing_enabled":true,"jetpack_featured_media_url":"","jetpack_shortlink":"https:\/\/wp.me\/p7wKYW-7C2","jetpack-related-posts":[],"_links":{"self":[{"href":"http:\/\/blogdalucianaoliveira.com.br\/blog\/wp-json\/wp\/v2\/posts\/29266","targetHints":{"allow":["GET"]}}],"collection":[{"href":"http:\/\/blogdalucianaoliveira.com.br\/blog\/wp-json\/wp\/v2\/posts"}],"about":[{"href":"http:\/\/blogdalucianaoliveira.com.br\/blog\/wp-json\/wp\/v2\/types\/post"}],"author":[{"embeddable":true,"href":"http:\/\/blogdalucianaoliveira.com.br\/blog\/wp-json\/wp\/v2\/users\/1"}],"replies":[{"embeddable":true,"href":"http:\/\/blogdalucianaoliveira.com.br\/blog\/wp-json\/wp\/v2\/comments?post=29266"}],"version-history":[{"count":1,"href":"http:\/\/blogdalucianaoliveira.com.br\/blog\/wp-json\/wp\/v2\/posts\/29266\/revisions"}],"predecessor-version":[{"id":29268,"href":"http:\/\/blogdalucianaoliveira.com.br\/blog\/wp-json\/wp\/v2\/posts\/29266\/revisions\/29268"}],"wp:attachment":[{"href":"http:\/\/blogdalucianaoliveira.com.br\/blog\/wp-json\/wp\/v2\/media?parent=29266"}],"wp:term":[{"taxonomy":"category","embeddable":true,"href":"http:\/\/blogdalucianaoliveira.com.br\/blog\/wp-json\/wp\/v2\/categories?post=29266"},{"taxonomy":"post_tag","embeddable":true,"href":"http:\/\/blogdalucianaoliveira.com.br\/blog\/wp-json\/wp\/v2\/tags?post=29266"}],"curies":[{"name":"wp","href":"https:\/\/api.w.org\/{rel}","templated":true}]}}