{"id":29269,"date":"2020-07-24T19:41:16","date_gmt":"2020-07-24T23:41:16","guid":{"rendered":"http:\/\/blogdalucianaoliveira.com.br\/blog\/?p=29269"},"modified":"2020-07-24T19:41:26","modified_gmt":"2020-07-24T23:41:26","slug":"por-que-um-voto-sincero-na-camara-deixou-bolsonaro-nu","status":"publish","type":"post","link":"http:\/\/blogdalucianaoliveira.com.br\/blog\/2020\/07\/24\/por-que-um-voto-sincero-na-camara-deixou-bolsonaro-nu\/","title":{"rendered":"Por que um voto sincero na C\u00e2mara deixou Bolsonaro nu"},"content":{"rendered":"\n<figure class=\"wp-block-image size-large\"><img data-recalc-dims=\"1\" loading=\"lazy\" decoding=\"async\" width=\"600\" height=\"400\" data-attachment-id=\"29270\" data-permalink=\"http:\/\/blogdalucianaoliveira.com.br\/blog\/2020\/07\/24\/por-que-um-voto-sincero-na-camara-deixou-bolsonaro-nu\/image-46-8\/\" data-orig-file=\"https:\/\/i0.wp.com\/blogdalucianaoliveira.com.br\/blog\/wp-content\/uploads\/2020\/07\/image-46.jpeg?fit=640%2C427\" data-orig-size=\"640,427\" data-comments-opened=\"0\" data-image-meta=\"{&quot;aperture&quot;:&quot;0&quot;,&quot;credit&quot;:&quot;&quot;,&quot;camera&quot;:&quot;&quot;,&quot;caption&quot;:&quot;&quot;,&quot;created_timestamp&quot;:&quot;0&quot;,&quot;copyright&quot;:&quot;&quot;,&quot;focal_length&quot;:&quot;0&quot;,&quot;iso&quot;:&quot;0&quot;,&quot;shutter_speed&quot;:&quot;0&quot;,&quot;title&quot;:&quot;&quot;,&quot;orientation&quot;:&quot;0&quot;}\" data-image-title=\"image-46\" data-image-description=\"\" data-image-caption=\"\" data-medium-file=\"https:\/\/i0.wp.com\/blogdalucianaoliveira.com.br\/blog\/wp-content\/uploads\/2020\/07\/image-46.jpeg?fit=300%2C200\" data-large-file=\"https:\/\/i0.wp.com\/blogdalucianaoliveira.com.br\/blog\/wp-content\/uploads\/2020\/07\/image-46.jpeg?fit=600%2C400\" src=\"https:\/\/i0.wp.com\/blogdalucianaoliveira.com.br\/blog\/wp-content\/uploads\/2020\/07\/image-46.jpeg?resize=600%2C400\" alt=\"\" class=\"wp-image-29270\" srcset=\"https:\/\/i0.wp.com\/blogdalucianaoliveira.com.br\/blog\/wp-content\/uploads\/2020\/07\/image-46.jpeg?w=640 640w, https:\/\/i0.wp.com\/blogdalucianaoliveira.com.br\/blog\/wp-content\/uploads\/2020\/07\/image-46.jpeg?resize=300%2C200 300w, https:\/\/i0.wp.com\/blogdalucianaoliveira.com.br\/blog\/wp-content\/uploads\/2020\/07\/image-46.jpeg?resize=450%2C300 450w\" sizes=\"auto, (max-width: 600px) 100vw, 600px\" \/><\/figure>\n\n\n\n<p>Vota\u00e7\u00e3o que aprovou o Fundeb representa uma humilha\u00e7\u00e3o para um Governo que, em quase dois anos de mandato, entrar\u00e1 na hist\u00f3ria por seu desprezo pela educa\u00e7\u00e3o.<\/p>\n\n\n\n<!--more-->\n\n\n\n<p><a href=\"https:\/\/brasil.elpais.com\/autor\/juan-arias\/\">JUAN ARIAS<\/a>, no El Pa\u00eds <\/p>\n\n\n\n<p>A vota\u00e7\u00e3o na C\u00e2mara para a&nbsp;<a href=\"https:\/\/brasil.elpais.com\/brasil\/2020-07-21\/camara-forca-planalto-a-ceder-e-aprova-o-novo-fundeb-que-financia-mais-da-metade-da-verba-da-educacao-basica-no-pais.html\" target=\"_blank\" rel=\"noreferrer noopener\">aprova\u00e7\u00e3o da importante lei sobre o Fundeb,&nbsp;<\/a>que regula os gastos do Estado com a educa\u00e7\u00e3o b\u00e1sica, com apenas sete votos contra, foi sem d\u00favida um voto que os deputados deram com o cora\u00e7\u00e3o. Por uma vez esqueceram seus pequenos interesses pol\u00edticos ou partid\u00e1rios e souberam colocar os olhos naqueles milh\u00f5es de crian\u00e7as que s\u00e3o o futuro da na\u00e7\u00e3o, cuja \u00fanica reden\u00e7\u00e3o \u00e9 uma boa&nbsp;<a href=\"https:\/\/brasil.elpais.com\/noticias\/educacion-infantil\/\" target=\"_blank\" rel=\"noreferrer noopener\">educa\u00e7\u00e3o b\u00e1sica.<\/a><\/p>\n\n\n\n<p>Uma boa educa\u00e7\u00e3o fundamental impedir\u00e1 que se deixem escravizar quando forem maiores. E os deputados que votaram com o cora\u00e7\u00e3o certamente pensaram tamb\u00e9m nos milh\u00f5es de professores que s\u00e3o o motor da educa\u00e7\u00e3o, uma continua\u00e7\u00e3o da fam\u00edlia. Os professores merecem todo o respeito, o apoio e o carinho do pa\u00eds. Ainda mais no Brasil, onde est\u00e3o entre os mais mal pagos do mundo e&nbsp;<a href=\"https:\/\/brasil.elpais.com\/brasil\/2019\/05\/14\/politica\/1557790165_316536.html\" target=\"_blank\" rel=\"noreferrer noopener\">n\u00e3o por isso deixam de dedicar suas vidas com paix\u00e3o ao ensino<\/a>.<\/p>\n\n\n\n<p>Foi uma vota\u00e7\u00e3o com o cora\u00e7\u00e3o e ao mesmo tempo uma derrota, ou melhor, uma humilha\u00e7\u00e3o para um Governo que, em quase dois anos de mandato, n\u00e3o conseguiu mais que sete votos na C\u00e2mara em apoio ao seu projeto com o qual queria usar o Fundeb para criar um programa de tom eleitoral.<\/p>\n\n\n\n<p>Portanto, se foi um voto com o cora\u00e7\u00e3o, tamb\u00e9m foi um voto de castigo para o presidente Bolsonaro, que al\u00e9m de seu&nbsp;<a href=\"https:\/\/brasil.elpais.com\/opiniao\/2020-07-07\/bolsonaro-esta-doente-da-alma.html\" target=\"_blank\" rel=\"noreferrer noopener\">comportamento de matiz genocid<\/a>a durante a pandemia,&nbsp;<a href=\"https:\/\/brasil.elpais.com\/brasil\/2020-07-22\/ha-indicios-significativos-para-que-autoridades-brasileiras-entre-elas-o-presidente-sejam-investigadas-por-genocidio.html\" target=\"_blank\" rel=\"noreferrer noopener\">conforme apontam alguns juristas<\/a>, entrar\u00e1 na hist\u00f3ria por seu desprezo pela educa\u00e7\u00e3o com seu ros\u00e1rio de ministros da Educa\u00e7\u00e3o incapazes para o cargo, que ele pr\u00f3prio se viu obrigado a destituir porque eram uma vergonha nacional.<\/p>\n\n\n\n<p>Na hist\u00f3rica vota\u00e7\u00e3o sobre o Fundeb, o presidente<a href=\"https:\/\/brasil.elpais.com\/noticias\/jair-messias-bolsonaro\/\" target=\"_blank\" rel=\"noreferrer noopener\">&nbsp;Jair Bolsonaro<\/a>&nbsp;revelou-se mais do que um novo \u00c1tila, cujo cavalo matava para sempre a grama que pisava, como o cavalo de Tr\u00f3ia descrito por Homero na Odisseia, que ao longo dos s\u00e9culos se tornou a met\u00e1fora do engano pol\u00edtico e militar.<\/p>\n\n\n\n<p>Em qualquer outra parte do mundo, especialmente onde existe a figura do presidente do Governo separada do presidente da Rep\u00fablica, na mesma tarde da retumbante derrota na C\u00e2mara teria havido uma crise de Governo. E mesmo em um regime como o brasileiro, se tivesse tido grandeza pol\u00edtica Bolsonaro\u00a0teria renunciado ao cargo, pois ficou claro que \u00e9 um Governo que foi humilhado com uma derrota t\u00e3o acachapante em um tema t\u00e3o crucial como a educa\u00e7\u00e3o.<\/p>\n\n\n\n<p>A vota\u00e7\u00e3o na C\u00e2mara, pronunciada pelos parlamentares com o cora\u00e7\u00e3o, pode ter revelado mais do que uma humilha\u00e7\u00e3o ao presidente. Essa vota\u00e7\u00e3o far\u00e1 muitos pensarem que talvez seja uma fal\u00e1cia a desculpa de que n\u00e3o \u00e9 prudente dar curso \u00e0s&nbsp;<a href=\"https:\/\/brasil.elpais.com\/brasil\/2020-04-27\/apoio-ao-impeachment-de-bolsonaro-alcanca-52-e-aprovacao-de-moro-vai-a-57-apos-sair-do-governo.html\" target=\"_blank\" rel=\"noreferrer noopener\">dezenas de pedidos de impeachment de Bolsonaro<\/a>&nbsp;que se acumulam no Congresso com a desculpa de que o Governo teria votos suficientes para det\u00ea-los. A vota\u00e7\u00e3o sobre o Fundeb que envergonharia qualquer Governo em qualquer pa\u00eds tamb\u00e9m deixou claro que o presidente est\u00e1 mais nu politicamente do que parece.<\/p>\n\n\n\n<p>Bolsonaro, que recorre tanto ao c\u00e9u e aos deuses em seu favor, deveria refletir que talvez desde aquelas alturas do divino comece a se ver mais abandonado do que poderia imaginar. E quando os deuses, mesmo que seja como met\u00e1fora, come\u00e7am a abandonar algu\u00e9m, a derrota costuma estar pr\u00f3xima.<\/p>\n\n\n\n<p>Sou filho de dois professores rurais pobres que nunca conseguiam terminar o m\u00eas sem d\u00edvidas para que mal pud\u00e9ssemos comer, mas que incutiram em mim e em meus irm\u00e3os a paix\u00e3o pelo saber como a melhor arma de defesa contra a iniquidade. \u00c9 por isso que n\u00e3o posso deixar de dedicar esta coluna com emo\u00e7\u00e3o \u00e0 vit\u00f3ria conseguida pelos milh\u00f5es de sacrificados professores de&nbsp;<a href=\"https:\/\/brasil.elpais.com\/noticias\/educacion\/\" target=\"_blank\" rel=\"noreferrer noopener\">educa\u00e7\u00e3o b\u00e1sica do Brasil<\/a>, que hoje podem se sentir orgulhosos de<a href=\"https:\/\/brasil.elpais.com\/brasil\/2020-05-21\/em-meio-a-rotina-de-aulas-remotas-professores-relatam-ansiedade-sobrecarga-de-trabalho.html\" target=\"_blank\" rel=\"noreferrer noopener\">&nbsp;terem vencido essa batalha contra aqueles que sempre os humilharam.<\/a><\/p>\n\n\n\n<p>Oxal\u00e1 esta vit\u00f3ria seja o in\u00edcio de novas vit\u00f3rias em um pa\u00eds onde a quest\u00e3o da educa\u00e7\u00e3o \u00e9 mais crucial, se \u00e9 que isso \u00e9 poss\u00edvel, do que em outros lugares. N\u00e3o podemos esquecer que uma das maiores trag\u00e9dias deste pa\u00eds-continente foi quando milh\u00f5es de escravos africanos, cujos descendentes ainda s\u00e3o maioria no pa\u00eds, foram&nbsp;<a href=\"https:\/\/brasil.elpais.com\/brasil\/2019\/11\/19\/politica\/1574203693_074968.html\" target=\"_blank\" rel=\"noreferrer noopener\">abandonados \u00e0 pr\u00f3pria sorte sem educa\u00e7\u00e3o para eles e para seus filhos.<\/a><\/p>\n\n\n\n<p>Hoje o Brasil paga o pre\u00e7o desse cruel abandono e dessa aberra\u00e7\u00e3o levada a cabo com milh\u00f5es de analfabetos e pessoas despreparadas que foram impedidas de conseguir um trabalho digno e um resgate cultural que os libertasse das humilha\u00e7\u00f5es e das dores dos dem\u00f4nios de uma injusti\u00e7a que ainda se resiste a morrer.<\/p>\n\n\n\n<p><\/p>\n","protected":false},"excerpt":{"rendered":"<p>Vota\u00e7\u00e3o que aprovou o Fundeb representa uma humilha\u00e7\u00e3o para um Governo que, em quase dois anos de mandato, entrar\u00e1 na hist\u00f3ria por seu desprezo pela educa\u00e7\u00e3o.<\/p>\n","protected":false},"author":1,"featured_media":0,"comment_status":"closed","ping_status":"open","sticky":false,"template":"","format":"standard","meta":{"_exactmetrics_skip_tracking":false,"_exactmetrics_sitenote_active":false,"_exactmetrics_sitenote_note":"","_exactmetrics_sitenote_category":0,"jetpack_post_was_ever_published":false,"_jetpack_newsletter_access":"","_jetpack_dont_email_post_to_subs":false,"_jetpack_newsletter_tier_id":0,"_jetpack_memberships_contains_paywalled_content":false,"_jetpack_memberships_contains_paid_content":false,"footnotes":"","jetpack_publicize_message":"","jetpack_publicize_feature_enabled":true,"jetpack_social_post_already_shared":true,"jetpack_social_options":{"image_generator_settings":{"template":"highway","enabled":false},"version":2}},"categories":[1],"tags":[],"class_list":["post-29269","post","type-post","status-publish","format-standard","hentry","category-notas"],"jetpack_publicize_connections":[],"jetpack_sharing_enabled":true,"jetpack_featured_media_url":"","jetpack_shortlink":"https:\/\/wp.me\/p7wKYW-7C5","jetpack-related-posts":[],"_links":{"self":[{"href":"http:\/\/blogdalucianaoliveira.com.br\/blog\/wp-json\/wp\/v2\/posts\/29269","targetHints":{"allow":["GET"]}}],"collection":[{"href":"http:\/\/blogdalucianaoliveira.com.br\/blog\/wp-json\/wp\/v2\/posts"}],"about":[{"href":"http:\/\/blogdalucianaoliveira.com.br\/blog\/wp-json\/wp\/v2\/types\/post"}],"author":[{"embeddable":true,"href":"http:\/\/blogdalucianaoliveira.com.br\/blog\/wp-json\/wp\/v2\/users\/1"}],"replies":[{"embeddable":true,"href":"http:\/\/blogdalucianaoliveira.com.br\/blog\/wp-json\/wp\/v2\/comments?post=29269"}],"version-history":[{"count":1,"href":"http:\/\/blogdalucianaoliveira.com.br\/blog\/wp-json\/wp\/v2\/posts\/29269\/revisions"}],"predecessor-version":[{"id":29271,"href":"http:\/\/blogdalucianaoliveira.com.br\/blog\/wp-json\/wp\/v2\/posts\/29269\/revisions\/29271"}],"wp:attachment":[{"href":"http:\/\/blogdalucianaoliveira.com.br\/blog\/wp-json\/wp\/v2\/media?parent=29269"}],"wp:term":[{"taxonomy":"category","embeddable":true,"href":"http:\/\/blogdalucianaoliveira.com.br\/blog\/wp-json\/wp\/v2\/categories?post=29269"},{"taxonomy":"post_tag","embeddable":true,"href":"http:\/\/blogdalucianaoliveira.com.br\/blog\/wp-json\/wp\/v2\/tags?post=29269"}],"curies":[{"name":"wp","href":"https:\/\/api.w.org\/{rel}","templated":true}]}}