{"id":29272,"date":"2020-07-24T19:49:02","date_gmt":"2020-07-24T23:49:02","guid":{"rendered":"http:\/\/blogdalucianaoliveira.com.br\/blog\/?p=29272"},"modified":"2020-07-24T19:49:05","modified_gmt":"2020-07-24T23:49:05","slug":"mais-de-r-100-milhoes-repassados-ao-ibama-para-fiscalizacao-da-amazonia-estao-parados","status":"publish","type":"post","link":"http:\/\/blogdalucianaoliveira.com.br\/blog\/2020\/07\/24\/mais-de-r-100-milhoes-repassados-ao-ibama-para-fiscalizacao-da-amazonia-estao-parados\/","title":{"rendered":"Mais de R$ 100 milh\u00f5es repassados ao Ibama para fiscaliza\u00e7\u00e3o da Amaz\u00f4nia est\u00e3o parados"},"content":{"rendered":"\n<figure class=\"wp-block-image size-large\"><img data-recalc-dims=\"1\" loading=\"lazy\" decoding=\"async\" width=\"320\" height=\"300\" data-attachment-id=\"29273\" data-permalink=\"http:\/\/blogdalucianaoliveira.com.br\/blog\/2020\/07\/24\/mais-de-r-100-milhoes-repassados-ao-ibama-para-fiscalizacao-da-amazonia-estao-parados\/image-47-8\/\" data-orig-file=\"https:\/\/i0.wp.com\/blogdalucianaoliveira.com.br\/blog\/wp-content\/uploads\/2020\/07\/image-47.jpeg?fit=320%2C300\" data-orig-size=\"320,300\" data-comments-opened=\"0\" data-image-meta=\"{&quot;aperture&quot;:&quot;0&quot;,&quot;credit&quot;:&quot;&quot;,&quot;camera&quot;:&quot;&quot;,&quot;caption&quot;:&quot;&quot;,&quot;created_timestamp&quot;:&quot;0&quot;,&quot;copyright&quot;:&quot;&quot;,&quot;focal_length&quot;:&quot;0&quot;,&quot;iso&quot;:&quot;0&quot;,&quot;shutter_speed&quot;:&quot;0&quot;,&quot;title&quot;:&quot;&quot;,&quot;orientation&quot;:&quot;0&quot;}\" data-image-title=\"image-47\" data-image-description=\"\" data-image-caption=\"\" data-medium-file=\"https:\/\/i0.wp.com\/blogdalucianaoliveira.com.br\/blog\/wp-content\/uploads\/2020\/07\/image-47.jpeg?fit=300%2C281\" data-large-file=\"https:\/\/i0.wp.com\/blogdalucianaoliveira.com.br\/blog\/wp-content\/uploads\/2020\/07\/image-47.jpeg?fit=320%2C300\" src=\"https:\/\/i0.wp.com\/blogdalucianaoliveira.com.br\/blog\/wp-content\/uploads\/2020\/07\/image-47.jpeg?resize=320%2C300\" alt=\"\" class=\"wp-image-29273\" srcset=\"https:\/\/i0.wp.com\/blogdalucianaoliveira.com.br\/blog\/wp-content\/uploads\/2020\/07\/image-47.jpeg?w=320 320w, https:\/\/i0.wp.com\/blogdalucianaoliveira.com.br\/blog\/wp-content\/uploads\/2020\/07\/image-47.jpeg?resize=300%2C281 300w\" sizes=\"auto, (max-width: 320px) 100vw, 320px\" \/><\/figure>\n\n\n\n<h4 class=\"wp-block-heading\">Recursos de mais de R$ 70 milh\u00f5es do Fundo Amaz\u00f4nia que j\u00e1 estavam liberados para o Ibama e mais de R$ 35 milh\u00f5es provenientes da Lava Jato ainda n\u00e3o foram usados este ano, mesmo em meio \u00e0 alta do desmatamento no bioma<\/h4>\n\n\n\n<!--more-->\n\n\n\n<p>Giovana Girardi, O Estado de S.Paulo<\/p>\n\n\n\n<p>S\u00c3O PAULO &#8211; Pelo menos&nbsp;<strong>R$ 108 milh\u00f5es<\/strong>&nbsp;que poderiam estar custeando a\u00e7\u00f5es de fiscaliza\u00e7\u00e3o do&nbsp;<a href=\"https:\/\/tudo-sobre.estadao.com.br\/ibama-instituto-brasileiro-do-meio-ambiente-e-dos-recursos-naturais-renovaveis\"><strong>Ibama<\/strong><\/a>&nbsp;na&nbsp;<a href=\"https:\/\/tudo-sobre.estadao.com.br\/floresta-amazonica\"><strong>Amaz\u00f4nia<\/strong><\/a>&nbsp;ainda n\u00e3o foram usados neste ano, mesmo com&nbsp;<strong><a href=\"https:\/\/sustentabilidade.estadao.com.br\/noticias\/geral,desmatamento-na-amazonia-em-junho-e-o-maior-em-5-anos-apesar-de-acao-militar-e-pressao-de-inv,70003359714\">a alta do desmatamento na regi\u00e3o<\/a><\/strong>, conforme levantamento feito pelo&nbsp;<strong>Estad\u00e3o<\/strong>&nbsp;no Sistema Integrado de Planejamento e Or\u00e7amento e no site do Fundo Amaz\u00f4nia.&nbsp;<\/p>\n\n\n\n<p>O \u00f3rg\u00e3o ambiental ligado ao\u00a0<strong>Minist\u00e9rio do Meio Ambiente<\/strong>\u00a0tinha \u00e0 disposi\u00e7\u00e3o no in\u00edcio do ano quase\u00a0<strong>R$ 73 milh\u00f5es do\u00a0<a href=\"https:\/\/tudo-sobre.estadao.com.br\/fundo-amazonia\">Fundo Amaz\u00f4nia<\/a><\/strong>\u00a0que foram destinados para o Projeto de Fortalecimento do Controle e do Monitoramento Ambiental para o Combate ao Desmatamento Ilegal na Amaz\u00f4nia (Profisc).\u00a0<br><\/p>\n\n\n\n<p>Uma verba de R$ 140 milh\u00f5es havia sido liberada para o Ibama em abril de 2018 para ser usada no per\u00edodo de 36 meses. At\u00e9 dezembro do ano passado foram desembolsados R$ 67 milh\u00f5es, mas neste ano n\u00e3o houve nenhum uso do recurso restante.&nbsp;<\/p>\n\n\n\n<p>Esse dinheiro, como j\u00e1 havia sido liberado em 2018 pelo fundo, n\u00e3o foi afetado pela paralisa\u00e7\u00e3o dos recursos do Fundo Amaz\u00f4nia pelo ministro do Meio Ambiente, Ricardo Salles, no ano passado. Depois disso, os pr\u00f3prios doadores \u2013 Noruega e Alemanha \u2013 tamb\u00e9m interromperam os repasses em decorr\u00eancia da alta de desmatamento desde o ano passado, mas tampouco isso influiu no recurso do Profisc.&nbsp;<\/p>\n\n\n\n<p>O repasse \u00e9 voltado principalmente para o pagamento de contratos com helic\u00f3pteros e caminhonetes do Ibama que atuam na Amaz\u00f4nia. Nesta sexta-feira, o chefe do Centro de Opera\u00e7\u00f5es A\u00e9reas do Ibama, Everton Almada Pimental, foi exonerado do cargo. Ele teria se posicionado contrariamente a uma decis\u00e3o do \u00f3rg\u00e3o de reduzir o n\u00famero de aeronaves usadas pelo Ibama.&nbsp;<\/p>\n\n\n\n<p>&#8220;O Fundo Amaz\u00f4nia vem financiando o custeio da loca\u00e7\u00e3o dos helic\u00f3pteros e caminhonetes que atuam na fiscaliza\u00e7\u00e3o do Ibama na Amaz\u00f4nia desde o final de 2016, por meio do Profisc. Esses recursos foram fundamentais para assegurar a fiscaliza\u00e7\u00e3o na Amaz\u00f4nia durante a minha gest\u00e3o no Ibama. A&nbsp;fiscaliza\u00e7\u00e3o do desmatamento no bioma teria parado sem esse aporte do fundo&#8221;, disse ao&nbsp;<strong>Estad\u00e3o<\/strong>&nbsp;Suely Ara\u00fajo, ex-presidente do Ibama na gest\u00e3o Temer e&nbsp;especialista s\u00eanior em pol\u00edticas p\u00fablicas do Observat\u00f3rio do Clima.&nbsp;<\/p>\n\n\n\n<p>&#8220;Se o Ibama n\u00e3o est\u00e1 usando todos os recursos disponibilizados pelo Profisc 1-B, provavelmente as opera\u00e7\u00f5es est\u00e3o ocorrendo em n\u00famero aqu\u00e9m do necess\u00e1rio. O&nbsp;uso de apenas 48% dos recursos at\u00e9 agora evidencia insufici\u00eancia da fiscaliza\u00e7\u00e3o&#8221;, complementou.&nbsp;<\/p>\n\n\n\n<p>Segundo a especialista, o&nbsp;Fundo Amaz\u00f4nia \u00e9 ferramenta &#8220;important\u00edssima&#8221; para o controle do desmatamento na Amaz\u00f4nia. &#8220;\u00c9&nbsp;inaceit\u00e1vel termos mais de R$ 1,5 bilh\u00e3o depositados sem uso l\u00e1, sem contrata\u00e7\u00e3o, assim como \u00e9 inaceit\u00e1vel n\u00e3o usar todos os recursos contratados, como est\u00e1 ocorrendo no Profisc 1-B. Em 2020, o Ibama&nbsp;ainda n\u00e3o usou nada dos recursos do projeto&#8221;, disse&nbsp;em refer\u00eancia ao valor total paralisado no Fundo Amaz\u00f4nia.&nbsp;<\/p>\n\n\n\n<h3 class=\"wp-block-heading\">Lava Jato<\/h3>\n\n\n\n<p>Outro recurso ainda pouco usado neste ano \u00e9 o proveniente do fundo da&nbsp;<strong>Lava Jato<\/strong>. O Ibama recebeu&nbsp;<strong>R$ 50 milh\u00f5es<\/strong>&nbsp;do fundo para usar em preven\u00e7\u00e3o, fiscaliza\u00e7\u00e3o, combate e controle ao desmatamento ilegal e a inc\u00eandios florestais na Amaz\u00f4nia. At\u00e9 esta sexta-feira, 24, apenas&nbsp;<strong>R$ 13,9 milh\u00f5es<\/strong>&nbsp;haviam sido liquidados.&nbsp;&nbsp;<\/p>\n\n\n\n<p><a href=\"https:\/\/economia.estadao.com.br\/noticias\/geral,salles-pede-r-230-milhoes-para-nao-travar-acoes-na-amazonia-apos-julho,70003366534\"><strong>Salles enviou um of\u00edcio em 29 de junho ao ministro da Economia, Paulo Guedes, pedindo o uma verba de R$ 230 milh\u00f5es<\/strong><\/a>. Esse valor, proveniente tamb\u00e9m da Lava Jato, foi depositado para o minist\u00e9rio, mas depois foi repassado aos Estados da Amaz\u00f4nia por decis\u00e3o do Supremo Tribunal Federal.&nbsp;<\/p>\n\n\n\n<p>O ministro disse no of\u00edcio que, sem o dinheiro, o governo ficar\u00e1 exposto no per\u00edodo em que mais necessita de for\u00e7a para executar a\u00e7\u00f5es de preven\u00e7\u00e3o nas florestas. Salles se referiu principalmente ao combate \u00e0s queimadas, que t\u00eam seu auge entre agosto e outubro.&nbsp;<\/p>\n\n\n\n<p>Desde o in\u00edcio do ano, o desmatamento na Amaz\u00f4nia mant\u00e9m as tend\u00eancias de alta iniciadas no ano passado. A partir de maio de 2019, todos os meses apresentaram alertas de desmatamento superiores ao mesmo m\u00eas do ano anterior. Dados do sistema Deter, do Inpe, indicam que de 1\u00ba de agosto do ano passado at\u00e9 o dia 15 de julho, 8.282 km\u00b2&nbsp;foram perdidos. A devasta\u00e7\u00e3o j\u00e1 supera em 21% a observada entre 1\u00ba de agosto de 2018 e 31 de julho de 2019 \u2013&nbsp; 6.844 km\u00b2.&nbsp;&nbsp;<\/p>\n\n\n\n<p>Este \u00e9 o per\u00edodo em que o desmatamento anual \u00e9 medido na Amaz\u00f4nia. Faltando apenas 15 dias para os dados serem computados, este julho j\u00e1 o segundo pior junho da s\u00e9rie, com 734 km\u00b2.&nbsp;<\/p>\n\n\n\n<p>O Ibama e o Minist\u00e9rio do Meio Ambiente foram procurados pela reportagem, mas n\u00e3o se posicionaram at\u00e9 o momento sobre por que os demais recursos j\u00e1 dispon\u00edveis n\u00e3o foram usados. Se eles se manifestarem, a reportagem ser\u00e1 atualizada.&nbsp;<\/p>\n\n\n\n<h3 class=\"wp-block-heading\">A\u00e7\u00f5es contra o minist\u00e9rio<\/h3>\n\n\n\n<p>No in\u00edcio de junho, os partidos PT, PSB, PSOL e&nbsp;Rede e organiza\u00e7\u00f5es n\u00e3o governamentais entraram com&nbsp;<a href=\"https:\/\/sustentabilidade.estadao.com.br\/noticias\/geral,mps-partidos-e-ongs-entram-com-tres-acoes-contra-mma-no-stf-e-na-justica-federal,70003325708\"><strong>tr\u00eas a\u00e7\u00f5es no STF e na Justi\u00e7a Federal questionando atitudes e omiss\u00f5es do&nbsp;<\/strong><\/a><strong><a href=\"https:\/\/tudo-sobre.estadao.com.br\/ministerio-do-meio-ambiente\">Minist\u00e9rio do Meio Ambiente<\/a><\/strong>.&nbsp;&nbsp;<\/p>\n\n\n\n<p>Uma delas considerou que o governo coloca a&nbsp;<a href=\"https:\/\/tudo-sobre.estadao.com.br\/floresta-amazonica\"><strong>floresta amaz\u00f4nica<\/strong><\/a>&nbsp;e o clima&nbsp;global em risco ao congelar o&nbsp;<a href=\"https:\/\/tudo-sobre.estadao.com.br\/fundo-amazonia\"><strong>Fundo Amaz\u00f4nia<\/strong><\/a>&nbsp;e o Fundo Nacional sobre Mudan\u00e7as Clim\u00e1ticas (Fundo Clima).&nbsp;<\/p>\n\n\n\n<p>De acordo com informa\u00e7\u00f5es levantadas pelo grupo, o Fundo Amaz\u00f4nia tem R$ 1,5 bilh\u00e3o parado desde janeiro do ano passado, recurso esse que poderia estar sendo usado para o combate ao desmatamento.&nbsp;&#8220;Com isso, o governo federal, que sempre usa a falta de recursos para justificar a ina\u00e7\u00e3o na pol\u00edtica ambiental e nas a\u00e7\u00f5es voltadas \u00e0 quest\u00e3o clim\u00e1tica, deixa de usar os recursos&#8221;, apontou&nbsp;o grupo em nota divulgada \u00e0 \u00e9poca.&nbsp;<\/p>\n\n\n\n<p>Sobre o Fundo Clima,&nbsp;estabelecido em 2009 para financiar a\u00e7\u00f5es de mitiga\u00e7\u00e3o e adapta\u00e7\u00e3o em suas modalidades, tamb\u00e9m havia uma verba importante dispon\u00edvel que n\u00e3o foi empenhada.&nbsp;<\/p>\n\n\n\n<p>&#8220;Em 2019, havia autoriza\u00e7\u00e3o or\u00e7ament\u00e1ria para aplica\u00e7\u00e3o de R$ 8,050 milh\u00f5es n\u00e3o reembols\u00e1veis no fomento a estudos, projetos e empreendimentos. No fechamento do ano, foram empenhados pouco mais de R$ 718 mil, mas sem registro ainda de liquida\u00e7\u00e3o. Quanto aos recursos reembols\u00e1veis, geridos pelo BNDES, estavam dispon\u00edveis mais de R$ 500 milh\u00f5es, mas s\u00f3 cerca R$ 348 mil foram empenhados&#8221;, relatou&nbsp;o grupo.<\/p>\n","protected":false},"excerpt":{"rendered":"<p>Recursos de mais de R$ 70 milh\u00f5es do Fundo Amaz\u00f4nia que j\u00e1 estavam liberados para o Ibama e mais de R$ 35 milh\u00f5es provenientes da Lava Jato ainda n\u00e3o foram usados este ano, mesmo em meio \u00e0 alta do desmatamento no bioma<\/p>\n","protected":false},"author":1,"featured_media":0,"comment_status":"closed","ping_status":"open","sticky":false,"template":"","format":"standard","meta":{"_exactmetrics_skip_tracking":false,"_exactmetrics_sitenote_active":false,"_exactmetrics_sitenote_note":"","_exactmetrics_sitenote_category":0,"jetpack_post_was_ever_published":false,"_jetpack_newsletter_access":"","_jetpack_dont_email_post_to_subs":false,"_jetpack_newsletter_tier_id":0,"_jetpack_memberships_contains_paywalled_content":false,"_jetpack_memberships_contains_paid_content":false,"footnotes":"","jetpack_publicize_message":"","jetpack_publicize_feature_enabled":true,"jetpack_social_post_already_shared":true,"jetpack_social_options":{"image_generator_settings":{"template":"highway","enabled":false},"version":2}},"categories":[1],"tags":[],"class_list":["post-29272","post","type-post","status-publish","format-standard","hentry","category-notas"],"jetpack_publicize_connections":[],"jetpack_sharing_enabled":true,"jetpack_featured_media_url":"","jetpack_shortlink":"https:\/\/wp.me\/p7wKYW-7C8","jetpack-related-posts":[],"_links":{"self":[{"href":"http:\/\/blogdalucianaoliveira.com.br\/blog\/wp-json\/wp\/v2\/posts\/29272","targetHints":{"allow":["GET"]}}],"collection":[{"href":"http:\/\/blogdalucianaoliveira.com.br\/blog\/wp-json\/wp\/v2\/posts"}],"about":[{"href":"http:\/\/blogdalucianaoliveira.com.br\/blog\/wp-json\/wp\/v2\/types\/post"}],"author":[{"embeddable":true,"href":"http:\/\/blogdalucianaoliveira.com.br\/blog\/wp-json\/wp\/v2\/users\/1"}],"replies":[{"embeddable":true,"href":"http:\/\/blogdalucianaoliveira.com.br\/blog\/wp-json\/wp\/v2\/comments?post=29272"}],"version-history":[{"count":1,"href":"http:\/\/blogdalucianaoliveira.com.br\/blog\/wp-json\/wp\/v2\/posts\/29272\/revisions"}],"predecessor-version":[{"id":29274,"href":"http:\/\/blogdalucianaoliveira.com.br\/blog\/wp-json\/wp\/v2\/posts\/29272\/revisions\/29274"}],"wp:attachment":[{"href":"http:\/\/blogdalucianaoliveira.com.br\/blog\/wp-json\/wp\/v2\/media?parent=29272"}],"wp:term":[{"taxonomy":"category","embeddable":true,"href":"http:\/\/blogdalucianaoliveira.com.br\/blog\/wp-json\/wp\/v2\/categories?post=29272"},{"taxonomy":"post_tag","embeddable":true,"href":"http:\/\/blogdalucianaoliveira.com.br\/blog\/wp-json\/wp\/v2\/tags?post=29272"}],"curies":[{"name":"wp","href":"https:\/\/api.w.org\/{rel}","templated":true}]}}