{"id":29275,"date":"2020-07-25T11:16:48","date_gmt":"2020-07-25T15:16:48","guid":{"rendered":"http:\/\/blogdalucianaoliveira.com.br\/blog\/?p=29275"},"modified":"2020-07-25T11:16:56","modified_gmt":"2020-07-25T15:16:56","slug":"sob-bolsonaro-pf-bate-recorde-de-inqueritos-com-base-em-lei-de-seguranca-nacional","status":"publish","type":"post","link":"http:\/\/blogdalucianaoliveira.com.br\/blog\/2020\/07\/25\/sob-bolsonaro-pf-bate-recorde-de-inqueritos-com-base-em-lei-de-seguranca-nacional\/","title":{"rendered":"Sob Bolsonaro, PF bate recorde de inqu\u00e9ritos com base em Lei de Seguran\u00e7a Nacional"},"content":{"rendered":"\n<figure class=\"wp-block-image size-large\"><img data-recalc-dims=\"1\" loading=\"lazy\" decoding=\"async\" width=\"320\" height=\"300\" data-attachment-id=\"29276\" data-permalink=\"http:\/\/blogdalucianaoliveira.com.br\/blog\/2020\/07\/25\/sob-bolsonaro-pf-bate-recorde-de-inqueritos-com-base-em-lei-de-seguranca-nacional\/image-48-8\/\" data-orig-file=\"https:\/\/i0.wp.com\/blogdalucianaoliveira.com.br\/blog\/wp-content\/uploads\/2020\/07\/image-48.jpeg?fit=320%2C300\" data-orig-size=\"320,300\" data-comments-opened=\"0\" data-image-meta=\"{&quot;aperture&quot;:&quot;0&quot;,&quot;credit&quot;:&quot;&quot;,&quot;camera&quot;:&quot;&quot;,&quot;caption&quot;:&quot;&quot;,&quot;created_timestamp&quot;:&quot;0&quot;,&quot;copyright&quot;:&quot;&quot;,&quot;focal_length&quot;:&quot;0&quot;,&quot;iso&quot;:&quot;0&quot;,&quot;shutter_speed&quot;:&quot;0&quot;,&quot;title&quot;:&quot;&quot;,&quot;orientation&quot;:&quot;0&quot;}\" data-image-title=\"image-48\" data-image-description=\"\" data-image-caption=\"\" data-medium-file=\"https:\/\/i0.wp.com\/blogdalucianaoliveira.com.br\/blog\/wp-content\/uploads\/2020\/07\/image-48.jpeg?fit=300%2C281\" data-large-file=\"https:\/\/i0.wp.com\/blogdalucianaoliveira.com.br\/blog\/wp-content\/uploads\/2020\/07\/image-48.jpeg?fit=320%2C300\" src=\"https:\/\/i0.wp.com\/blogdalucianaoliveira.com.br\/blog\/wp-content\/uploads\/2020\/07\/image-48.jpeg?resize=320%2C300\" alt=\"\" class=\"wp-image-29276\" srcset=\"https:\/\/i0.wp.com\/blogdalucianaoliveira.com.br\/blog\/wp-content\/uploads\/2020\/07\/image-48.jpeg?w=320 320w, https:\/\/i0.wp.com\/blogdalucianaoliveira.com.br\/blog\/wp-content\/uploads\/2020\/07\/image-48.jpeg?resize=300%2C281 300w\" sizes=\"auto, (max-width: 320px) 100vw, 320px\" \/><\/figure>\n\n\n\n<h4 class=\"wp-block-heading\">Em 18 meses, j\u00e1 s\u00e3o 30 investiga\u00e7\u00f5es do tipo, o maior n\u00famero dos \u00faltimos 20 anos<\/h4>\n\n\n\n<!--more-->\n\n\n\n<p>Patrik Camporez, O Estado de S.Paulo<\/p>\n\n\n\n<p>BRAS\u00cdLIA &#8211;\u00a0 De janeiro de 2019 at\u00e9 junho deste ano, a Pol\u00edcia Federal j\u00e1 abriu 30 inqu\u00e9ritos com base na\u00a0<strong><a href=\"https:\/\/tudo-sobre.estadao.com.br\/lei-de-seguranca-nacional\">Lei de Seguran\u00e7a Nacional\u00a0<\/a><\/strong>(LSN). Nos \u00faltimos 20 anos do per\u00edodo democr\u00e1tico, esse \u00e9 o maior n\u00famero de procedimentos instaurados utilizando o instrumento jur\u00eddico que a\u00a0<strong>ditadura militar<\/strong>\u00a0impunha para silenciar seus opositores. Somente nos primeiros seis meses de 2020, 11 inqu\u00e9ritos foram abertos com base na lei.<\/p>\n\n\n\n<p>Por se tratar de uma lei que deveria ser usada contra aqueles que atentam contra o estado de direito, a&nbsp;<strong>Lei de Seguran\u00e7a Nacional&nbsp;<\/strong>prev\u00ea penas mais duras, que v\u00e3o de 3 a 30 anos de deten\u00e7\u00e3o, do que o C\u00f3digo Penal. Especialistas afirmam que o uso da lei tem ainda um peso simb\u00f3lico: \u00e9 o Estado condenando aqueles que estariam atentando contra sua p\u00e1tria.&nbsp;<\/p>\n\n\n\n<p>A PF n\u00e3o revela de onde partiu cada solicita\u00e7\u00e3o de abertura de investiga\u00e7\u00e3o \u2013 se da Procuradoria-Geral da Rep\u00fablica, da Presid\u00eancia ou do Minist\u00e9rio da Justi\u00e7a, por exemplo. Mas os dados mostram como o n\u00famero aumentou desde que&nbsp;<strong><a href=\"https:\/\/tudo-sobre.estadao.com.br\/jair-bolsonaro\">Jair Bolsonaro<\/a><\/strong>&nbsp;assumiu o governo, em janeiro de 2019. Nos oito anos da gest\u00e3o de<strong><a href=\"https:\/\/tudo-sobre.estadao.com.br\/lula-luiz-inacio-lula-da-silva\">&nbsp;Luiz In\u00e1cio Lula da Silva<\/a><\/strong>&nbsp;(2003-2010) foram instaurados 29 inqu\u00e9ritos com base nessa legisla\u00e7\u00e3o. Sob Bolsonaro, em um ano e meio, a PF abriu 30.&nbsp;<\/p>\n\n\n\n<p>O alvo mais recente foi o ministro\u00a0<strong><a href=\"https:\/\/tudo-sobre.estadao.com.br\/gilmar-mendes\">Gilmar Mendes<\/a><\/strong>, do Supremo Tribunal Federal (<strong><a href=\"https:\/\/tudo-sobre.estadao.com.br\/stf-supremo-tribunal-federal\">STF<\/a><\/strong>).\u00a0<strong><a href=\"https:\/\/politica.estadao.com.br\/blogs\/fausto-macedo\/exercito-esta-se-associando-a-um-genocidio-diz-gilmar-mendes-sobre-crise-na-saude\/\">Gilmar disse que o Ex\u00e9rcito est\u00e1 se associando a um \u201cgenoc\u00eddio\u201d<\/a><\/strong>\u00a0ao se referir \u00e0 crise sanit\u00e1ria instalada no Pa\u00eds com a pandemia do novo\u00a0<strong><a href=\"https:\/\/tudo-sobre.estadao.com.br\/coronavirus\">coronav\u00edrus<\/a><\/strong>.\u00a0<strong><a href=\"https:\/\/politica.estadao.com.br\/blogs\/fausto-macedo\/ministro-da-defesa-envia-representacao-a-pgr-contra-gilmar-por-associar-exercito-a-genocidio\/\">O pedido partiu do Minist\u00e9rio da Defesa<\/a><\/strong>. O caso foi levado \u00e0 PGR, que pode solicitar que a PF abra mais um inqu\u00e9rito com base na Lei de Seguran\u00e7a Nacional.<\/p>\n\n\n\n<h1 class=\"wp-block-heading\">Compara\u00e7\u00e3o<\/h1>\n\n\n\n<p>N\u00famero de inqu\u00e9ritos instaurados com base na Lei de Seguran\u00e7a Nacional, segundo dados obtidos na Pol\u00edcia Federal.<\/p>\n\n\n\n<figure class=\"wp-block-image size-large\"><img loading=\"lazy\" decoding=\"async\" width=\"828\" height=\"1269\" data-attachment-id=\"29277\" data-permalink=\"http:\/\/blogdalucianaoliveira.com.br\/blog\/2020\/07\/25\/sob-bolsonaro-pf-bate-recorde-de-inqueritos-com-base-em-lei-de-seguranca-nacional\/045444c4-36a4-40cb-a468-110154196763\/\" data-orig-file=\"https:\/\/i0.wp.com\/blogdalucianaoliveira.com.br\/blog\/wp-content\/uploads\/2020\/07\/045444C4-36A4-40CB-A468-110154196763.jpeg?fit=828%2C1269\" data-orig-size=\"828,1269\" data-comments-opened=\"0\" data-image-meta=\"{&quot;aperture&quot;:&quot;0&quot;,&quot;credit&quot;:&quot;&quot;,&quot;camera&quot;:&quot;&quot;,&quot;caption&quot;:&quot;&quot;,&quot;created_timestamp&quot;:&quot;0&quot;,&quot;copyright&quot;:&quot;&quot;,&quot;focal_length&quot;:&quot;0&quot;,&quot;iso&quot;:&quot;0&quot;,&quot;shutter_speed&quot;:&quot;0&quot;,&quot;title&quot;:&quot;&quot;,&quot;orientation&quot;:&quot;1&quot;}\" data-image-title=\"045444C4-36A4-40CB-A468-110154196763\" data-image-description=\"\" data-image-caption=\"\" data-medium-file=\"https:\/\/i0.wp.com\/blogdalucianaoliveira.com.br\/blog\/wp-content\/uploads\/2020\/07\/045444C4-36A4-40CB-A468-110154196763.jpeg?fit=196%2C300\" data-large-file=\"https:\/\/i0.wp.com\/blogdalucianaoliveira.com.br\/blog\/wp-content\/uploads\/2020\/07\/045444C4-36A4-40CB-A468-110154196763.jpeg?fit=600%2C920\" src=\"https:\/\/i1.wp.com\/blogdalucianaoliveira.com.br\/blog\/wp-content\/uploads\/2020\/07\/045444C4-36A4-40CB-A468-110154196763.jpeg?fit=600%2C920\" alt=\"\" class=\"wp-image-29277\" srcset=\"https:\/\/i0.wp.com\/blogdalucianaoliveira.com.br\/blog\/wp-content\/uploads\/2020\/07\/045444C4-36A4-40CB-A468-110154196763.jpeg?w=828 828w, https:\/\/i0.wp.com\/blogdalucianaoliveira.com.br\/blog\/wp-content\/uploads\/2020\/07\/045444C4-36A4-40CB-A468-110154196763.jpeg?resize=196%2C300 196w, https:\/\/i0.wp.com\/blogdalucianaoliveira.com.br\/blog\/wp-content\/uploads\/2020\/07\/045444C4-36A4-40CB-A468-110154196763.jpeg?resize=668%2C1024 668w, https:\/\/i0.wp.com\/blogdalucianaoliveira.com.br\/blog\/wp-content\/uploads\/2020\/07\/045444C4-36A4-40CB-A468-110154196763.jpeg?resize=768%2C1177 768w\" sizes=\"auto, (max-width: 600px) 100vw, 600px\" \/><\/figure>\n\n\n\n<p>Em junho,&nbsp;<strong><a href=\"https:\/\/politica.estadao.com.br\/noticias\/geral,com-aval-de-bolsonaro-mendonca-pede-que-pgr-e-pf-investiguem-postagem-de-jornalista,70003334406\">o ministro da Justi\u00e7a, Andr\u00e9 Mendon\u00e7a, mandou a PF investigar o cartunista Renato Aroeira por uma charge<\/a><\/strong>. A abertura da apura\u00e7\u00e3o foi informada pelo Twitter. \u201cSolicitei \u00e0 Pol\u00edcia Federal e \u00e0 PGR abertura de inqu\u00e9rito para investigar publica\u00e7\u00e3o reproduzida no Twitter Blog do Noblat, com alus\u00e3o da su\u00e1stica nazista ao presidente Jair Bolsonaro\u201d, dizia a postagem de Mendon\u00e7a, compartilhada pelo presidente.&nbsp;<\/p>\n\n\n\n<p><strong><a href=\"https:\/\/politica.estadao.com.br\/noticias\/geral,sou-mais-um-aterrorizado-do-que-um-terrorista-diz-autor-de-charge-de-bolsonaro,70003335254\">Aroeira criticou a \u201cinconsequ\u00eancia do governo\u201d<\/a><\/strong>. \u201cFiquei muito tenso, porque, apesar de j\u00e1 ter sido processado, \u00e9 a primeira vez que sou questionado pelo Estado. Nem na ditadura isso aconteceu. At\u00e9 ent\u00e3o, eu tive processos partindo de personalidades, autoridades, governadores, o escambau. Mas \u00e9 a primeira vez que viro inimigo p\u00fablico. Isso me deixou angustiado e nervoso\u201d, disse o cartunista ao&nbsp;<strong>Estad\u00e3o.<\/strong><\/p>\n\n\n\n<p>A charge mostra uma cruz vermelha com as extremidades pintadas de preto. Bolsonaro aparece ao lado do s\u00edmbolo nazista, segurando uma lata de tinta preta.&nbsp;<\/p>\n\n\n\n<h3 class=\"wp-block-heading\">\u2018Excessos\u2019<\/h3>\n\n\n\n<p>Professor de Direito Penal da Universidade de S\u00e3o Paulo (USP), o advogado&nbsp;<strong>Pierpaolo Cruz Bottini&nbsp;<\/strong>classificou a&nbsp;<strong>Lei de Seguran\u00e7a Nacional<\/strong>&nbsp;como \u201centulho autorit\u00e1rio\u201d e alegou que o governo tem cometido \u201cexcessos\u201d ao usar a regra contra cr\u00edticos e opositores.<\/p>\n\n\n\n<p>\u201cO uso contra liberdade de express\u00e3o \u00e9 uma forma de intimidar, restringir, limitar o pensamento. Temos instrumentos para proteger a honra e at\u00e9 a ordem p\u00fablica, no caso de incita\u00e7\u00e3o ao \u00f3dio. Tem um C\u00f3digo Penal para isso\u201d, disse o advogado.<\/p>\n\n\n\n<p>Na avalia\u00e7\u00e3o de Bottini, a LSN \u00e9 \u201cincompat\u00edvel\u201d com a Constitui\u00e7\u00e3o de 1988 e com o estado democr\u00e1tico de direito. \u201c\u00c9 inconstitucional, precisa ser remodelada ou revogada, pois prev\u00ea uma s\u00e9rie de crimes que n\u00e3o fazem sentido. Um exemplo \u00e9 o crime contra a honra do presidente da Rep\u00fablica, como se ele fosse diferente dos outros cidad\u00e3os\u201d, destacou.<\/p>\n\n\n\n<p>A&nbsp;<strong>Lei da Seguran\u00e7a Nacional<\/strong>&nbsp;foi sancionada pelo presidente Jo\u00e3o Figueiredo em 1983, durante a ditadura, para listar crimes que afetam a ordem pol\u00edtica e social. A lista inclui aqueles cometidos contra a democracia, a soberania nacional, as institui\u00e7\u00f5es e a pessoa do presidente.&nbsp;<\/p>\n\n\n\n<p>No atual governo, a lei muitas vezes n\u00e3o \u00e9 efetivamente aplicada nem d\u00e1 origem a inqu\u00e9rito na PF. O dispositivo, no entanto, tem sido usado para paralisar qualquer atitude cr\u00edtica ao governo. H\u00e1 um m\u00eas, servidores lotados no gabinete do ministro interino da Sa\u00fade, Eduardo Pazuello, foram obrigados a assinar um termo de sigilo sob a amea\u00e7a de serem enquadrados na LSN.&nbsp;Todos foram alertados de que, na situa\u00e7\u00e3o de emerg\u00eancia vivida com a pandemia, \u201ca divulga\u00e7\u00e3o de imagens e informa\u00e7\u00f5es poderia comprometer a soberania, integridade e democracia\u201d.&nbsp;<\/p>\n\n\n\n<p>Procurados pelo&nbsp;<strong>Estad\u00e3o<\/strong>&nbsp;por quatro vezes, Planalto, Casa Civil e Minist\u00e9rio da Justi\u00e7a n\u00e3o quiseram se manifestar.<\/p>\n","protected":false},"excerpt":{"rendered":"<p>Em 18 meses, j\u00e1 s\u00e3o 30 investiga\u00e7\u00f5es do tipo, o maior n\u00famero dos \u00faltimos 20 anos<\/p>\n","protected":false},"author":1,"featured_media":0,"comment_status":"closed","ping_status":"open","sticky":false,"template":"","format":"standard","meta":{"_exactmetrics_skip_tracking":false,"_exactmetrics_sitenote_active":false,"_exactmetrics_sitenote_note":"","_exactmetrics_sitenote_category":0,"jetpack_post_was_ever_published":false,"_jetpack_newsletter_access":"","_jetpack_dont_email_post_to_subs":false,"_jetpack_newsletter_tier_id":0,"_jetpack_memberships_contains_paywalled_content":false,"_jetpack_memberships_contains_paid_content":false,"footnotes":"","jetpack_publicize_message":"","jetpack_publicize_feature_enabled":true,"jetpack_social_post_already_shared":true,"jetpack_social_options":{"image_generator_settings":{"template":"highway","enabled":false},"version":2}},"categories":[1],"tags":[],"class_list":["post-29275","post","type-post","status-publish","format-standard","hentry","category-notas"],"jetpack_publicize_connections":[],"jetpack_sharing_enabled":true,"jetpack_featured_media_url":"","jetpack_shortlink":"https:\/\/wp.me\/p7wKYW-7Cb","jetpack-related-posts":[],"_links":{"self":[{"href":"http:\/\/blogdalucianaoliveira.com.br\/blog\/wp-json\/wp\/v2\/posts\/29275","targetHints":{"allow":["GET"]}}],"collection":[{"href":"http:\/\/blogdalucianaoliveira.com.br\/blog\/wp-json\/wp\/v2\/posts"}],"about":[{"href":"http:\/\/blogdalucianaoliveira.com.br\/blog\/wp-json\/wp\/v2\/types\/post"}],"author":[{"embeddable":true,"href":"http:\/\/blogdalucianaoliveira.com.br\/blog\/wp-json\/wp\/v2\/users\/1"}],"replies":[{"embeddable":true,"href":"http:\/\/blogdalucianaoliveira.com.br\/blog\/wp-json\/wp\/v2\/comments?post=29275"}],"version-history":[{"count":1,"href":"http:\/\/blogdalucianaoliveira.com.br\/blog\/wp-json\/wp\/v2\/posts\/29275\/revisions"}],"predecessor-version":[{"id":29278,"href":"http:\/\/blogdalucianaoliveira.com.br\/blog\/wp-json\/wp\/v2\/posts\/29275\/revisions\/29278"}],"wp:attachment":[{"href":"http:\/\/blogdalucianaoliveira.com.br\/blog\/wp-json\/wp\/v2\/media?parent=29275"}],"wp:term":[{"taxonomy":"category","embeddable":true,"href":"http:\/\/blogdalucianaoliveira.com.br\/blog\/wp-json\/wp\/v2\/categories?post=29275"},{"taxonomy":"post_tag","embeddable":true,"href":"http:\/\/blogdalucianaoliveira.com.br\/blog\/wp-json\/wp\/v2\/tags?post=29275"}],"curies":[{"name":"wp","href":"https:\/\/api.w.org\/{rel}","templated":true}]}}