{"id":29281,"date":"2020-07-26T06:58:19","date_gmt":"2020-07-26T10:58:19","guid":{"rendered":"http:\/\/blogdalucianaoliveira.com.br\/blog\/?p=29281"},"modified":"2020-07-26T06:58:24","modified_gmt":"2020-07-26T10:58:24","slug":"vamos-dar-golpe-em-quem-quisermos-diz-elon-musk-dono-da-tesla-sobre-a-bolivia","status":"publish","type":"post","link":"http:\/\/blogdalucianaoliveira.com.br\/blog\/2020\/07\/26\/vamos-dar-golpe-em-quem-quisermos-diz-elon-musk-dono-da-tesla-sobre-a-bolivia\/","title":{"rendered":"&#8220;Vamos dar golpe em quem quisermos&#8221;, diz Elon Musk, dono da Tesla, sobre a Bol\u00edvia"},"content":{"rendered":"\n<figure class=\"wp-block-image size-large\"><img data-recalc-dims=\"1\" loading=\"lazy\" decoding=\"async\" width=\"600\" height=\"450\" data-attachment-id=\"29282\" data-permalink=\"http:\/\/blogdalucianaoliveira.com.br\/blog\/2020\/07\/26\/vamos-dar-golpe-em-quem-quisermos-diz-elon-musk-dono-da-tesla-sobre-a-bolivia\/image-49-8\/\" data-orig-file=\"https:\/\/i0.wp.com\/blogdalucianaoliveira.com.br\/blog\/wp-content\/uploads\/2020\/07\/image-49.jpeg?fit=1000%2C750\" data-orig-size=\"1000,750\" data-comments-opened=\"0\" data-image-meta=\"{&quot;aperture&quot;:&quot;0&quot;,&quot;credit&quot;:&quot;&quot;,&quot;camera&quot;:&quot;&quot;,&quot;caption&quot;:&quot;&quot;,&quot;created_timestamp&quot;:&quot;0&quot;,&quot;copyright&quot;:&quot;&quot;,&quot;focal_length&quot;:&quot;0&quot;,&quot;iso&quot;:&quot;0&quot;,&quot;shutter_speed&quot;:&quot;0&quot;,&quot;title&quot;:&quot;&quot;,&quot;orientation&quot;:&quot;0&quot;}\" data-image-title=\"image-49\" data-image-description=\"\" data-image-caption=\"\" data-medium-file=\"https:\/\/i0.wp.com\/blogdalucianaoliveira.com.br\/blog\/wp-content\/uploads\/2020\/07\/image-49.jpeg?fit=300%2C225\" data-large-file=\"https:\/\/i0.wp.com\/blogdalucianaoliveira.com.br\/blog\/wp-content\/uploads\/2020\/07\/image-49.jpeg?fit=600%2C450\" src=\"https:\/\/i0.wp.com\/blogdalucianaoliveira.com.br\/blog\/wp-content\/uploads\/2020\/07\/image-49.jpeg?resize=600%2C450\" alt=\"\" class=\"wp-image-29282\" srcset=\"https:\/\/i0.wp.com\/blogdalucianaoliveira.com.br\/blog\/wp-content\/uploads\/2020\/07\/image-49.jpeg?w=1000 1000w, https:\/\/i0.wp.com\/blogdalucianaoliveira.com.br\/blog\/wp-content\/uploads\/2020\/07\/image-49.jpeg?resize=300%2C225 300w, https:\/\/i0.wp.com\/blogdalucianaoliveira.com.br\/blog\/wp-content\/uploads\/2020\/07\/image-49.jpeg?resize=768%2C576 768w, https:\/\/i0.wp.com\/blogdalucianaoliveira.com.br\/blog\/wp-content\/uploads\/2020\/07\/image-49.jpeg?resize=400%2C300 400w\" sizes=\"auto, (max-width: 600px) 100vw, 600px\" \/><\/figure>\n\n\n\n<p>No twitter, bilion\u00e1rio respondeu provoca\u00e7\u00e3o sobre interesse em derrubar Evo Morales para ter acesso a l\u00edtio boliviano.<\/p>\n\n\n\n<!--more-->\n\n\n\n<p>Vijay Prashad, Brasil de Fato<\/p>\n\n\n\n<p><br>Na sexta-feira (24)\u00a0Elon Musk,\u00a0diretor da Tesla, escreveu no Twitter\u00a0<a href=\"https:\/\/twitter.com\/elonmusk\/status\/1286866843307737088?ref_src=twsrc%5Etfw%7Ctwcamp%5Etweetembed%7Ctwterm%5E1286866843307737088%7Ctwgr%5E&amp;ref_url=https%3A%2F%2Fwww.diariodocentrodomundo.com.br%2Fvamos-dar-golpe-em-quem-quisermos-lide-com-isso-admite-elon-musk-sobre-a-bolivia%2F\">\u201cVamos dar golpe em quem quisermos! Lide com isso\u201d,<\/a>\u00a0em resposta a uma\u00a0postagem enviada ao bilion\u00e1rio sobre o seu interesse e dos Estados Unidos em tirar o ex-presidente boliviano Evo Morales do poder.<\/p>\n\n\n\n<p>O tu\u00edte que provou Musk dizia:&nbsp;\u201cVoc\u00ea sabe o que n\u00e3o interessa \u00e0s pessoas? O governo dos EUA organizando um golpe contra Evo Morales na Bol\u00edvia para que voc\u00ea possa obter l\u00edtio l\u00e1\u201d.<\/p>\n\n\n\n<p>Elon Musk&nbsp;quer construir uma f\u00e1brica de carros el\u00e9tricos no Brasil. Ele deveria ter se encontrado com Jair Bolsonaro (sem partido) em Miami no in\u00edcio de mar\u00e7o deste ano, mas estava muito ocupado&nbsp;e&nbsp;deve vir ao Brasil em algum momento deste ano. Toda sua aten\u00e7\u00e3o est\u00e1 focada no estado de Santa Catarina, cujo secret\u00e1rio de rela\u00e7\u00f5es internacionais, Derian Campos, est\u00e1 em contato direto com Musk.<\/p>\n\n\n\n<p>Dois fabricantes de autom\u00f3veis \u2013 BMW e General Motors \u2013 j\u00e1 t\u00eam f\u00e1bricas em Santa Catarina. O Ministro de Ci\u00eancia, Comunica\u00e7\u00e3o, Inova\u00e7\u00e3o e Tecnologia,&nbsp;Marcos Pontes, teve uma videoconfer\u00eancia com Anderson Ricardo Pacheco, um executivo de alto escal\u00e3o da Tesla. Com eles, estavam Daniel Freitas, um deputado, e Claiton Pacheco Galdino, diretor comercial da cidade de Crici\u00fama. Eles esperam que a Tesla construa uma &#8220;giga-f\u00e1brica&#8221; \u2013 nome que a empresa d\u00e1 a f\u00e1bricas grandes \u2013 na maior economia latino-americana.<\/p>\n\n\n\n<p>Ajuda muito o fato de que o Brasil possui dep\u00f3sitos consider\u00e1veis de l\u00edtio \u2013 a maioria nos estados de Minas Gerais, Para\u00edba, Cear\u00e1 e Rio Grande do Norte. A produ\u00e7\u00e3o de l\u00edtio \u00e9 limitada, em grande parte usada na produ\u00e7\u00e3o de cer\u00e2micos e vidro. O governo Bolsonaro tem interesse em aumentar a produ\u00e7\u00e3o do min\u00e9rio, inclusive como um material essencial para as baterias de l\u00edtio \u00edon que abastecem carros el\u00e9tricos como os da Tesla. Por\u00e9m, o l\u00edtio brasileiro n\u00e3o ser\u00e1 suficiente. A Tesla vai ter que importar de outros lugares.<\/p>\n\n\n\n<p>O tri\u00e2ngulo do l\u00edtio<\/p>\n\n\n\n<p>Mais de 50% dos dep\u00f3sitos de l\u00edtio globais se encontram no \u201cTri\u00e2ngulo do L\u00edtio\u201d &#8211; com fontes do material concentradas na Argentina, Bol\u00edvia e Chile. Os desertos montanhosos da Bol\u00edvia \u2013 o Salar de Uyuni \u2013 t\u00eam de longe as maiores reservas conhecidas.<\/p>\n\n\n\n<p>Num&nbsp;<em>tweet<\/em>&nbsp;bizarro, o empreendedor boliviano Samuel Doria Medina disse que j\u00e1 que Bolsonaro e Musk est\u00e3o discutindo a abertura de uma f\u00e1brica da Tesla no Brasil, deveriam acrescentar nessa iniciativa o seguinte: \u201cconstruir uma giga f\u00e1brica no Salar de Uyuni para fornecer baterias de l\u00edtio\u201d.<\/p>\n\n\n\n<p>Doria Medina n\u00e3o \u00e9 apenas um empres\u00e1rio. Ele \u00e9 candidato a vice-presidente ao lado da \u201cpresidente interina\u201d&nbsp;<a href=\"https:\/\/www.brasildefato.com.br\/2019\/11\/12\/golpe-na-bolivia-senadora-opositora-jeanine-anez-se-autoproclama-presidenta\">Jeanine \u00c1\u00f1ez<\/a>&nbsp;para as elei\u00e7\u00f5es presidenciais do dia 3 de maio de 2020. \u00c1\u00f1ez s\u00f3 chegou ao poder depois do<a href=\"https:\/\/www.brasildefato.com.br\/2019\/11\/21\/o-golpe-na-bolivia-tem-a-ver-com-a-tela-que-voce-esta-usando-para-ler-este-artigo\">&nbsp;golpe de estado contra Evo Morales&nbsp;<\/a>em novembro de 2019. Logo, as boas vindas de Doria Medina para a Tesla&nbsp;devem ser vistas como tendo a autoridade do governo golpista por tr\u00e1s delas.<\/p>\n\n\n\n<p><a href=\"https:\/\/www.brasildefato.com.br\/2019\/11\/13\/artigo-or-o-litio-da-bolivia-e-a-urgencia-de-um-golpe\"><strong>::As multinacionais, o valioso l\u00edtio da Bol\u00edvia e a urg\u00eancia de um golpe::<\/strong><\/a><\/p>\n\n\n\n<p>O governo Morales teve muita cautela com essas reservas de l\u00edtio. Tinha deixado claro que esses recursos preciosos n\u00e3o deveriam ser entregues \u00e0s multinacionais, com acordos favorecendo as empresas. Qualquer lucro vindo do l\u00edtio, Morales afirmava, deve ser compartilhado adequadamente com o povo Boliviano.<\/p>\n\n\n\n<p>O ponto principal da fala de Morales \u00e9 que qualquer acordo deve ser feito em conjunto com a Comibol \u2013 a mineradora estatal Boliviana \u2013 e Yacimentos de L\u00edtio \u2013 produtora de l\u00edtio estatal. Os ganhos monet\u00e1rios vindos da minera\u00e7\u00e3o deveriam entrar para os cofres p\u00fablicos, e depois utilizados para financiar os programas sociais t\u00e3o necess\u00e1rios no pa\u00eds. Essa pol\u00edtica socialista foi demais para tr\u00eas grandes multinacionais \u2013 Eramet (Fran\u00e7a), FMC (Estados Unidos) e Posco da Cor\u00e9ia do Sul. As tr\u00eas se retiraram e foram para a Argentina.<\/p>\n\n\n\n<p>O golpe do l\u00edtio<\/p>\n\n\n\n<p><a href=\"https:\/\/www.brasildefato.com.br\/2019\/11\/13\/artigo-or-o-litio-da-bolivia-e-a-urgencia-de-um-golpe\">As pol\u00edticas socialistas de Morales sobre os recursos naturais Bolivianos foram a morte de seu governo<\/a>. A oligarquia, que estava brava com o governo Morales e seu socialismo, utilizou qualquer mecanismo poss\u00edvel para subverter as elei\u00e7\u00f5es de 2019. Inc\u00eandios florestais no norte e leste do pa\u00eds, deram \u00e0 m\u00eddia da oligarquia o pretexto para sugerir que Morales havia abandonado seu compromisso com o meio ambiente e a Pachamama (m\u00e3e natureza), e que ele estava trabalhando para beneficiar pecuaristas. \u00c9 importante apontar que isso n\u00e3o \u00e9 apenas rid\u00edculo, mas que assim que o governo \u00c1\u00f1ez tomou o poder, passou legisla\u00e7\u00e3o permitindo que esses mesmos pecuaristas, estendessem suas terras para dentro de \u00e1reas florestadas.<\/p>\n\n\n\n<p>O oponente de Morales \u2013 Carlos Mesa \u2013 e outros membros de partidos pol\u00edticos da oligarquia, abertamente falavam bem antes das elei\u00e7\u00f5es que Evo s\u00f3 ganharia atrav\u00e9s de fraude. O auto-denominado Conselho de Defesa da Democracia disse que Evo Morales era um presidente sem legitimidade, pois tinha perco o referendo constitucional de 2016. A m\u00eddia, apoiada por esses interesses corporativos e neofacistas, empurravam a pauta de fraude, enquanto Carlos Mesa, na noite da elei\u00e7\u00e3o, disse que houve \u201cfraude monumental\u201d.<\/p>\n\n\n\n<p>Essas provoca\u00e7\u00f5es por parte de Mesa, os neofacistas, e a elite corporativa resultaram em viol\u00eancia nas ruas; no meio disso, a pol\u00edcia, que tinha alguns setores irritados com os esfor\u00e7os anti corrup\u00e7\u00e3o policial de Evo Morales, fez um motim. Os 36 Bolivianos que morreram na viol\u00eancia ocorrida logo ap\u00f3s a elei\u00e7\u00e3o, s\u00e3o v\u00edtimas do discurso inflamat\u00f3rio de Carlos Mesa. A Organiza\u00e7\u00e3o de Estados Americanos (OEA), incentivada pelo governo estadunidense,<a href=\"https:\/\/www.brasildefato.com.br\/2019\/11\/13\/artigo-or-o-litio-da-bolivia-e-a-urgencia-de-um-golpe\">&nbsp;divulgou um \u201crelat\u00f3rio preliminar\u201d de fraude na elei\u00e7\u00e3o<\/a>: as fortes conclus\u00f5es do relat\u00f3rio n\u00e3o eram substanciadas pelas informa\u00e7\u00f5es nele contido. O relat\u00f3rio foi uma pe\u00e7a importante em legitimar o golpe contra Morales.<\/p>\n\n\n\n<p>\u00c9 importante destacar que n\u00e3o houve controv\u00e9rsia sobre a elei\u00e7\u00e3o de Morales em 2014; naquela elei\u00e7\u00e3o ele ganhou 61% dos&nbsp;votos derrotando o empres\u00e1rio Samuel Doria Medina, que obteve 24% (Doria Medina \u00e9 a mesma pessoa concorrendo \u00e0 vice-presid\u00eancia e entregando o l\u00edtio boliviano \u00e0 Tesla). O mandato de Evo Morales de 2014 ainda n\u00e3o tinha terminado em Novembro de 2019; a sua remo\u00e7\u00e3o viola o mandato de 2014, algo quase nunca sendo discutido dentro ou fora da Bol\u00edvia.<\/p>\n\n\n\n<p>John Curiel e Jack Williams do Laborat\u00f3ria de Informa\u00e7\u00e3o e Ci\u00eancia Eleitoral do Massachusetts Institute of Technology (MIT) estudaram os dados das elei\u00e7\u00f5es Bolivianas e n\u00e3o encontraram ind\u00edcios de fraude: \u201cN\u00e3o encontramos nenhuma evid\u00eancia estat\u00edstica de fraude,\u201d eles escreveram conclusivamente no Washington Post. Curiel e Williams entraram em contato com a OAS e notam, \u201cN\u00f3s e outros acad\u00eamicos tentamos contatar a OAS; eles n\u00e3o responderam\u201d. Baseados em sua an\u00e1lise, eles acreditam que Morales ganhou a elei\u00e7\u00e3o de 2019 e deveria ter come\u00e7ado um novo termo esse ano.<\/p>\n\n\n\n<p>Incr\u00edvel press\u00e3o do governo golpista contra o partido de Morales (Movimento para o Socialismo, ou MAS)- e ao mesmo tempo a presen\u00e7a de monitores da Usaid e um dirigente da comiss\u00e3o eleitoral apontado pelos Estados Unidos, Salvador Romero \u2013 sugerem que as elei\u00e7\u00f5es do dia 3 de maio n\u00e3o ser\u00e3o nem um pouco transparentes; provavelmente favorecendo o governo golpista, incluindo o empreendedor que quer vender o l\u00edtio Boliviano para a Tesla de Elon Musk, e o Brasil de Jair Bolsonaro.<\/p>\n\n\n\n<p>Um mundo de l\u00edtio<\/p>\n\n\n\n<p>Em 2019 um estudo da Bloomberg New Energy Finances sobre o armazenamento de energia, antecipou que at\u00e9 2030, o pre\u00e7o de baterias de l\u00edtio \u00edon deve cair dramaticamente, e consequentemente, energias renov\u00e1veis (solar e e\u00f3lica), e armazenamento de energia em baterias crescer\u00e1 exponencialmente. Existe a expectativa que at\u00e9 2040 energias renov\u00e1veis representar\u00e3o 40% do consumo de energia global, contra os 7% que atualmente produzem. Para isso ocorrer, a demanda para o armazenamento de energia vai aumentar. \u201cAcreditamos que a demanda total de baterias para itens est\u00e1ticos e transporte el\u00e9trico em 2040, vai ser de 4584 Gwh (horas gigawatt), escrevem os analistas da&nbsp;<em>Bloomberg<\/em>, \u201ccriando uma enorme oportunidade para fabricantes de baterias, e mineradores de materiais base como l\u00edtio, cobalto e n\u00edquel\u201d. O uso atual \u00e9 de apenas 17GWh.<\/p>\n\n\n\n<p>A ideia central aqui \u00e9 enfatizar, que isso vai criar \u201cuma enorme oportunidade\u201d para \u201cmineradores de materiais base como l\u00edtio, cobalto e n\u00edquel\u201d. Quando os analistas da Bloomberg usam palavras como \u201cmineradores\u201d, eles n\u00e3o est\u00e3o se referindo aos mineradores bolivianos, ou aos mineradores congoleses, mas sim \u00e0s multinacionais, como a Tesla, e seu chefe Elon Musk. Se depender da Bloomberg e da \u00c1\u00f1ez, a Am\u00e9rica do Sul n\u00e3o deve mais seguir o projeto de recursos nacionalista de Evo Morales; essa \u00e9 a Am\u00e9rica do Sul de Elon Musk, um lugar para os Neo Conquistadores ganharem dinheiro, e deixarem pra tr\u00e1s a carnificina social.<\/p>\n\n\n\n<p><em>*Vijay Prashad \u00e9 um historiador, jornalista e editor indiano.&nbsp;<br><br>*Alejandro Bejarano \u00e9 um m\u00fasico boliviano, cineasta, e gerente de redes sociais<\/em><\/p>\n\n\n\n<p><em>Texto atualizado 25\/07\/2020<\/em><\/p>\n\n\n\n<p>Edi\u00e7\u00e3o: Lucas Weber<\/p>\n","protected":false},"excerpt":{"rendered":"<p>No twitter, bilion\u00e1rio respondeu provoca\u00e7\u00e3o sobre interesse em derrubar Evo Morales para ter acesso a l\u00edtio boliviano.<\/p>\n","protected":false},"author":1,"featured_media":0,"comment_status":"closed","ping_status":"open","sticky":false,"template":"","format":"standard","meta":{"_exactmetrics_skip_tracking":false,"_exactmetrics_sitenote_active":false,"_exactmetrics_sitenote_note":"","_exactmetrics_sitenote_category":0,"jetpack_post_was_ever_published":false,"_jetpack_newsletter_access":"","_jetpack_dont_email_post_to_subs":false,"_jetpack_newsletter_tier_id":0,"_jetpack_memberships_contains_paywalled_content":false,"_jetpack_memberships_contains_paid_content":false,"footnotes":"","jetpack_publicize_message":"","jetpack_publicize_feature_enabled":true,"jetpack_social_post_already_shared":true,"jetpack_social_options":{"image_generator_settings":{"template":"highway","enabled":false},"version":2}},"categories":[1],"tags":[],"class_list":["post-29281","post","type-post","status-publish","format-standard","hentry","category-notas"],"jetpack_publicize_connections":[],"jetpack_sharing_enabled":true,"jetpack_featured_media_url":"","jetpack_shortlink":"https:\/\/wp.me\/p7wKYW-7Ch","jetpack-related-posts":[],"_links":{"self":[{"href":"http:\/\/blogdalucianaoliveira.com.br\/blog\/wp-json\/wp\/v2\/posts\/29281","targetHints":{"allow":["GET"]}}],"collection":[{"href":"http:\/\/blogdalucianaoliveira.com.br\/blog\/wp-json\/wp\/v2\/posts"}],"about":[{"href":"http:\/\/blogdalucianaoliveira.com.br\/blog\/wp-json\/wp\/v2\/types\/post"}],"author":[{"embeddable":true,"href":"http:\/\/blogdalucianaoliveira.com.br\/blog\/wp-json\/wp\/v2\/users\/1"}],"replies":[{"embeddable":true,"href":"http:\/\/blogdalucianaoliveira.com.br\/blog\/wp-json\/wp\/v2\/comments?post=29281"}],"version-history":[{"count":1,"href":"http:\/\/blogdalucianaoliveira.com.br\/blog\/wp-json\/wp\/v2\/posts\/29281\/revisions"}],"predecessor-version":[{"id":29283,"href":"http:\/\/blogdalucianaoliveira.com.br\/blog\/wp-json\/wp\/v2\/posts\/29281\/revisions\/29283"}],"wp:attachment":[{"href":"http:\/\/blogdalucianaoliveira.com.br\/blog\/wp-json\/wp\/v2\/media?parent=29281"}],"wp:term":[{"taxonomy":"category","embeddable":true,"href":"http:\/\/blogdalucianaoliveira.com.br\/blog\/wp-json\/wp\/v2\/categories?post=29281"},{"taxonomy":"post_tag","embeddable":true,"href":"http:\/\/blogdalucianaoliveira.com.br\/blog\/wp-json\/wp\/v2\/tags?post=29281"}],"curies":[{"name":"wp","href":"https:\/\/api.w.org\/{rel}","templated":true}]}}