{"id":29284,"date":"2020-07-26T16:28:48","date_gmt":"2020-07-26T20:28:48","guid":{"rendered":"http:\/\/blogdalucianaoliveira.com.br\/blog\/?p=29284"},"modified":"2020-07-26T16:28:56","modified_gmt":"2020-07-26T20:28:56","slug":"genocidio-e-crime-contra-humanidade-bolsonaro-e-denunciado-no-tribunal-penal-internacional","status":"publish","type":"post","link":"http:\/\/blogdalucianaoliveira.com.br\/blog\/2020\/07\/26\/genocidio-e-crime-contra-humanidade-bolsonaro-e-denunciado-no-tribunal-penal-internacional\/","title":{"rendered":"Genoc\u00eddio e crime contra humanidade: Bolsonaro \u00e9 denunciado no Tribunal Penal Internacional"},"content":{"rendered":"\n<figure class=\"wp-block-image size-large\"><img data-recalc-dims=\"1\" loading=\"lazy\" decoding=\"async\" width=\"600\" height=\"374\" data-attachment-id=\"29285\" data-permalink=\"http:\/\/blogdalucianaoliveira.com.br\/blog\/2020\/07\/26\/genocidio-e-crime-contra-humanidade-bolsonaro-e-denunciado-no-tribunal-penal-internacional\/image-50-8\/\" data-orig-file=\"https:\/\/i0.wp.com\/blogdalucianaoliveira.com.br\/blog\/wp-content\/uploads\/2020\/07\/image-50.jpeg?fit=610%2C380\" data-orig-size=\"610,380\" data-comments-opened=\"0\" data-image-meta=\"{&quot;aperture&quot;:&quot;0&quot;,&quot;credit&quot;:&quot;&quot;,&quot;camera&quot;:&quot;&quot;,&quot;caption&quot;:&quot;&quot;,&quot;created_timestamp&quot;:&quot;0&quot;,&quot;copyright&quot;:&quot;&quot;,&quot;focal_length&quot;:&quot;0&quot;,&quot;iso&quot;:&quot;0&quot;,&quot;shutter_speed&quot;:&quot;0&quot;,&quot;title&quot;:&quot;&quot;,&quot;orientation&quot;:&quot;0&quot;}\" data-image-title=\"image-50\" data-image-description=\"\" data-image-caption=\"\" data-medium-file=\"https:\/\/i0.wp.com\/blogdalucianaoliveira.com.br\/blog\/wp-content\/uploads\/2020\/07\/image-50.jpeg?fit=300%2C187\" data-large-file=\"https:\/\/i0.wp.com\/blogdalucianaoliveira.com.br\/blog\/wp-content\/uploads\/2020\/07\/image-50.jpeg?fit=600%2C374\" src=\"https:\/\/i0.wp.com\/blogdalucianaoliveira.com.br\/blog\/wp-content\/uploads\/2020\/07\/image-50.jpeg?resize=600%2C374\" alt=\"\" class=\"wp-image-29285\" srcset=\"https:\/\/i0.wp.com\/blogdalucianaoliveira.com.br\/blog\/wp-content\/uploads\/2020\/07\/image-50.jpeg?w=610 610w, https:\/\/i0.wp.com\/blogdalucianaoliveira.com.br\/blog\/wp-content\/uploads\/2020\/07\/image-50.jpeg?resize=300%2C187 300w, https:\/\/i0.wp.com\/blogdalucianaoliveira.com.br\/blog\/wp-content\/uploads\/2020\/07\/image-50.jpeg?resize=482%2C300 482w\" sizes=\"auto, (max-width: 600px) 100vw, 600px\" \/><\/figure>\n\n\n\n<p><strong>247&nbsp;<\/strong>&#8211; Jair Bolsonaro foi oficialmente denunciado neste domingo (26) no Tribunal Penal Internacional, com sede em Haia, por crimes de genoc\u00eddio e contra a humanidade devido \u00e0 sua gest\u00e3o frente \u00e0 pandemia do novo coronav\u00edrus.<\/p>\n\n\n\n<!--more-->\n\n\n\n<p>Segundo informa o jornalista Jamil Chade, do UOL, a iniciativa \u00e9 liderada por uma coaliz\u00e3o que representa mais de um milh\u00e3o de trabalhadores da sa\u00fade no Brasil e apoiado por entidades internacionais.<\/p>\n\n\n\n<p>\u201cNo entendimento da coaliz\u00e3o, h\u00e1 ind\u00edcios de que Bolsonaro tenha cometido crime contra a humanidade durante sua gest\u00e3o frente \u00e0 pandemia, ao adotar a\u00e7\u00f5es negligentes e irrespons\u00e1veis, que contribu\u00edram para as mais de 80 mil mortes pela doen\u00e7a no pa\u00eds\u201d, apontam.<\/p>\n\n\n\n<p>A Rede Sindical Brasileira UNISa\u00fade acusa ainda o presidente brasileiro de \u201cfalhas graves e mortais\u201d na resposta \u00e0 pandemia de Covid-19.<\/p>\n","protected":false},"excerpt":{"rendered":"<p>247&nbsp;&#8211; Jair Bolsonaro foi oficialmente denunciado neste domingo (26) no Tribunal Penal Internacional, com sede em Haia, por crimes de genoc\u00eddio e contra a humanidade devido \u00e0 sua gest\u00e3o frente \u00e0 pandemia do novo coronav\u00edrus.<\/p>\n","protected":false},"author":1,"featured_media":0,"comment_status":"closed","ping_status":"open","sticky":false,"template":"","format":"standard","meta":{"_exactmetrics_skip_tracking":false,"_exactmetrics_sitenote_active":false,"_exactmetrics_sitenote_note":"","_exactmetrics_sitenote_category":0,"jetpack_post_was_ever_published":false,"_jetpack_newsletter_access":"","_jetpack_dont_email_post_to_subs":false,"_jetpack_newsletter_tier_id":0,"_jetpack_memberships_contains_paywalled_content":false,"_jetpack_memberships_contains_paid_content":false,"footnotes":"","jetpack_publicize_message":"","jetpack_publicize_feature_enabled":true,"jetpack_social_post_already_shared":true,"jetpack_social_options":{"image_generator_settings":{"template":"highway","enabled":false},"version":2}},"categories":[1],"tags":[],"class_list":["post-29284","post","type-post","status-publish","format-standard","hentry","category-notas"],"jetpack_publicize_connections":[],"jetpack_sharing_enabled":true,"jetpack_featured_media_url":"","jetpack_shortlink":"https:\/\/wp.me\/p7wKYW-7Ck","jetpack-related-posts":[],"_links":{"self":[{"href":"http:\/\/blogdalucianaoliveira.com.br\/blog\/wp-json\/wp\/v2\/posts\/29284","targetHints":{"allow":["GET"]}}],"collection":[{"href":"http:\/\/blogdalucianaoliveira.com.br\/blog\/wp-json\/wp\/v2\/posts"}],"about":[{"href":"http:\/\/blogdalucianaoliveira.com.br\/blog\/wp-json\/wp\/v2\/types\/post"}],"author":[{"embeddable":true,"href":"http:\/\/blogdalucianaoliveira.com.br\/blog\/wp-json\/wp\/v2\/users\/1"}],"replies":[{"embeddable":true,"href":"http:\/\/blogdalucianaoliveira.com.br\/blog\/wp-json\/wp\/v2\/comments?post=29284"}],"version-history":[{"count":1,"href":"http:\/\/blogdalucianaoliveira.com.br\/blog\/wp-json\/wp\/v2\/posts\/29284\/revisions"}],"predecessor-version":[{"id":29286,"href":"http:\/\/blogdalucianaoliveira.com.br\/blog\/wp-json\/wp\/v2\/posts\/29284\/revisions\/29286"}],"wp:attachment":[{"href":"http:\/\/blogdalucianaoliveira.com.br\/blog\/wp-json\/wp\/v2\/media?parent=29284"}],"wp:term":[{"taxonomy":"category","embeddable":true,"href":"http:\/\/blogdalucianaoliveira.com.br\/blog\/wp-json\/wp\/v2\/categories?post=29284"},{"taxonomy":"post_tag","embeddable":true,"href":"http:\/\/blogdalucianaoliveira.com.br\/blog\/wp-json\/wp\/v2\/tags?post=29284"}],"curies":[{"name":"wp","href":"https:\/\/api.w.org\/{rel}","templated":true}]}}