{"id":29287,"date":"2020-07-26T19:25:19","date_gmt":"2020-07-26T23:25:19","guid":{"rendered":"http:\/\/blogdalucianaoliveira.com.br\/blog\/?p=29287"},"modified":"2020-07-26T19:25:28","modified_gmt":"2020-07-26T23:25:28","slug":"em-carta-152-bispos-criticam-bolsonaro-incapacidade-para-enfrentar-crises","status":"publish","type":"post","link":"http:\/\/blogdalucianaoliveira.com.br\/blog\/2020\/07\/26\/em-carta-152-bispos-criticam-bolsonaro-incapacidade-para-enfrentar-crises\/","title":{"rendered":"Em carta, 152 bispos criticam Bolsonaro: incapacidade para enfrentar crises"},"content":{"rendered":"\n<figure class=\"wp-block-image size-large\"><img data-recalc-dims=\"1\" loading=\"lazy\" decoding=\"async\" width=\"483\" height=\"303\" data-attachment-id=\"29288\" data-permalink=\"http:\/\/blogdalucianaoliveira.com.br\/blog\/2020\/07\/26\/em-carta-152-bispos-criticam-bolsonaro-incapacidade-para-enfrentar-crises\/image-51-8\/\" data-orig-file=\"https:\/\/i0.wp.com\/blogdalucianaoliveira.com.br\/blog\/wp-content\/uploads\/2020\/07\/image-51.jpeg?fit=483%2C303\" data-orig-size=\"483,303\" data-comments-opened=\"0\" data-image-meta=\"{&quot;aperture&quot;:&quot;0&quot;,&quot;credit&quot;:&quot;&quot;,&quot;camera&quot;:&quot;&quot;,&quot;caption&quot;:&quot;&quot;,&quot;created_timestamp&quot;:&quot;0&quot;,&quot;copyright&quot;:&quot;&quot;,&quot;focal_length&quot;:&quot;0&quot;,&quot;iso&quot;:&quot;0&quot;,&quot;shutter_speed&quot;:&quot;0&quot;,&quot;title&quot;:&quot;&quot;,&quot;orientation&quot;:&quot;0&quot;}\" data-image-title=\"image-51\" data-image-description=\"\" data-image-caption=\"\" data-medium-file=\"https:\/\/i0.wp.com\/blogdalucianaoliveira.com.br\/blog\/wp-content\/uploads\/2020\/07\/image-51.jpeg?fit=300%2C188\" data-large-file=\"https:\/\/i0.wp.com\/blogdalucianaoliveira.com.br\/blog\/wp-content\/uploads\/2020\/07\/image-51.jpeg?fit=483%2C303\" src=\"https:\/\/i0.wp.com\/blogdalucianaoliveira.com.br\/blog\/wp-content\/uploads\/2020\/07\/image-51.jpeg?resize=483%2C303\" alt=\"\" class=\"wp-image-29288\" srcset=\"https:\/\/i0.wp.com\/blogdalucianaoliveira.com.br\/blog\/wp-content\/uploads\/2020\/07\/image-51.jpeg?w=483 483w, https:\/\/i0.wp.com\/blogdalucianaoliveira.com.br\/blog\/wp-content\/uploads\/2020\/07\/image-51.jpeg?resize=300%2C188 300w, https:\/\/i0.wp.com\/blogdalucianaoliveira.com.br\/blog\/wp-content\/uploads\/2020\/07\/image-51.jpeg?resize=478%2C300 478w\" sizes=\"auto, (max-width: 483px) 100vw, 483px\" \/><\/figure>\n\n\n\n<p>Um grupo de bispos, arcebispos e bispos em\u00e9ritos do Brasil assinou uma carta\u00a0<em>(leia a \u00edntegra mais abaixo)<\/em>\u00a0com cr\u00edticas ao presidente\u00a0<a rel=\"noreferrer noopener\" href=\"http:\/\/metropoles.com\/tag\/jair-bolsonaro\" target=\"_blank\">Jair Bolsonaro<\/a>\u00a0(sem partido).<\/p>\n\n\n\n<!--more-->\n\n\n\n<p>No Metr\u00f3poles, por Mayara Oliveira <\/p>\n\n\n\n<p>O documento, subscrito por 152 religiosos, deveria ter sido publicado na quarta-feira (22\/7), mas foi suspenso para que o conselho permanente da&nbsp;<a href=\"http:\/\/metropoles.com\/tag\/cnbb\" rel=\"noreferrer noopener\" target=\"_blank\">Confer\u00eancia Nacional dos Bispos do Brasil<\/a>&nbsp;(CNBB) analise o conte\u00fado da carta.<\/p>\n\n\n\n<p>A carta foi obtida pela coluna da jornalista M\u00f4nica Bergamo, do jornal&nbsp;<a href=\"https:\/\/www1.folha.uol.com.br\/colunas\/monicabergamo\/2020\/07\/discurso-de-bolsonaro-nao-e-etico-e-governo-se-baseia-em-economia-que-mata-diz-carta-assinada-por-152-bispos-brasileiros.shtml?utm_source=whatsapp&amp;origin=folha\" rel=\"noreferrer noopener\" target=\"_blank\">Folha de S.Paulo<\/a>.<\/p>\n\n\n\n<p>De acordo com a colunista, os religiosos que assinam o documento, intitulado de \u201cCarta ao Povo de Deus\u201d, temem que a ala conservadora da CNBB impe\u00e7a a divulga\u00e7\u00e3o.<\/p>\n\n\n\n<p>No texto, os bispos afirmam que o Brasil atravessa um dos momentos mais dif\u00edceis de sua hist\u00f3ria, vivendo uma \u201ctempestade perfeita\u201d e que, apesar de \u201cdolorosa\u201d, precisa ser atravessada.<\/p>\n\n\n\n<p>\u201cA causa dessa tempestade \u00e9 a combina\u00e7\u00e3o de uma crise de sa\u00fade sem precedentes, com um avassalador colapso da economia e com a tens\u00e3o que se abate sobre os fundamentos da Rep\u00fablica, provocada em grande medida pelo Presidente da Rep\u00fablica e outros setores da sociedade, resultando numa profunda crise pol\u00edtica e de governan\u00e7a\u201d, diz trecho da carta.<\/p>\n\n\n\n<p>O documento continua, dizendo que, ao analisar o cen\u00e1rio pol\u00edtico, \u00e9 poss\u00edvel perceber \u201cclaramente a incapacidade e inabilidade do Governo Federal em enfrentar essas crises\u201d.<\/p>\n\n\n\n<p>\u201cAssistimos, sistematicamente, a discursos anticient\u00edficos, que tentam naturalizar ou normalizar o flagelo dos milhares de mortes pela Covid-19 [doen\u00e7a causada pelo novo coronav\u00edrus], tratando-o como fruto do acaso ou do castigo divino, o caos socioecon\u00f4mico que se avizinha, com o desemprego e a carestia que s\u00e3o projetados para os pr\u00f3ximos meses, e os conchavos pol\u00edticos que visam \u00e0 manuten\u00e7\u00e3o do poder a qualquer pre\u00e7o. Esse discurso n\u00e3o se baseia nos princ\u00edpios \u00e9ticos e morais, tampouco suporta ser confrontado com a Tradi\u00e7\u00e3o e a Doutrina Social da Igreja, no seguimento \u00c0quele que veio \u2018para que todos tenham vida e a tenham em abund\u00e2ncia&#8217;\u201d, continua.<\/p>\n\n\n\n<p>A quest\u00e3o econ\u00f4mica tamb\u00e9m \u00e9 abordada na carta. O documento diz que o \u201csistema do atual governo\u201d n\u00e3o coloca no centro a pessoa humana e o bem de todos, \u201cmas a defesa intransigente dos interesses de uma economia que mata, centrada no mercado e no lucro a qualquer pre\u00e7o\u201d.<\/p>\n\n\n\n<p>\u201cO ministro da Economia [Paulo Guedes] desdenha dos pequenos empres\u00e1rios, respons\u00e1veis pela maioria dos empregos no pa\u00eds, privilegiando apenas grandes grupos econ\u00f4micos, concentradores de renda e os grupos financeiros que nada produzem. A recess\u00e3o que nos assombra pode fazer o n\u00famero de desempregados ultrapassar 20 milh\u00f5es de brasileiros. H\u00e1 uma brutal descontinuidade da destina\u00e7\u00e3o de recursos para as pol\u00edticas p\u00fablicas no campo da alimenta\u00e7\u00e3o, educa\u00e7\u00e3o, moradia e gera\u00e7\u00e3o de renda\u201d, afirma ainda outro trecho do documento.<\/p>\n\n\n\n<p>O texto \u00e9 assinado, entre outros, pelo arcebispo em\u00e9rito de S\u00e3o Paulo, dom Claudio Hummes, pelo bispo em\u00e9rito de Blumenau, dom Ang\u00e9lico Sandalo Bernardino, pelo bispo de S\u00e3o Gabriel da Cachoeira (AM), dom Edson Taschetto Damian, pelo arcebispo de Bel\u00e9m (PA), dom Alberto Taveira Corr\u00eaa, pelo bispo prelado em\u00e9rito do Xingu (PA), dom Erwin Krautler, pelo bispo auxiliar de Belo Horizonte (MG), dom Joaquim Giovani Mol, e pelo arcebispo de Manaus (AM) e ex-secret\u00e1rio-geral da CNBB dom Leonardi Ulrich.<\/p>\n\n\n\n<h4 class=\"wp-block-heading\">Leia abaixo a \u00edntegra da carta<\/h4>\n\n\n\n<p><em>Somos bispos da Igreja Cat\u00f3lica, de v\u00e1rias regi\u00f5es do Brasil, em profunda comunh\u00e3o com o Papa Francisco e seu magist\u00e9rio e em comunh\u00e3o plena com a Confer\u00eancia Nacional dos Bispos do Brasil, que no exerc\u00edcio de sua miss\u00e3o evangelizadora, sempre se coloca na defesa dos pequeninos, da justi\u00e7a e da paz. Escrevemos esta Carta ao Povo de Deus, interpelados pela gravidade do momento em que vivemos, sens\u00edveis ao Evangelho e \u00e0 Doutrina Social da Igreja, como um servi\u00e7o a todos os que desejam ver superada esta fase de tantas incertezas e tanto sofrimento do povo.<\/em><\/p>\n\n\n\n<p><em>Evangelizar \u00e9 a miss\u00e3o pr\u00f3pria da Igreja, herdada de Jesus. Ela tem consci\u00eancia de que \u201cevangelizar \u00e9 tornar o Reino de Deus presente no mundo\u201d (Alegria do Evangelho, 176). Temos clareza de que \u201ca proposta do Evangelho n\u00e3o consiste s\u00f3 numa rela\u00e7\u00e3o pessoal com Deus. A nossa reposta de amor n\u00e3o deveria ser entendida como uma mera soma de pequenos gestos pessoais a favor de alguns indiv\u00edduos necessitados [\u2026], uma s\u00e9rie de a\u00e7\u00f5es destinadas apenas a tranquilizar a pr\u00f3pria consci\u00eancia. A proposta \u00e9 o Reino de Deus [\u2026] (Lc 4,43 e Mt 6,33)\u201d (Alegria do Evangelho, 180). Nasce da\u00ed a compreens\u00e3o de que o Reino de Deus \u00e9 dom, compromisso e meta.<\/em><\/p>\n\n\n\n<p><em>\u00c9 neste horizonte que nos posicionamos frente \u00e0 realidade atual do Brasil. N\u00e3o temos interesses pol\u00edtico-partid\u00e1rios, econ\u00f4micos, ideol\u00f3gicos ou de qualquer outra natureza. Nosso \u00fanico interesse \u00e9 o Reino de Deus, presente em nossa hist\u00f3ria, na medida em que avan\u00e7amos na constru\u00e7\u00e3o de uma sociedade estruturalmente justa, fraterna e solid\u00e1ria, como uma civiliza\u00e7\u00e3o do amor.<\/em><\/p>\n\n\n\n<p><em>O Brasil atravessa um dos per\u00edodos mais dif\u00edceis de sua hist\u00f3ria, comparado a uma \u201ctempestade perfeita\u201d que, dolorosamente, precisa ser atravessada. A causa dessa tempestade \u00e9 a combina\u00e7\u00e3o de uma crise de sa\u00fade sem precedentes, com um avassalador colapso da economia e com a tens\u00e3o que se abate sobre os fundamentos da Rep\u00fablica, provocada em grande medida pelo Presidente da Rep\u00fablica e outros setores da sociedade, resultando numa profunda crise pol\u00edtica e de governan\u00e7a.<\/em><\/p>\n\n\n\n<p><em>Este cen\u00e1rio de perigosos impasses, que colocam nosso Pa\u00eds \u00e0 prova, exige de suas institui\u00e7\u00f5es, l\u00edderes e organiza\u00e7\u00f5es civis muito mais di\u00e1logo do que discursos ideol\u00f3gicos fechados. Somos convocados a apresentar propostas e pactos objetivos, com vistas \u00e0 supera\u00e7\u00e3o dos grandes desafios, em favor da vida, principalmente dos segmentos mais vulner\u00e1veis e exclu\u00eddos, nesta sociedade estruturalmente desigual, injusta e violenta. Essa realidade n\u00e3o comporta indiferen\u00e7a.<\/em><\/p>\n\n\n\n<p><em>\u00c9 dever de quem se coloca na defesa da vida posicionar-se, claramente, em rela\u00e7\u00e3o a esse cen\u00e1rio. As escolhas pol\u00edticas que nos trouxeram at\u00e9 aqui e a narrativa que prop\u00f5e a complac\u00eancia frente aos desmandos do Governo Federal, n\u00e3o justificam a in\u00e9rcia e a omiss\u00e3o no combate \u00e0s mazelas que se abateram sobre o povo brasileiro. Mazelas que se abatem tamb\u00e9m sobre a Casa Comum, amea\u00e7ada constantemente pela a\u00e7\u00e3o inescrupulosa de madeireiros, garimpeiros, mineradores, latifundi\u00e1rios e outros defensores de um desenvolvimento que despreza os direitos humanos e os da m\u00e3e terra. \u201cN\u00e3o podemos pretender ser saud\u00e1veis num mundo que est\u00e1 doente. As feridas causadas \u00e0 nossa m\u00e3e terra sangram tamb\u00e9m a n\u00f3s\u201d (Papa Francisco, Carta ao Presidente da Col\u00f4mbia por ocasi\u00e3o do Dia Mundial do Meio Ambiente, 05\/06\/2020).<\/em><\/p>\n\n\n\n<p><em>Todos, pessoas e institui\u00e7\u00f5es, seremos julgados pelas a\u00e7\u00f5es ou omiss\u00f5es neste momento t\u00e3o grave e desafiador. Assistimos, sistematicamente, a discursos anticient\u00edficos, que tentam naturalizar ou normalizar o flagelo dos milhares de mortes pela COVID-19, tratando-o como fruto do acaso ou do castigo divino, o caos socioecon\u00f4mico que se avizinha, com o desemprego e a carestia que s\u00e3o projetados para os pr\u00f3ximos meses, e os conchavos pol\u00edticos que visam \u00e0 manuten\u00e7\u00e3o do poder a qualquer pre\u00e7o. Esse discurso n\u00e3o se baseia nos princ\u00edpios \u00e9ticos e morais, tampouco suporta ser confrontado com a Tradi\u00e7\u00e3o e a Doutrina Social da Igreja, no seguimento \u00c0quele que veio \u201cpara que todos tenham vida e a tenham em abund\u00e2ncia\u201d (Jo 10,10).<\/em><\/p>\n\n\n\n<p><em>Analisando o cen\u00e1rio pol\u00edtico, sem paix\u00f5es, percebemos claramente a incapacidade e inabilidade do Governo Federal em enfrentar essas crises. As reformas trabalhista e previdenci\u00e1ria, tidas como para melhorarem a vida dos mais pobres, mostraram-se como armadilhas que precarizaram ainda mais a vida do povo. \u00c9 verdade que o Brasil necessita de medidas e reformas s\u00e9rias, mas n\u00e3o como as que foram feitas, cujos resultados pioraram a vida dos pobres, desprotegeram vulner\u00e1veis, liberaram o uso de agrot\u00f3xicos antes proibidos, afrouxaram o controle de desmatamentos e, por isso, n\u00e3o favoreceram o bem comum e a paz social. \u00c9 insustent\u00e1vel uma economia que insiste no neoliberalismo, que privilegia o monop\u00f3lio de pequenos grupos poderosos em detrimento da grande maioria da popula\u00e7\u00e3o.<\/em><\/p>\n\n\n\n<p><em>O sistema do atual governo n\u00e3o coloca no centro a pessoa humana e o bem de todos, mas a defesa intransigente dos interesses de uma \u201ceconomia que mata\u201d (Alegria do Evangelho, 53), centrada no mercado e no lucro a qualquer pre\u00e7o. Convivemos, assim, com a incapacidade e a incompet\u00eancia do Governo Federal, para coordenar suas a\u00e7\u00f5es, agravadas pelo fato de ele se colocar contra a ci\u00eancia, contra estados e munic\u00edpios, contra poderes da Rep\u00fablica; por se aproximar do totalitarismo e utilizar de expedientes conden\u00e1veis, como o apoio e o est\u00edmulo a atos contra a democracia, a flexibiliza\u00e7\u00e3o das leis de tr\u00e2nsito e do uso de armas de fogo pela popula\u00e7\u00e3o, e das leis do tr\u00e2nsito e o recurso \u00e0 pr\u00e1tica de suspeitas a\u00e7\u00f5es de comunica\u00e7\u00e3o, como as not\u00edcias falsas, que mobilizam uma massa de seguidores radicais.<\/em><\/p>\n\n\n\n<p><em>O desprezo pela educa\u00e7\u00e3o, cultura, sa\u00fade e pela diplomacia tamb\u00e9m nos estarrece. Esse desprezo \u00e9 vis\u00edvel nas demonstra\u00e7\u00f5es de raiva pela educa\u00e7\u00e3o p\u00fablica; no apelo a ideias obscurantistas; na escolha da educa\u00e7\u00e3o como inimiga; nos sucessivos e grosseiros erros na escolha dos ministros da educa\u00e7\u00e3o e do meio ambiente e do secret\u00e1rio da cultura; no desconhecimento e deprecia\u00e7\u00e3o de processos pedag\u00f3gicos e de importantes pensadores do Brasil; na repugn\u00e2ncia pela consci\u00eancia cr\u00edtica e pela liberdade de pensamento e de imprensa; na desqualifica\u00e7\u00e3o das rela\u00e7\u00f5es diplom\u00e1ticas com v\u00e1rios pa\u00edses; na indiferen\u00e7a pelo fato de o Brasil ocupar um dos primeiros lugares em n\u00famero de infectados e mortos pela pandemia sem, sequer, ter um ministro titular no Minist\u00e9rio da Sa\u00fade; na desnecess\u00e1ria tens\u00e3o com os outros entes da Rep\u00fablica na coordena\u00e7\u00e3o do enfrentamento da pandemia; na falta de sensibilidade para com os familiares dos mortos pelo novo coronav\u00edrus e pelos profissionais da sa\u00fade, que est\u00e3o adoecendo nos esfor\u00e7os para salvar vidas.<\/em><\/p>\n\n\n\n<p><em>No plano econ\u00f4mico, o ministro da economia desdenha dos pequenos empres\u00e1rios, respons\u00e1veis pela maioria dos empregos no Pa\u00eds, privilegiando apenas grandes grupos econ\u00f4micos, concentradores de renda e os grupos financeiros que nada produzem. A recess\u00e3o que nos assombra pode fazer o n\u00famero de desempregados ultrapassar 20 milh\u00f5es de brasileiros. H\u00e1 uma brutal descontinuidade da destina\u00e7\u00e3o de recursos para as pol\u00edticas p\u00fablicas no campo da alimenta\u00e7\u00e3o, educa\u00e7\u00e3o, moradia e gera\u00e7\u00e3o de renda.<\/em><\/p>\n\n\n\n<p><em>Fechando os olhos aos apelos de entidades nacionais e internacionais, o Governo Federal demonstra omiss\u00e3o, apatia e recha\u00e7o pelos mais pobres e vulner\u00e1veis da sociedade, quais sejam: as comunidades ind\u00edgenas, quilombolas, ribeirinhas, as popula\u00e7\u00f5es das periferias urbanas, dos corti\u00e7os e o povo que vive nas ruas, aos milhares, em todo o Brasil. Estes s\u00e3o os mais atingidos pela pandemia do novo coronav\u00edrus e, lamentavelmente, n\u00e3o vislumbram medida efetiva que os levem a ter esperan\u00e7a de superar as crises sanit\u00e1ria e econ\u00f4mica que lhes s\u00e3o impostas de forma cruel. O Presidente da Rep\u00fablica, h\u00e1 poucos dias, no Plano Emergencial para Enfrentamento \u00e0 COVID-19, aprovado no legislativo federal, sob o argumento de n\u00e3o haver previs\u00e3o or\u00e7ament\u00e1ria, dentre outros pontos, vetou o acesso a \u00e1gua pot\u00e1vel, material de higiene, oferta de leitos hospitalares e de terapia intensiva, ventiladores e m\u00e1quinas de oxigena\u00e7\u00e3o sangu\u00ednea, nos territ\u00f3rios ind\u00edgenas, quilombolas e de comunidades tradicionais (Cf. Presid\u00eancia da CNBB, Carta Aberta ao Congresso Nacional, 13\/07\/2020).<\/em><\/p>\n\n\n\n<p><em>At\u00e9 a religi\u00e3o \u00e9 utilizada para manipular sentimentos e cren\u00e7as, provocar divis\u00f5es, difundir o \u00f3dio, criar tens\u00f5es entre igrejas e seus l\u00edderes. Ressalte-se o quanto \u00e9 perniciosa toda associa\u00e7\u00e3o entre religi\u00e3o e poder no Estado laico, especialmente a associa\u00e7\u00e3o entre grupos religiosos fundamentalistas e a manuten\u00e7\u00e3o do poder autorit\u00e1rio. Como n\u00e3o ficarmos indignados diante do uso do nome de Deus e de sua Santa Palavra, misturados a falas e posturas preconceituosas, que incitam ao \u00f3dio, ao inv\u00e9s de pregar o amor, para legitimar pr\u00e1ticas que n\u00e3o condizem com o Reino de Deus e sua justi\u00e7a?<\/em><\/p>\n\n\n\n<p><em>O momento \u00e9 de unidade no respeito \u00e0 pluralidade! Por isso, propomos um amplo di\u00e1logo nacional que envolva humanistas, os comprometidos com a democracia, movimentos sociais, homens e mulheres de boa vontade, para que seja restabelecido o respeito \u00e0 Constitui\u00e7\u00e3o Federal e ao Estado Democr\u00e1tico de Direito, com \u00e9tica na pol\u00edtica, com transpar\u00eancia das informa\u00e7\u00f5es e dos gastos p\u00fablicos, com uma economia que vise ao bem comum, com justi\u00e7a socioambiental, com \u201cterra, teto e trabalho\u201d, com alegria e prote\u00e7\u00e3o da fam\u00edlia, com educa\u00e7\u00e3o e sa\u00fade integrais e de qualidade para todos. Estamos comprometidos com o recente \u201cPacto pela vida e pelo Brasil\u201d, da CNBB e entidades da sociedade civil brasileira, e em sintonia com o Papa Francisco, que convoca a humanidade para pensar um novo \u201cPacto Educativo Global\u201d e a nova \u201cEconomia de Francisco e Clara\u201d, bem como, unimo-nos aos movimentos eclesiais e populares que buscam novas e urgentes alternativas para o Brasil.<\/em><\/p>\n\n\n\n<p><em>Neste tempo da pandemia que nos obriga ao distanciamento social e nos ensina um \u201cnovo normal\u201d, estamos redescobrindo nossas casas e fam\u00edlias como nossa Igreja dom\u00e9stica, um espa\u00e7o do encontro com Deus e com os irm\u00e3os e irm\u00e3s. \u00c9 sobretudo nesse ambiente que deve brilhar a luz do Evangelho que nos faz compreender que este tempo n\u00e3o \u00e9 para a indiferen\u00e7a, para ego\u00edsmos, para divis\u00f5es nem para o esquecimento (cf. Papa Francisco, Mensagem Urbi et Orbi, 12\/4\/20).<\/em><\/p>\n\n\n\n<p><em>Despertemo-nos, portanto, do sono que nos imobiliza e nos faz meros espectadores da realidade de milhares de mortes e da viol\u00eancia que nos assolam. Com o ap\u00f3stolo S\u00e3o Paulo, alertamos que \u201ca noite vai avan\u00e7ada e o dia se aproxima; rejeitemos as obras das trevas e vistamos a armadura da luz\u201d (Rm 13,12).<\/em><\/p>\n\n\n\n<p><em>O Senhor vos aben\u00e7oe e vos guarde. Ele vos mostre a sua face e se compade\u00e7a de v\u00f3s.<\/em><br><em>O Senhor volte para v\u00f3s o seu olhar e vos d\u00ea a sua paz! (Nm 6,24-26).<\/em><\/p>\n","protected":false},"excerpt":{"rendered":"<p>Um grupo de bispos, arcebispos e bispos em\u00e9ritos do Brasil assinou uma carta\u00a0(leia a \u00edntegra mais abaixo)\u00a0com cr\u00edticas ao presidente\u00a0Jair Bolsonaro\u00a0(sem partido).<\/p>\n","protected":false},"author":1,"featured_media":0,"comment_status":"closed","ping_status":"open","sticky":false,"template":"","format":"standard","meta":{"_exactmetrics_skip_tracking":false,"_exactmetrics_sitenote_active":false,"_exactmetrics_sitenote_note":"","_exactmetrics_sitenote_category":0,"jetpack_post_was_ever_published":false,"_jetpack_newsletter_access":"","_jetpack_dont_email_post_to_subs":false,"_jetpack_newsletter_tier_id":0,"_jetpack_memberships_contains_paywalled_content":false,"_jetpack_memberships_contains_paid_content":false,"footnotes":"","jetpack_publicize_message":"","jetpack_publicize_feature_enabled":true,"jetpack_social_post_already_shared":true,"jetpack_social_options":{"image_generator_settings":{"template":"highway","enabled":false},"version":2}},"categories":[1],"tags":[],"class_list":["post-29287","post","type-post","status-publish","format-standard","hentry","category-notas"],"jetpack_publicize_connections":[],"jetpack_sharing_enabled":true,"jetpack_featured_media_url":"","jetpack_shortlink":"https:\/\/wp.me\/p7wKYW-7Cn","jetpack-related-posts":[],"_links":{"self":[{"href":"http:\/\/blogdalucianaoliveira.com.br\/blog\/wp-json\/wp\/v2\/posts\/29287","targetHints":{"allow":["GET"]}}],"collection":[{"href":"http:\/\/blogdalucianaoliveira.com.br\/blog\/wp-json\/wp\/v2\/posts"}],"about":[{"href":"http:\/\/blogdalucianaoliveira.com.br\/blog\/wp-json\/wp\/v2\/types\/post"}],"author":[{"embeddable":true,"href":"http:\/\/blogdalucianaoliveira.com.br\/blog\/wp-json\/wp\/v2\/users\/1"}],"replies":[{"embeddable":true,"href":"http:\/\/blogdalucianaoliveira.com.br\/blog\/wp-json\/wp\/v2\/comments?post=29287"}],"version-history":[{"count":1,"href":"http:\/\/blogdalucianaoliveira.com.br\/blog\/wp-json\/wp\/v2\/posts\/29287\/revisions"}],"predecessor-version":[{"id":29289,"href":"http:\/\/blogdalucianaoliveira.com.br\/blog\/wp-json\/wp\/v2\/posts\/29287\/revisions\/29289"}],"wp:attachment":[{"href":"http:\/\/blogdalucianaoliveira.com.br\/blog\/wp-json\/wp\/v2\/media?parent=29287"}],"wp:term":[{"taxonomy":"category","embeddable":true,"href":"http:\/\/blogdalucianaoliveira.com.br\/blog\/wp-json\/wp\/v2\/categories?post=29287"},{"taxonomy":"post_tag","embeddable":true,"href":"http:\/\/blogdalucianaoliveira.com.br\/blog\/wp-json\/wp\/v2\/tags?post=29287"}],"curies":[{"name":"wp","href":"https:\/\/api.w.org\/{rel}","templated":true}]}}