{"id":29290,"date":"2020-07-26T19:31:05","date_gmt":"2020-07-26T23:31:05","guid":{"rendered":"http:\/\/blogdalucianaoliveira.com.br\/blog\/?p=29290"},"modified":"2020-07-26T19:31:10","modified_gmt":"2020-07-26T23:31:10","slug":"sindicatos-de-profissionais-da-saude-acusam-bolsonaro-de-genocidio-em-tribunal-internacional","status":"publish","type":"post","link":"http:\/\/blogdalucianaoliveira.com.br\/blog\/2020\/07\/26\/sindicatos-de-profissionais-da-saude-acusam-bolsonaro-de-genocidio-em-tribunal-internacional\/","title":{"rendered":"Sindicatos de profissionais da sa\u00fade acusam Bolsonaro de genoc\u00eddio em tribunal internacional"},"content":{"rendered":"\n<figure class=\"wp-block-image size-large\"><img data-recalc-dims=\"1\" loading=\"lazy\" decoding=\"async\" width=\"320\" height=\"300\" data-attachment-id=\"29291\" data-permalink=\"http:\/\/blogdalucianaoliveira.com.br\/blog\/2020\/07\/26\/sindicatos-de-profissionais-da-saude-acusam-bolsonaro-de-genocidio-em-tribunal-internacional\/image-52-8\/\" data-orig-file=\"https:\/\/i0.wp.com\/blogdalucianaoliveira.com.br\/blog\/wp-content\/uploads\/2020\/07\/image-52.jpeg?fit=320%2C300\" data-orig-size=\"320,300\" data-comments-opened=\"0\" data-image-meta=\"{&quot;aperture&quot;:&quot;0&quot;,&quot;credit&quot;:&quot;&quot;,&quot;camera&quot;:&quot;&quot;,&quot;caption&quot;:&quot;&quot;,&quot;created_timestamp&quot;:&quot;0&quot;,&quot;copyright&quot;:&quot;&quot;,&quot;focal_length&quot;:&quot;0&quot;,&quot;iso&quot;:&quot;0&quot;,&quot;shutter_speed&quot;:&quot;0&quot;,&quot;title&quot;:&quot;&quot;,&quot;orientation&quot;:&quot;0&quot;}\" data-image-title=\"image-52\" data-image-description=\"\" data-image-caption=\"\" data-medium-file=\"https:\/\/i0.wp.com\/blogdalucianaoliveira.com.br\/blog\/wp-content\/uploads\/2020\/07\/image-52.jpeg?fit=300%2C281\" data-large-file=\"https:\/\/i0.wp.com\/blogdalucianaoliveira.com.br\/blog\/wp-content\/uploads\/2020\/07\/image-52.jpeg?fit=320%2C300\" src=\"https:\/\/i0.wp.com\/blogdalucianaoliveira.com.br\/blog\/wp-content\/uploads\/2020\/07\/image-52.jpeg?resize=320%2C300\" alt=\"\" class=\"wp-image-29291\" srcset=\"https:\/\/i0.wp.com\/blogdalucianaoliveira.com.br\/blog\/wp-content\/uploads\/2020\/07\/image-52.jpeg?w=320 320w, https:\/\/i0.wp.com\/blogdalucianaoliveira.com.br\/blog\/wp-content\/uploads\/2020\/07\/image-52.jpeg?resize=300%2C281 300w\" sizes=\"auto, (max-width: 320px) 100vw, 320px\" \/><\/figure>\n\n\n\n<h4 class=\"wp-block-heading\">Para entidades, a\u00e7\u00f5es e omiss\u00f5es do presidente &#8216;afetam a sa\u00fade f\u00edsica e mental da popula\u00e7\u00e3o&#8217;; \u00e9 a quarta representa\u00e7\u00e3o do g\u00eanero no TPI<\/h4>\n\n\n\n<!--more-->\n\n\n\n<p>Tiago Aguiar, O Estado de S.Paulo<\/p>\n\n\n\n<p>Dezenas de sindicatos de profissionais da sa\u00fade protocolaram neste domingo, 26, uma den\u00fancia coletiva contra o presidente&nbsp;<a href=\"https:\/\/tudo-sobre.estadao.com.br\/jair-bolsonaro\" target=\"_blank\" rel=\"noreferrer noopener\"><strong>Jair Bolsonaro<\/strong><\/a>&nbsp;no&nbsp;<a href=\"https:\/\/tudo-sobre.estadao.com.br\/tribunal-penal-internacional\" target=\"_blank\" rel=\"noreferrer noopener\"><strong>Tribunal Penal Internacional (TPI)<\/strong><\/a>&nbsp;em Haia, na Holanda, por genoc\u00eddio. No documento, a coaliz\u00e3o sindical, representando mais de um milh\u00e3o de trabalhadores, alega que a omiss\u00e3o diante da crise do novo coronav\u00edrus caracteriza um crime contra a humanidade.&nbsp;<\/p>\n\n\n\n<p>\u201cA materialidade dos crimes cometidos est\u00e1 devidamente confirmada, vez que se denota do exposto que as a\u00e7\u00f5es e omiss\u00f5es do senhor presidente da Rep\u00fablica afetam, de forma grave, a sa\u00fade f\u00edsica e mental da popula\u00e7\u00e3o, colocando-a em situa\u00e7\u00e3o de risco a um v\u00edrus de alta letalidade e com capacidade de dissemina\u00e7\u00e3o incontrolada com risco de morte ou sequelas irrevers\u00edveis&#8221;, diz trecho do documento. &#8220;Esse comportamento irrespons\u00e1vel e afrontoso \u00e0s orienta\u00e7\u00f5es das autoridades internacionais de sa\u00fade, com a exposi\u00e7\u00e3o de milh\u00f5es de pessoas \u00e9 crime contra a humanidade.\u201d<\/p>\n\n\n\n<p>Feita pela Rede Sindical Brasileira UNISa\u00fade, a den\u00fancia \u00e9 assinada tamb\u00e9m por entidades como a&nbsp;<a href=\"https:\/\/tudo-sobre.estadao.com.br\/cut-central-unica-dos-trabalhadores\" target=\"_blank\" rel=\"noreferrer noopener\"><strong>Central \u00danica dos Trabalhadores (CUT)<\/strong><\/a>&nbsp;e o&nbsp;<a href=\"https:\/\/tudo-sobre.estadao.com.br\/mst-movimento-dos-trabalhadores-rurais-sem-terra\" target=\"_blank\" rel=\"noreferrer noopener\"><strong>Movimento dos Trabalhadores Rurais Sem Terra (MST)<\/strong><\/a>, al\u00e9m de duas entidades internacionais, a Internacional dos Servi\u00e7os P\u00fablicos e a UNI Global Union.&nbsp;&nbsp;<\/p>\n\n\n\n<p>O presidente j\u00e1 foi acusado outras tr\u00eas vezes no tribunal desde o in\u00edcio de seu mandato. Uma vez apresentadas,<a href=\"https:\/\/opiniao.estadao.com.br\/noticias\/notas-e-informacoes,crimes-contra-a-humanidade,70003371751\" target=\"_blank\" rel=\"noreferrer noopener\"><strong>&nbsp;as den\u00fancias s\u00e3o apreciadas pela procuradoria do TPI, que verifica se elas se inserem na jurisdi\u00e7\u00e3o da Corte e se est\u00e3o lastreadas em fatos que justifiquem a abertura de uma investiga\u00e7\u00e3o.&nbsp;<\/strong><\/a><\/p>\n\n\n\n<p>Um grupo de advogados e militantes de direitos humanos\u00a0<a rel=\"noreferrer noopener\" href=\"https:\/\/politica.estadao.com.br\/noticias\/geral,grupos-denunciam-bolsonaro-ao-tribunal-penal-internacional-por-incitacao-a-genocidio-indigena,70003105826\" target=\"_blank\"><strong>apresentou em novembro do ano passado acusa\u00e7\u00e3o por \u201cincita\u00e7\u00e3o a genoc\u00eddio ind\u00edgena\u201d<\/strong><\/a>. A a\u00e7\u00e3o apresentada neste domingo tamb\u00e9m classifica como genoc\u00eddio \u201cas a\u00e7\u00f5es e omiss\u00f5es do poder p\u00fablico no combate \u00e0 doen\u00e7a nessas comunidades\u201d.<\/p>\n\n\n\n<p>J\u00e1 a&nbsp;<a href=\"https:\/\/politica.estadao.com.br\/noticias\/geral,bolsonaro-e-denunciado-em-tribunal-internacional-entenda-quais-sao-as-acusacoes-e-consequencias,70003259794\" target=\"_blank\" rel=\"noreferrer noopener\"><strong>Associa\u00e7\u00e3o Brasileira de Juristas pela Democracia (ABJD) em abril deste ano<\/strong><\/a>, e o PDT, em outra den\u00fancia, tamb\u00e9m acusaram de crime contra a humanidade ao incentivar a\u00e7\u00f5es que aumentam o risco de prolifera\u00e7\u00e3o do novo coronav\u00edrus.&nbsp;&nbsp;<\/p>\n\n\n\n<p>Marcio Monzane, secret\u00e1rio regional da UNI America, diz que a nova a\u00e7\u00e3o se justifica porque \u201co presidente mandou um ex\u00e9rcito, os profissionais da sa\u00fade, para a guerra sem as ferramentas necess\u00e1rias\u201d. A UNI Am\u00e9ricas \u00e9 um bra\u00e7o regional da UNI Global Union, federa\u00e7\u00e3o internacional sindical &nbsp;com representa\u00e7\u00e3o no setor de servi\u00e7os em 150 pa\u00edses. \u00c9 a primeira vez que a entidade denuncia um chefe de Estado no Tribunal Penal Internacional.&nbsp;<\/p>\n\n\n\n<p>Segundo a UniSa\u00fade, h\u00e1 quatro meses sindicatos brasileiros exigem uma resposta mais contundente, como o fornecimento de equipamentos de prote\u00e7\u00e3o, testes e insumos para os profissionais. Feitas por diferentes canais ao Planalto, n\u00e3o houve resposta, diz a entidade. Desde abril, profissionais da sa\u00fade fazem protestos pelo Brasil por melhores condi\u00e7\u00f5es de tratamento.&nbsp;&nbsp;<\/p>\n\n\n\n<p>\u201cEntendemos que buscar a Corte Penal Internacional \u00e9 uma medida dr\u00e1stica, mas os brasileiros est\u00e3o enfrentando uma situa\u00e7\u00e3o extremamente dif\u00edcil e perigosa criada pelas decis\u00f5es deliberadas de Bolsonaro\u201d, complementou Marcio Monzane.&nbsp;<\/p>\n\n\n\n<p>Em maio, o Supremo Tribunal Federal decidiu que&nbsp;<a href=\"https:\/\/economia.estadao.com.br\/noticias\/geral,stf-decide-que-covid-19-pode-ser-considerada-doenca-ocupacional-entenda-as-consequencias,70003294493\" target=\"_blank\" rel=\"noreferrer noopener\"><strong>a covid-19 pode ser considerada doen\u00e7a ocupacional<\/strong><\/a>. Segundo o Minist\u00e9rio da Sa\u00fade, j\u00e1 s\u00e3o mais de 96 mil enfermeiros e t\u00e9cnicos de enfermagem com a doen\u00e7a. O n\u00famero de \u00f3bitos entre esses profissionais chega a quase 300, segundo o Conselho Federal de Enfermagem.&nbsp;<\/p>\n\n\n\n<h3 class=\"wp-block-heading\">Outro lado<\/h3>\n\n\n\n<p>Procurada, a&nbsp;<strong><a href=\"https:\/\/tudo-sobre.estadao.com.br\/agu-advocacia-geral-da-uniao\" target=\"_blank\" rel=\"noreferrer noopener\">Advocacia-Geral da Uni\u00e3o<\/a>&nbsp;<\/strong>disse que&nbsp;ir\u00e1 se manifestar ap\u00f3s intima\u00e7\u00e3o.<\/p>\n","protected":false},"excerpt":{"rendered":"<p>Para entidades, a\u00e7\u00f5es e omiss\u00f5es do presidente &#8216;afetam a sa\u00fade f\u00edsica e mental da popula\u00e7\u00e3o&#8217;; \u00e9 a quarta representa\u00e7\u00e3o do g\u00eanero no TPI<\/p>\n","protected":false},"author":1,"featured_media":0,"comment_status":"closed","ping_status":"open","sticky":false,"template":"","format":"standard","meta":{"_exactmetrics_skip_tracking":false,"_exactmetrics_sitenote_active":false,"_exactmetrics_sitenote_note":"","_exactmetrics_sitenote_category":0,"jetpack_post_was_ever_published":false,"_jetpack_newsletter_access":"","_jetpack_dont_email_post_to_subs":false,"_jetpack_newsletter_tier_id":0,"_jetpack_memberships_contains_paywalled_content":false,"_jetpack_memberships_contains_paid_content":false,"footnotes":"","jetpack_publicize_message":"","jetpack_publicize_feature_enabled":true,"jetpack_social_post_already_shared":true,"jetpack_social_options":{"image_generator_settings":{"template":"highway","enabled":false},"version":2}},"categories":[1],"tags":[],"class_list":["post-29290","post","type-post","status-publish","format-standard","hentry","category-notas"],"jetpack_publicize_connections":[],"jetpack_sharing_enabled":true,"jetpack_featured_media_url":"","jetpack_shortlink":"https:\/\/wp.me\/p7wKYW-7Cq","jetpack-related-posts":[],"_links":{"self":[{"href":"http:\/\/blogdalucianaoliveira.com.br\/blog\/wp-json\/wp\/v2\/posts\/29290","targetHints":{"allow":["GET"]}}],"collection":[{"href":"http:\/\/blogdalucianaoliveira.com.br\/blog\/wp-json\/wp\/v2\/posts"}],"about":[{"href":"http:\/\/blogdalucianaoliveira.com.br\/blog\/wp-json\/wp\/v2\/types\/post"}],"author":[{"embeddable":true,"href":"http:\/\/blogdalucianaoliveira.com.br\/blog\/wp-json\/wp\/v2\/users\/1"}],"replies":[{"embeddable":true,"href":"http:\/\/blogdalucianaoliveira.com.br\/blog\/wp-json\/wp\/v2\/comments?post=29290"}],"version-history":[{"count":1,"href":"http:\/\/blogdalucianaoliveira.com.br\/blog\/wp-json\/wp\/v2\/posts\/29290\/revisions"}],"predecessor-version":[{"id":29292,"href":"http:\/\/blogdalucianaoliveira.com.br\/blog\/wp-json\/wp\/v2\/posts\/29290\/revisions\/29292"}],"wp:attachment":[{"href":"http:\/\/blogdalucianaoliveira.com.br\/blog\/wp-json\/wp\/v2\/media?parent=29290"}],"wp:term":[{"taxonomy":"category","embeddable":true,"href":"http:\/\/blogdalucianaoliveira.com.br\/blog\/wp-json\/wp\/v2\/categories?post=29290"},{"taxonomy":"post_tag","embeddable":true,"href":"http:\/\/blogdalucianaoliveira.com.br\/blog\/wp-json\/wp\/v2\/tags?post=29290"}],"curies":[{"name":"wp","href":"https:\/\/api.w.org\/{rel}","templated":true}]}}