{"id":29297,"date":"2020-07-27T11:06:16","date_gmt":"2020-07-27T15:06:16","guid":{"rendered":"http:\/\/blogdalucianaoliveira.com.br\/blog\/?p=29297"},"modified":"2020-07-27T11:06:24","modified_gmt":"2020-07-27T15:06:24","slug":"comissao-interamericana-de-direitos-humanos-protesta-contra-vigilancia-ilegal-da-oposicao-por-bolsonaro","status":"publish","type":"post","link":"http:\/\/blogdalucianaoliveira.com.br\/blog\/2020\/07\/27\/comissao-interamericana-de-direitos-humanos-protesta-contra-vigilancia-ilegal-da-oposicao-por-bolsonaro\/","title":{"rendered":"Comiss\u00e3o Interamericana de Direitos Humanos protesta contra vigil\u00e2ncia ilegal da oposi\u00e7\u00e3o por Bolsonaro"},"content":{"rendered":"\n<figure class=\"wp-block-image\"><img data-recalc-dims=\"1\" decoding=\"async\" src=\"https:\/\/i0.wp.com\/publisher-publish.s3.eu-central-1.amazonaws.com\/pb-brasil247\/swp\/jtjeq9\/media\/20200727080752_8ab9ca109deb20f6a93d9885eedaec5767e12a0f8573538f9cc05713a8201600.jpeg?w=600&#038;ssl=1\" alt=\"\"\/><\/figure>\n\n\n\n<p><strong>247 &#8211;&nbsp;<\/strong>A Comiss\u00e3o Interamericana de Direitos Humanos da Organiza\u00e7\u00e3o dos Estados Americanos (CIDH\/OEA) criticou duramente a investiga\u00e7\u00e3o e elabora\u00e7\u00e3o de&nbsp;<a target=\"_blank\" rel=\"noreferrer noopener\" href=\"https:\/\/www.brasil247.com\/brasil\/ministerio-da-justica-cria-dossie-que-mira-professores-e-policiais-antifascistas\">dossi\u00eas<\/a>&nbsp;contra opositores do governo Jair Bolsonaro por parte do Minist\u00e9rio da Justi\u00e7a. Por meio de nota, a comiss\u00e3o ressaltou ser necess\u00e1rio que o Brasil \u201c siga respeitando o direito \u00e0 liberdade de express\u00e3o de servidores p\u00fablicos e acad\u00eamicos; al\u00e9m de revisar essas den\u00fancias e investigar se houve vigil\u00e2ncia ilegal pelas ag\u00eancias de intelig\u00eancia do Estado\u201d.<\/p>\n\n\n\n<!--more-->\n\n\n\n<p>O dossi\u00ea, com 579 nomes de servidores federais e estaduais de seguran\u00e7a identificados como integrantes do &#8220;movimento antifascismo&#8221; e professores universit\u00e1rios, foi elaborado pela Secretaria de Opera\u00e7\u00f5es Integradas (Seopi), subordinada ao ministro da Justi\u00e7a, Andr\u00e9 Mendon\u00e7a.&nbsp;<\/p>\n\n\n\n<p>De acordo com reportagem do jornal\u00a0<a rel=\"noreferrer noopener\" target=\"_blank\" href=\"https:\/\/politica.estadao.com.br\/noticias\/geral,comissao-interamericana-de-direitos-humanos-critica-monitoramento-de-opositores-por-ministerio,70003376921\">O Estado de S. Paulo<\/a>, o \u00f3rg\u00e3o da OEA ressaltou estar preocupado com o monitoramento de Paulo Sergio Pinheiro, que foi relator da Inf\u00e2ncia da CIDH entre os anos de 2004 e 2011 e ex-secret\u00e1rio de Direitos Humanos.\u00a0<br><\/p>\n\n\n\n<p>Neste domingo (26), a Rede Sustentabilidade pediu que o Supremo Tribunal Federal (STF) determine a abertura de um&nbsp;<a target=\"_blank\" rel=\"noreferrer noopener\" href=\"https:\/\/www.brasil247.com\/regionais\/brasilia\/rede-vai-o-stf-pela-abertura-de-inquerito-sobre-dossie-antifascista-criado-pelo-governo\">inqu\u00e9rito<\/a>&nbsp;junto \u00e0 Pol\u00edcia Federal para investigar o dossi\u00ea elaborado pelo Minist\u00e9rio da Justi\u00e7a.<\/p>\n\n\n\n<p>\u201cO que se v\u00ea \u00e9 um aparelhamento estatal em prol de persegui\u00e7\u00f5es pol\u00edticas e ideol\u00f3gicas a partir de uma b\u00fassola cujo norte \u00e9 o governante de plant\u00e3o: quem dele discorda merece ser secretamente investigado e ter sua imagem exposta em dossi\u00eas \u2018da vergonha\u2019 perante suas institui\u00e7\u00f5es laborais\u201d, ressaltou a Rede.&nbsp;<br><\/p>\n","protected":false},"excerpt":{"rendered":"<p>247 &#8211;&nbsp;A Comiss\u00e3o Interamericana de Direitos Humanos da Organiza\u00e7\u00e3o dos Estados Americanos (CIDH\/OEA) criticou duramente a investiga\u00e7\u00e3o e elabora\u00e7\u00e3o de&nbsp;dossi\u00eas&nbsp;contra opositores do governo Jair Bolsonaro por parte do Minist\u00e9rio da Justi\u00e7a. Por meio de nota, a comiss\u00e3o ressaltou ser necess\u00e1rio que o Brasil \u201c siga respeitando o direito \u00e0 liberdade de express\u00e3o de servidores p\u00fablicos&#8230;<a class=\"more-link\" href=\"http:\/\/blogdalucianaoliveira.com.br\/blog\/2020\/07\/27\/comissao-interamericana-de-direitos-humanos-protesta-contra-vigilancia-ilegal-da-oposicao-por-bolsonaro\/\">Continue a leitura <span class=\"meta-nav\">&raquo;<\/span><\/a><\/p>\n","protected":false},"author":1,"featured_media":0,"comment_status":"closed","ping_status":"open","sticky":false,"template":"","format":"standard","meta":{"_exactmetrics_skip_tracking":false,"_exactmetrics_sitenote_active":false,"_exactmetrics_sitenote_note":"","_exactmetrics_sitenote_category":0,"jetpack_post_was_ever_published":false,"_jetpack_newsletter_access":"","_jetpack_dont_email_post_to_subs":false,"_jetpack_newsletter_tier_id":0,"_jetpack_memberships_contains_paywalled_content":false,"_jetpack_memberships_contains_paid_content":false,"footnotes":"","jetpack_publicize_message":"","jetpack_publicize_feature_enabled":true,"jetpack_social_post_already_shared":true,"jetpack_social_options":{"image_generator_settings":{"template":"highway","enabled":false},"version":2}},"categories":[1],"tags":[],"class_list":["post-29297","post","type-post","status-publish","format-standard","hentry","category-notas"],"jetpack_publicize_connections":[],"jetpack_sharing_enabled":true,"jetpack_featured_media_url":"","jetpack_shortlink":"https:\/\/wp.me\/p7wKYW-7Cx","jetpack-related-posts":[],"_links":{"self":[{"href":"http:\/\/blogdalucianaoliveira.com.br\/blog\/wp-json\/wp\/v2\/posts\/29297","targetHints":{"allow":["GET"]}}],"collection":[{"href":"http:\/\/blogdalucianaoliveira.com.br\/blog\/wp-json\/wp\/v2\/posts"}],"about":[{"href":"http:\/\/blogdalucianaoliveira.com.br\/blog\/wp-json\/wp\/v2\/types\/post"}],"author":[{"embeddable":true,"href":"http:\/\/blogdalucianaoliveira.com.br\/blog\/wp-json\/wp\/v2\/users\/1"}],"replies":[{"embeddable":true,"href":"http:\/\/blogdalucianaoliveira.com.br\/blog\/wp-json\/wp\/v2\/comments?post=29297"}],"version-history":[{"count":1,"href":"http:\/\/blogdalucianaoliveira.com.br\/blog\/wp-json\/wp\/v2\/posts\/29297\/revisions"}],"predecessor-version":[{"id":29298,"href":"http:\/\/blogdalucianaoliveira.com.br\/blog\/wp-json\/wp\/v2\/posts\/29297\/revisions\/29298"}],"wp:attachment":[{"href":"http:\/\/blogdalucianaoliveira.com.br\/blog\/wp-json\/wp\/v2\/media?parent=29297"}],"wp:term":[{"taxonomy":"category","embeddable":true,"href":"http:\/\/blogdalucianaoliveira.com.br\/blog\/wp-json\/wp\/v2\/categories?post=29297"},{"taxonomy":"post_tag","embeddable":true,"href":"http:\/\/blogdalucianaoliveira.com.br\/blog\/wp-json\/wp\/v2\/tags?post=29297"}],"curies":[{"name":"wp","href":"https:\/\/api.w.org\/{rel}","templated":true}]}}