{"id":29305,"date":"2020-07-28T09:41:23","date_gmt":"2020-07-28T13:41:23","guid":{"rendered":"http:\/\/blogdalucianaoliveira.com.br\/blog\/?p=29305"},"modified":"2020-07-28T09:41:33","modified_gmt":"2020-07-28T13:41:33","slug":"comissao-da-camara-dos-eua-pede-que-bolsonaros-fiquem-de-fora-da-eleicao-americana","status":"publish","type":"post","link":"http:\/\/blogdalucianaoliveira.com.br\/blog\/2020\/07\/28\/comissao-da-camara-dos-eua-pede-que-bolsonaros-fiquem-de-fora-da-eleicao-americana\/","title":{"rendered":"Comiss\u00e3o da C\u00e2mara dos EUA pede que Bolsonaros fiquem &#8216;de fora&#8217; da elei\u00e7\u00e3o americana"},"content":{"rendered":"\n<figure class=\"wp-block-image size-large\"><img data-recalc-dims=\"1\" loading=\"lazy\" decoding=\"async\" width=\"300\" height=\"200\" data-attachment-id=\"29306\" data-permalink=\"http:\/\/blogdalucianaoliveira.com.br\/blog\/2020\/07\/28\/comissao-da-camara-dos-eua-pede-que-bolsonaros-fiquem-de-fora-da-eleicao-americana\/image-53-8\/\" data-orig-file=\"https:\/\/i0.wp.com\/blogdalucianaoliveira.com.br\/blog\/wp-content\/uploads\/2020\/07\/image-53.jpeg?fit=300%2C200\" data-orig-size=\"300,200\" data-comments-opened=\"0\" data-image-meta=\"{&quot;aperture&quot;:&quot;4&quot;,&quot;credit&quot;:&quot;&quot;,&quot;camera&quot;:&quot;ILCE-9&quot;,&quot;caption&quot;:&quot;EUA 30\\\/08\\\/2019 President Donald J. Trump, joined by Secretary of State Mike Pompeo, meets with Brazil\\u0092s Minister of Foreign Affairs Ernesto Henrique Araujo; Brazil Congressman and Foreign Affairs Committee President Eduardo Nantes Bolsonaro and Brazil International Affairs Advisor Filipe Martins on Friday, Aug. 30, 2019, in the Oval Office of the White House. Official White House Photo by Joyce N. Boghosian&quot;,&quot;created_timestamp&quot;:&quot;1567184156&quot;,&quot;copyright&quot;:&quot;&quot;,&quot;focal_length&quot;:&quot;39&quot;,&quot;iso&quot;:&quot;2000&quot;,&quot;shutter_speed&quot;:&quot;0.004&quot;,&quot;title&quot;:&quot;&quot;,&quot;orientation&quot;:&quot;0&quot;}\" data-image-title=\"image-53\" data-image-description=\"\" data-image-caption=\"&lt;p&gt;EUA 30\/08\/2019 President Donald J. Trump, joined by Secretary of State Mike Pompeo, meets with Brazil\u0092s Minister of Foreign Affairs Ernesto Henrique Araujo; Brazil Congressman and Foreign Affairs Committee President Eduardo Nantes Bolsonaro and Brazil International Affairs Advisor Filipe Martins on Friday, Aug. 30, 2019, in the Oval Office of the White House. Official White House Photo by Joyce N. Boghosian&lt;\/p&gt;\n\" data-medium-file=\"https:\/\/i0.wp.com\/blogdalucianaoliveira.com.br\/blog\/wp-content\/uploads\/2020\/07\/image-53.jpeg?fit=300%2C200\" data-large-file=\"https:\/\/i0.wp.com\/blogdalucianaoliveira.com.br\/blog\/wp-content\/uploads\/2020\/07\/image-53.jpeg?fit=300%2C200\" src=\"https:\/\/i0.wp.com\/blogdalucianaoliveira.com.br\/blog\/wp-content\/uploads\/2020\/07\/image-53.jpeg?resize=300%2C200\" alt=\"\" class=\"wp-image-29306\"\/><\/figure>\n\n\n\n<h4 class=\"wp-block-heading\">O presidente da Comiss\u00e3o de Rela\u00e7\u00f5es Exteriores da C\u00e2mara dos Estados Unidos rebateu publica\u00e7\u00e3o a favor de Trump postada por Eduardo Bolsonaro nas redes sociais<\/h4>\n\n\n\n<!--more-->\n\n\n\n<p>Reda\u00e7\u00e3o, O Estado de S.Paulo<\/p>\n\n\n\n<p>A\u00a0<strong>Comiss\u00e3o de Rela\u00e7\u00f5es Exteriores da C\u00e2mara dos Estados Unidos<\/strong>\u00a0defendeu\u00a0nesta segunda-feira, 27, que a fam\u00edlia Bolsonaro precisa ficar \u201cde fora\u201d das elei\u00e7\u00f5es americanas deste ano.\u00a0A manifesta\u00e7\u00e3o, que foi feita por meio das redes sociais, \u00e9 assinada por\u00a0<strong>Eliot Engel<\/strong>, presidente da Comiss\u00e3o.\u00a0<br><\/p>\n\n\n\n<p>Deputado pelo partido Democrata, Engel criticou um v\u00eddeo publicado pelo deputado&nbsp;<strong><a href=\"https:\/\/tudo-sobre.estadao.com.br\/eduardo-bolsonaro\">Eduardo Bolsonaro (PSL-SP)&nbsp;<\/a><\/strong>no qual o filho do presidente Jair Bolsonaro pede \u201cTrump 2020\u201d ao se referir&nbsp;\u00e0 corrida eleitoral de novembro.&nbsp;<\/p>\n\n\n\n<p>Em resposta, Engel disse\u00a0que &#8220;j\u00e1 vimos este filme antes&#8221;, o que classificou como &#8220;vergonhoso e inaceit\u00e1vel&#8221;. \u201cA fam\u00edlia Bolsonaro precisa ficar DE\u00a0FORA das elei\u00e7\u00f5es dos EUA\u201d, concluiu. Formada por maioria democrata, a Comiss\u00e3o presidida por ele \u00e9 respons\u00e1vel pela legisla\u00e7\u00e3o e supervis\u00e3o da pol\u00edtica externa do Pa\u00eds.<\/p>\n\n\n\n<figure class=\"wp-block-embed-twitter wp-block-embed is-type-rich is-provider-twitter\"><div class=\"wp-block-embed__wrapper\">\n<blockquote class=\"twitter-tweet\" data-width=\"550\" data-dnt=\"true\"><p lang=\"en\" dir=\"ltr\">\u201cWe\u2019ve seen this playbook before. It\u2019s disgraceful and unacceptable.<br><br>The Bolsonaro family needs to stay OUT of the U.S. election.\u201d<br>-Chairman <a href=\"https:\/\/twitter.com\/RepEliotEngel?ref_src=twsrc%5Etfw\">@RepEliotEngel<\/a> <a href=\"https:\/\/t.co\/VZtcWLfUFN\">https:\/\/t.co\/VZtcWLfUFN<\/a><\/p>&mdash; House Foreign Affairs Committee Dems (@HouseForeign) <a href=\"https:\/\/twitter.com\/HouseForeign\/status\/1287880583918415872?ref_src=twsrc%5Etfw\">July 27, 2020<\/a><\/blockquote><script async src=\"https:\/\/platform.twitter.com\/widgets.js\" charset=\"utf-8\"><\/script>\n<\/div><\/figure>\n\n\n\n<p>A fam\u00edlia Bolsonaro j\u00e1 demonstrou apoio a&nbsp;<strong>Trump<\/strong>&nbsp;em diversas oportunidades. O pr\u00f3prio presidente Jair Bolsonaro j\u00e1 se declarou publicamente f\u00e3 do americano e afirmou torcer por sua reelei\u00e7\u00e3o &#8211; um gesto que contraria a tradi\u00e7\u00e3o diplom\u00e1tica de n\u00e3o se envolver em disputas dom\u00e9sticas.&nbsp;&nbsp;<\/p>\n\n\n\n<p>A mesma linha foi adotada por Eduardo Bolsonaro, que no ano passado chegou a ser cotado para a embaixada do Brasil em Washington.&nbsp;<strong><a href=\"https:\/\/politica.estadao.com.br\/noticias\/geral,eduardo-bolsonaro-desiste-de-embaixada-nos-eua,70003060159\">Sem apoio no Senado para emplacar seu nome, no entanto, Eduardo acabou desistindo da indica\u00e7\u00e3o<\/a><\/strong>, que havia sido defendida por seu pai.&nbsp;&nbsp;<\/p>\n\n\n\n<p>Em entrevista ao&nbsp;<strong>Estad\u00e3o<\/strong>&nbsp;neste m\u00eas, o ex-conselheiro de Seguran\u00e7a Nacional da Casa Branca&nbsp;<strong><a href=\"https:\/\/internacional.estadao.com.br\/noticias\/geral,em-entrevista-ao-estadao-bolton-diz-que-bolsonaro-precisa-abrir-canais-com-biden,70003364194\">John Bolton avaliou que, se levar em considera\u00e7\u00e3o o interesse do Brasil na rela\u00e7\u00e3o com os americanos, o presidente Jair Bolsonaro precisa \u201cabrir linhas de comunica\u00e7\u00e3o\u201d com o partido Democrata nos EUA<\/a>.&nbsp;<\/strong><\/p>\n\n\n\n<p>No momento, o candidato democrata \u00e0s elei\u00e7\u00f5es de novembro,&nbsp;<strong>Joe Biden<\/strong>, lidera as pesquisas de inten\u00e7\u00e3o de voto em oito pontos percentuais.&nbsp;<\/p>\n","protected":false},"excerpt":{"rendered":"<p>O presidente da Comiss\u00e3o de Rela\u00e7\u00f5es Exteriores da C\u00e2mara dos Estados Unidos rebateu publica\u00e7\u00e3o a favor de Trump postada por Eduardo Bolsonaro nas redes sociais<\/p>\n","protected":false},"author":1,"featured_media":0,"comment_status":"closed","ping_status":"open","sticky":false,"template":"","format":"standard","meta":{"_exactmetrics_skip_tracking":false,"_exactmetrics_sitenote_active":false,"_exactmetrics_sitenote_note":"","_exactmetrics_sitenote_category":0,"jetpack_post_was_ever_published":false,"_jetpack_newsletter_access":"","_jetpack_dont_email_post_to_subs":false,"_jetpack_newsletter_tier_id":0,"_jetpack_memberships_contains_paywalled_content":false,"_jetpack_memberships_contains_paid_content":false,"footnotes":"","jetpack_publicize_message":"","jetpack_publicize_feature_enabled":true,"jetpack_social_post_already_shared":true,"jetpack_social_options":{"image_generator_settings":{"template":"highway","enabled":false},"version":2}},"categories":[1],"tags":[],"class_list":["post-29305","post","type-post","status-publish","format-standard","hentry","category-notas"],"jetpack_publicize_connections":[],"jetpack_sharing_enabled":true,"jetpack_featured_media_url":"","jetpack_shortlink":"https:\/\/wp.me\/p7wKYW-7CF","jetpack-related-posts":[],"_links":{"self":[{"href":"http:\/\/blogdalucianaoliveira.com.br\/blog\/wp-json\/wp\/v2\/posts\/29305","targetHints":{"allow":["GET"]}}],"collection":[{"href":"http:\/\/blogdalucianaoliveira.com.br\/blog\/wp-json\/wp\/v2\/posts"}],"about":[{"href":"http:\/\/blogdalucianaoliveira.com.br\/blog\/wp-json\/wp\/v2\/types\/post"}],"author":[{"embeddable":true,"href":"http:\/\/blogdalucianaoliveira.com.br\/blog\/wp-json\/wp\/v2\/users\/1"}],"replies":[{"embeddable":true,"href":"http:\/\/blogdalucianaoliveira.com.br\/blog\/wp-json\/wp\/v2\/comments?post=29305"}],"version-history":[{"count":1,"href":"http:\/\/blogdalucianaoliveira.com.br\/blog\/wp-json\/wp\/v2\/posts\/29305\/revisions"}],"predecessor-version":[{"id":29307,"href":"http:\/\/blogdalucianaoliveira.com.br\/blog\/wp-json\/wp\/v2\/posts\/29305\/revisions\/29307"}],"wp:attachment":[{"href":"http:\/\/blogdalucianaoliveira.com.br\/blog\/wp-json\/wp\/v2\/media?parent=29305"}],"wp:term":[{"taxonomy":"category","embeddable":true,"href":"http:\/\/blogdalucianaoliveira.com.br\/blog\/wp-json\/wp\/v2\/categories?post=29305"},{"taxonomy":"post_tag","embeddable":true,"href":"http:\/\/blogdalucianaoliveira.com.br\/blog\/wp-json\/wp\/v2\/tags?post=29305"}],"curies":[{"name":"wp","href":"https:\/\/api.w.org\/{rel}","templated":true}]}}