{"id":29308,"date":"2020-07-28T10:06:25","date_gmt":"2020-07-28T14:06:25","guid":{"rendered":"http:\/\/blogdalucianaoliveira.com.br\/blog\/?p=29308"},"modified":"2020-07-28T10:08:53","modified_gmt":"2020-07-28T14:08:53","slug":"um-ministro-terrivelmente-servil-por-cristina-serra","status":"publish","type":"post","link":"http:\/\/blogdalucianaoliveira.com.br\/blog\/2020\/07\/28\/um-ministro-terrivelmente-servil-por-cristina-serra\/","title":{"rendered":"Um ministro terrivelmente servil, por Cristina Serra"},"content":{"rendered":"\n<figure class=\"wp-block-image\"><img data-recalc-dims=\"1\" decoding=\"async\" src=\"https:\/\/i0.wp.com\/www.tijolaco.net\/blog\/wp-content\/uploads\/2020\/07\/terrivelmente.png?w=600\" alt=\"\"\/><\/figure>\n\n\n\n<p>No Tjiola\u00e7o, por Fernando Brito &#8211; O artigo de Cristina Serra \u2013 sempre coerente e competente companheira, desde os tempos do velho JB \u2013 na&nbsp;<em>Folha<\/em>&nbsp;de hoje, onde p\u00f5e \u00e0 luz o comportamento do ministro da Justi\u00e7a, Andr\u00e9 Mendon\u00e7a, \u00e9 um retrato do que a ambi\u00e7\u00e3o faz \u00e0s pessoas. Benquisto e sereno quando era apenas um advogado da Uni\u00e3o, vem se mostrando o falc\u00e3o do bolsonarismo, desde que come\u00e7ou a receber os afagos presidenciais com a hist\u00f3ria de indicar ao Supremo um ministro \u201cterrivelmente evang\u00e9lico\u201d.<\/p>\n\n\n\n<!--more-->\n\n\n\n<p>Antes de reproduzir o texto, duas informa\u00e7\u00f5es.<\/p>\n\n\n\n<p>A primeira, que o Minist\u00e9rio P\u00fablico Federal abriu ontem um procedimento para apurar a conduta da Secretaria de Opera\u00e7\u00f5es Integradas (Seopi) do Minist\u00e9rio da Justi\u00e7a ao abrir investiga\u00e7\u00e3o sobre servidores por terem se declarado \u201cantifascista\u201d, que levantou suaspeitas de que o \u00f3rg\u00e3o esteja sendo usado como um&nbsp;<a href=\"http:\/\/www.tijolaco.net\/blog\/o-dops-do-bolsonaro\/\" target=\"_blank\" rel=\"noreferrer noopener\">Dops de Bolsonaro.<\/a><\/p>\n\n\n\n<p>A segunda, que o autor da reportagem que come\u00e7ou a iluminar este desv\u00e3o sombrio de Mendon\u00e7a, Rubem Valente,&nbsp;<a href=\"https:\/\/www.facebook.com\/geracaoeditorial\/videos\/616055205709970\/\" target=\"_blank\" rel=\"noreferrer noopener\">estar\u00e1 hoje numa live com o jornalista Lu\u00eds Costa Pinto e o editor Lu\u00eds Fernando Emediato<\/a>. Valente, no&nbsp;<a href=\"https:\/\/noticias.uol.com.br\/colunas\/rubens-valente\/2020\/07\/28\/senador-inteligencia-comissao-antifascistas.htm\" target=\"_blank\" rel=\"noreferrer noopener\">UOL<\/a>, adianta que o presidente da Comiss\u00e3o Mista de Controle das Atividades de Intelig\u00eancia no Congresso, o senador Nelsinho Trad (PSD-MS), pretende convocar Mendon\u00e7a a explicar-se sobre o dossi\u00ea, que classificou de \u201cconstrangedor, estranho e in\u00fatil\u201d.<\/p>\n\n\n\n<h2 class=\"wp-block-heading\"><a href=\"https:\/\/www1.folha.uol.com.br\/colunas\/cristina-serra\/2020\/07\/arapongas-no-ministerio-da-justica.shtml\" target=\"_blank\" rel=\"noreferrer noopener\"><em>Arapongas no Minist\u00e9rio da Justi\u00e7a<\/em><\/a><\/h2>\n\n\n\n<p><em><strong>Cristina Serra, na Folha<\/strong><\/em><\/p>\n\n\n\n<p><em>O ministro da Justi\u00e7a e Seguran\u00e7a P\u00fablica, Andr\u00e9 Mendon\u00e7a, deve explica\u00e7\u00f5es \u00e0 sociedade sobre a atua\u00e7\u00e3o de um \u00f3rg\u00e3o a ele subordinado, a Secretaria de Opera\u00e7\u00f5es Integradas (Seopi). O rep\u00f3rter Rubens Valente revelou no UOL que a Seopi produziu um&nbsp;<a href=\"https:\/\/www1.folha.uol.com.br\/poder\/2020\/07\/acao-sigilosa-do-governo-mira-professores-e-policiais-antifascistas.shtml\">dossi\u00ea com informa\u00e7\u00f5es<\/a>&nbsp;sobre 579 pessoas, a maioria servidores de \u00f3rg\u00e3os de seguran\u00e7a p\u00fablica, que integrariam um certo \u201cmovimento antifascismo\u201d.<\/em><\/p>\n\n\n\n<p><em>Tudo indica que estamos diante de uma estrutura de espionagem e intimida\u00e7\u00e3o, aos moldes ditatoriais.Tamb\u00e9m foram alvo da bisbilhotice intelectuais do porte de Paulo S\u00e9rgio Pinheiro, integrante da extinta Comiss\u00e3o Nacional da Verdade e da Comiss\u00e3o Arns, de defesa dos direitos humanos, que tem se manifestado de maneira firme contra atos de Jair Bolsonaro, como a incita\u00e7\u00e3o ao genoc\u00eddio de povos ind\u00edgenas.<\/em><\/p>\n\n\n\n<p><em>O ministro tamb\u00e9m deveria esclarecer por que revogou normas que facilitariam o rastreamento de armas destinadas aos agentes da For\u00e7a Nacional de Seguran\u00e7a. A revoga\u00e7\u00e3o se soma a outras medidas tomadas por Bolsonaro que aumentam o descontrole da circula\u00e7\u00e3o de armamento no pa\u00eds. A quem isso interessa ?<\/em><\/p>\n\n\n\n<p><em>Andr\u00e9 Mendon\u00e7a \u00e9 o mesmo que chamou Bolsonaro de \u201cprofeta\u201d e que n\u00e3o hesita em intimidar jornalistas cr\u00edticos ao governo recorrendo \u00e0 Lei de Seguran\u00e7a Nacional, restolho do regime militar e anomalia jur\u00eddica mantida na ordem democr\u00e1tica como tumor n\u00e3o extirpado.<br><\/em><\/p>\n\n\n\n<p><em>Quando ainda respondia pela Advocacia-Geral da Uni\u00e3o, criticou governadores e prefeitos por tomarem medidas \u201cautorit\u00e1rias\u201d no combate \u00e0 pandemia. J\u00e1 ministro, quando um grupo de celerados atacou o Supremo Tribunal Federal com fogos de artif\u00edcio, afirmou que era preciso compreender a \u201ccr\u00edtica\u201d e a \u201cmanifesta\u00e7\u00e3o\u201d do povo com \u201chumildade\u201d.<\/em><\/p>\n\n\n\n<p><em>Bolsonaro j\u00e1 disse que pretende indicar para o STF um ministro \u201cterrivelmente evang\u00e9lico\u201d e que Mendon\u00e7a \u2014pastor presbiteriano\u2014 se encaixa nessa defini\u00e7\u00e3o. Um alinhamento terrivelmente servil tamb\u00e9m pode garantir pontos extras na disputa.<\/em><\/p>\n","protected":false},"excerpt":{"rendered":"<p>No Tjiola\u00e7o, por Fernando Brito &#8211; O artigo de Cristina Serra \u2013 sempre coerente e competente companheira, desde os tempos do velho JB \u2013 na&nbsp;Folha&nbsp;de hoje, onde p\u00f5e \u00e0 luz o comportamento do ministro da Justi\u00e7a, Andr\u00e9 Mendon\u00e7a, \u00e9 um retrato do que a ambi\u00e7\u00e3o faz \u00e0s pessoas. Benquisto e sereno quando era apenas um&#8230;<a class=\"more-link\" href=\"http:\/\/blogdalucianaoliveira.com.br\/blog\/2020\/07\/28\/um-ministro-terrivelmente-servil-por-cristina-serra\/\">Continue a leitura <span class=\"meta-nav\">&raquo;<\/span><\/a><\/p>\n","protected":false},"author":1,"featured_media":29310,"comment_status":"closed","ping_status":"open","sticky":false,"template":"","format":"standard","meta":{"_exactmetrics_skip_tracking":false,"_exactmetrics_sitenote_active":false,"_exactmetrics_sitenote_note":"","_exactmetrics_sitenote_category":0,"jetpack_post_was_ever_published":false,"_jetpack_newsletter_access":"","_jetpack_dont_email_post_to_subs":false,"_jetpack_newsletter_tier_id":0,"_jetpack_memberships_contains_paywalled_content":false,"_jetpack_memberships_contains_paid_content":false,"footnotes":"","jetpack_publicize_message":"","jetpack_publicize_feature_enabled":true,"jetpack_social_post_already_shared":true,"jetpack_social_options":{"image_generator_settings":{"template":"highway","enabled":false},"version":2}},"categories":[1],"tags":[],"class_list":["post-29308","post","type-post","status-publish","format-standard","has-post-thumbnail","hentry","category-notas"],"jetpack_publicize_connections":[],"jetpack_sharing_enabled":true,"jetpack_featured_media_url":"https:\/\/i0.wp.com\/blogdalucianaoliveira.com.br\/blog\/wp-content\/uploads\/2020\/07\/servil.png?fit=600%2C295","jetpack_shortlink":"https:\/\/wp.me\/p7wKYW-7CI","jetpack-related-posts":[],"_links":{"self":[{"href":"http:\/\/blogdalucianaoliveira.com.br\/blog\/wp-json\/wp\/v2\/posts\/29308","targetHints":{"allow":["GET"]}}],"collection":[{"href":"http:\/\/blogdalucianaoliveira.com.br\/blog\/wp-json\/wp\/v2\/posts"}],"about":[{"href":"http:\/\/blogdalucianaoliveira.com.br\/blog\/wp-json\/wp\/v2\/types\/post"}],"author":[{"embeddable":true,"href":"http:\/\/blogdalucianaoliveira.com.br\/blog\/wp-json\/wp\/v2\/users\/1"}],"replies":[{"embeddable":true,"href":"http:\/\/blogdalucianaoliveira.com.br\/blog\/wp-json\/wp\/v2\/comments?post=29308"}],"version-history":[{"count":2,"href":"http:\/\/blogdalucianaoliveira.com.br\/blog\/wp-json\/wp\/v2\/posts\/29308\/revisions"}],"predecessor-version":[{"id":29311,"href":"http:\/\/blogdalucianaoliveira.com.br\/blog\/wp-json\/wp\/v2\/posts\/29308\/revisions\/29311"}],"wp:featuredmedia":[{"embeddable":true,"href":"http:\/\/blogdalucianaoliveira.com.br\/blog\/wp-json\/wp\/v2\/media\/29310"}],"wp:attachment":[{"href":"http:\/\/blogdalucianaoliveira.com.br\/blog\/wp-json\/wp\/v2\/media?parent=29308"}],"wp:term":[{"taxonomy":"category","embeddable":true,"href":"http:\/\/blogdalucianaoliveira.com.br\/blog\/wp-json\/wp\/v2\/categories?post=29308"},{"taxonomy":"post_tag","embeddable":true,"href":"http:\/\/blogdalucianaoliveira.com.br\/blog\/wp-json\/wp\/v2\/tags?post=29308"}],"curies":[{"name":"wp","href":"https:\/\/api.w.org\/{rel}","templated":true}]}}