{"id":29315,"date":"2020-07-28T20:53:36","date_gmt":"2020-07-29T00:53:36","guid":{"rendered":"http:\/\/blogdalucianaoliveira.com.br\/blog\/?p=29315"},"modified":"2020-07-28T20:53:45","modified_gmt":"2020-07-29T00:53:45","slug":"combate-a-desmatamentos-e-duramente-criticado-por-defensores-da-amazonia","status":"publish","type":"post","link":"http:\/\/blogdalucianaoliveira.com.br\/blog\/2020\/07\/28\/combate-a-desmatamentos-e-duramente-criticado-por-defensores-da-amazonia\/","title":{"rendered":"Combate a desmatamentos \u00e9 duramente criticado por defensores da Amaz\u00f4nia"},"content":{"rendered":"\n<figure class=\"wp-block-image size-large\"><img loading=\"lazy\" decoding=\"async\" width=\"2000\" height=\"1331\" data-attachment-id=\"29316\" data-permalink=\"http:\/\/blogdalucianaoliveira.com.br\/blog\/2020\/07\/28\/combate-a-desmatamentos-e-duramente-criticado-por-defensores-da-amazonia\/image-54-8\/\" data-orig-file=\"https:\/\/i0.wp.com\/blogdalucianaoliveira.com.br\/blog\/wp-content\/uploads\/2020\/07\/image-54.jpeg?fit=2000%2C1331\" data-orig-size=\"2000,1331\" data-comments-opened=\"0\" data-image-meta=\"{&quot;aperture&quot;:&quot;0&quot;,&quot;credit&quot;:&quot;&quot;,&quot;camera&quot;:&quot;&quot;,&quot;caption&quot;:&quot;&quot;,&quot;created_timestamp&quot;:&quot;0&quot;,&quot;copyright&quot;:&quot;&quot;,&quot;focal_length&quot;:&quot;0&quot;,&quot;iso&quot;:&quot;0&quot;,&quot;shutter_speed&quot;:&quot;0&quot;,&quot;title&quot;:&quot;&quot;,&quot;orientation&quot;:&quot;0&quot;}\" data-image-title=\"image-54\" data-image-description=\"\" data-image-caption=\"\" data-medium-file=\"https:\/\/i0.wp.com\/blogdalucianaoliveira.com.br\/blog\/wp-content\/uploads\/2020\/07\/image-54.jpeg?fit=300%2C200\" data-large-file=\"https:\/\/i0.wp.com\/blogdalucianaoliveira.com.br\/blog\/wp-content\/uploads\/2020\/07\/image-54.jpeg?fit=600%2C399\" src=\"https:\/\/i1.wp.com\/blogdalucianaoliveira.com.br\/blog\/wp-content\/uploads\/2020\/07\/image-54.jpeg?fit=600%2C399\" alt=\"\" class=\"wp-image-29316\" srcset=\"https:\/\/i0.wp.com\/blogdalucianaoliveira.com.br\/blog\/wp-content\/uploads\/2020\/07\/image-54.jpeg?w=2000 2000w, https:\/\/i0.wp.com\/blogdalucianaoliveira.com.br\/blog\/wp-content\/uploads\/2020\/07\/image-54.jpeg?resize=300%2C200 300w, https:\/\/i0.wp.com\/blogdalucianaoliveira.com.br\/blog\/wp-content\/uploads\/2020\/07\/image-54.jpeg?resize=1024%2C681 1024w, https:\/\/i0.wp.com\/blogdalucianaoliveira.com.br\/blog\/wp-content\/uploads\/2020\/07\/image-54.jpeg?resize=768%2C511 768w, https:\/\/i0.wp.com\/blogdalucianaoliveira.com.br\/blog\/wp-content\/uploads\/2020\/07\/image-54.jpeg?resize=1536%2C1022 1536w, https:\/\/i0.wp.com\/blogdalucianaoliveira.com.br\/blog\/wp-content\/uploads\/2020\/07\/image-54.jpeg?resize=451%2C300 451w, https:\/\/i0.wp.com\/blogdalucianaoliveira.com.br\/blog\/wp-content\/uploads\/2020\/07\/image-54.jpeg?w=1200 1200w, https:\/\/i0.wp.com\/blogdalucianaoliveira.com.br\/blog\/wp-content\/uploads\/2020\/07\/image-54.jpeg?w=1800 1800w\" sizes=\"auto, (max-width: 600px) 100vw, 600px\" \/><\/figure>\n\n\n\n<p><strong>Por Luciana Oliveira, especial para a Amaz\u00f4nia Real<\/strong><\/p>\n\n\n\n<p><strong>Porto Velho (RO) \u2013<\/strong>&nbsp;\u201cO Ex\u00e9rcito brasileiro n\u00e3o foi criado para comandar opera\u00e7\u00f5es ambientais, por isso faz menos com muito mais recursos\u201d. A frase de uma das ambientalistas mais importantes da regi\u00e3o amaz\u00f4nica,<a href=\"https:\/\/amazoniareal.com.br\/historiadora-diz-que-decisao-do-tj-de-rondonia-sobre-adocao-coloca-em-risco-criancas-indigenas\/\" target=\"_blank\" rel=\"noreferrer noopener\">Ivaneide Bandeira<\/a>, engrossa o coro das organiza\u00e7\u00f5es n\u00e3o-governamentais que criticam o expressivo esfor\u00e7o militar para evitar desmatamentos e queimadas com base em decreto de Garantia da Lei e da Ordem (GLO).<\/p>\n\n\n\n<!--more-->\n\n\n\n<p>Em conjunto, o Instituto Democracia e Sustentabilidade, Instituto Socioambiental, International Rivers Network, Observat\u00f3rio do Clima, Transpar\u00eancia Internacional-Brasil, Grupo de Trabalho Infraestrutura da Amaz\u00f4nia e WWF-Brasil protocolaram em 16 de julho um requerimento no&nbsp;<a href=\"https:\/\/www.correiobraziliense.com.br\/app\/noticia\/brasil\/2020\/07\/16\/interna-brasil,872759\/tcu-e-pressionado-para-concluir-auditoria-na-politica-ambiental-do-gov.shtml\" target=\"_blank\" rel=\"noreferrer noopener\">Tribunal de Contas da Uni\u00e3o (TCU)<\/a>&nbsp;para apurar gastos e efici\u00eancia das a\u00e7\u00f5es militares.&nbsp;<\/p>\n\n\n\n<p>As organiza\u00e7\u00f5es ambientais tamb\u00e9m querem saber se as institui\u00e7\u00f5es financeiras est\u00e3o cumprindo a regra de n\u00e3o conceder cr\u00e9dito rural, subsidiado com recursos p\u00fablicos, a im\u00f3veis com \u00e1reas desmatadas ilegalmente e embargadas.<\/p>\n\n\n\n<p>\u201cOs militares est\u00e3o gastando um dinheiro absurdo para pouco resultado. O que est\u00e1 por tr\u00e1s disso? Temos institui\u00e7\u00f5es criadas com fins de prote\u00e7\u00e3o e com experi\u00eancia t\u00e9cnica de anos. O governo tinha que fortalecer o trabalho do Ibama, do ICMbio e da Funai\u201d, afirmou Ivaneide Bandeira, coordenadora da Kanind\u00e9,&nbsp;<a href=\"https:\/\/www.kaninde.org.br\/costuras-de-amor-doa-300-mascaras-para-kaninde-distribuir-entre-indigenas\/\" target=\"_blank\" rel=\"noreferrer noopener\">Associa\u00e7\u00e3o de Defesa Etnoambiental de Rond\u00f4nia<\/a>que h\u00e1 28 anos atua para proteger o meio ambiente, os povos e territ\u00f3rios ind\u00edgenas.<\/p>\n\n\n\n<p>As organiza\u00e7\u00f5es n\u00e3o-governamentais condenam o resultado da&nbsp;<a rel=\"noreferrer noopener\" href=\"https:\/\/www.gov.br\/pt-br\/noticias\/justica-e-seguranca\/2020\/06\/operacao-verde-brasil-2-sera-prorrogada-segundo-vice-presidente\" target=\"_blank\">Opera\u00e7\u00e3o Verde Brasil 2<\/a>, liderada pelo vice-presidente da Rep\u00fablica,&nbsp;<a rel=\"noreferrer noopener\" href=\"https:\/\/www.gazetadopovo.com.br\/republica\/amazonia-desmatamento-militares-exercito-operacao\/\" target=\"_blank\">general Hamilton Mour\u00e3o<\/a>, e criada para, em tese, proteger a floresta. Em junho, houve o aumento de&nbsp;<a rel=\"noreferrer noopener\" href=\"https:\/\/noticias.uol.com.br\/meio-ambiente\/ultimas-noticias\/redacao\/2020\/07\/10\/desmatamento-na-amazonia-sobe-25-no-primeiro-semestre-e-bate-recorde.htm\" target=\"_blank\">25% nos alertas de desmatamentos registrados&nbsp;<\/a>no sistema de Detec\u00e7\u00e3o de Desmatamento em Tempo Real (Deter) do Instituto Nacional de Pesquisas Espaciais (Inpe). Um total de 1.034,4 km\u00b2 da floresta amaz\u00f4nica foi devastada, um aumento recorde desde o in\u00edcio da s\u00e9rie hist\u00f3rica de monitoramento em 2015. No primeiro semestre, foram&nbsp;3.069,57 km\u00b2, um quarto a mais do que nos seis primeiros meses de 2019.<\/p>\n\n\n\n<figure class=\"wp-block-image\"><img data-recalc-dims=\"1\" height=\"399\" width=\"600\" decoding=\"async\" src=\"https:\/\/i0.wp.com\/amazoniareal.com.br\/wp-content\/uploads\/2020\/07\/operao-verde-brasil_49899080018_o-1024x681.jpg?resize=600%2C399\" alt=\"\" class=\"wp-image-58032\"\/><figcaption>Opera\u00e7\u00e3o Verde Brasil de combate ao desmatamento em Rond\u00f4nia&nbsp;<br>(Foto cabo Estevam\/CcomSex)<\/figcaption><\/figure>\n\n\n\n<hr class=\"wp-block-separator\"\/>\n\n\n\n<p>A segunda etapa da Opera\u00e7\u00e3o Verde Brasil come\u00e7ou em 11 de maio e durou 30 dias. Com um or\u00e7amento de R$ 60 milh\u00f5es, apresentou resultados irrelevantes. Mas o Minist\u00e9rio da Defesa fez quest\u00e3o de destacar que 110 embarca\u00e7\u00f5es foram apreendidas, 124 ve\u00edculos retidos por irregularidades e 14 mil metros c\u00fabicos de madeira ilegal foram confiscados.<\/p>\n\n\n\n<p>Em 10 de julho, Mour\u00e3o admitiu que o resultado foi frustrante com rela\u00e7\u00e3o ao combate a desmatamentos porque a opera\u00e7\u00e3o come\u00e7ou tarde. \u201cO come\u00e7o em maio vai nos dar uma situa\u00e7\u00e3o, vamos dizer assim, uma melhor em rela\u00e7\u00e3o \u00e0s queimadas, mas n\u00e3o ao desmatamento\u201d, declarou. Quatro dias depois, em reuni\u00e3o do Conselho da Amaz\u00f4nia, o general declarou que tem \u201cplanejamento para manter a GLO, se necess\u00e1rio, at\u00e9 o final do atual mandato presidencial, em 31 de dezembro de 2022\u201d. O decreto n\u00ba 10.341\/2020 deu poderes \u00e0s For\u00e7as Armadas na GLO.<\/p>\n\n\n\n<h4 class=\"wp-block-heading\"><strong>A atua\u00e7\u00e3o da GLO em cheque&nbsp;<\/strong><\/h4>\n\n\n\n<figure class=\"wp-block-image\"><img data-recalc-dims=\"1\" height=\"399\" width=\"600\" decoding=\"async\" src=\"https:\/\/i0.wp.com\/amazoniareal.com.br\/wp-content\/uploads\/2020\/07\/operao-verde-brasil_49898035171_o-1024x681.jpg?resize=600%2C399\" alt=\"\" class=\"wp-image-58029\"\/><figcaption>Opera\u00e7\u00e3o Verde Brasil de combate ao desmatamento em Rond\u00f4nia<br>(Foto cabo Estevam\/CcomSex)<\/figcaption><\/figure>\n\n\n\n<hr class=\"wp-block-separator\"\/>\n\n\n\n<p>A primeira edi\u00e7\u00e3o da Opera\u00e7\u00e3o Verde Brasil foi realizada de agosto a outubro de 2019, quando a&nbsp;<a href=\"https:\/\/amazoniareal.com.br\/amazonia-em-chamas-fumaca-das-queimadas-avanca-sobre-a-regiao-sudeste\/\" target=\"_blank\" rel=\"noreferrer noopener\">Amaz\u00f4nia ardia em chamas&nbsp;<\/a>e a resposta do governo de Jair Bolsonaro tamb\u00e9m j\u00e1 chegava tarde. Naquele per\u00edodo, o Inpe registrava mais de 58 mil focos ativos no bioma. O Minist\u00e9rio da Defesa informava o combate de apenas 1.835 focos de inc\u00eandio por vias terrestres e a\u00e9reas e 352 autos de infra\u00e7\u00e3o.&nbsp;<\/p>\n\n\n\n<p>A miss\u00e3o militar na fiscaliza\u00e7\u00e3o ambiental da Amaz\u00f4nia envolve as Pol\u00edcias Federal e Rodovi\u00e1ria Federal, Instituto Brasileiro do Meio Ambiente e dos Recursos Naturais Renov\u00e1veis (Ibama), Instituto Chico Mendes de Conserva\u00e7\u00e3o da Biodiversidade (ICMbio), For\u00e7a Nacional de Seguran\u00e7a P\u00fablica, Ag\u00eancia Brasileira de Intelig\u00eancia (ABIN) e Centro Gestor e Operacional do Sistema de Prote\u00e7\u00e3o da Amaz\u00f4nia (Censipam).<\/p>\n\n\n\n<p>Al\u00e9m disso, tr\u00eas comandos militares s\u00e3o acionados: Pr\u00edncipe da Beira (CCj PB), em Porto Velho (RO); Bar\u00e3o de Melga\u00e7o (CCj BM), em Cuiab\u00e1 (MT); e Marechal Soares de Andrea (CCj MSA), em Bel\u00e9m (PA).<\/p>\n\n\n\n<p>Em 19 de junho, o jornal&nbsp;<em><a href=\"https:\/\/sustentabilidade.estadao.com.br\/noticias\/geral,ministerio-publico-junto-ao-tcu-pede-investigacao-sobre-operacao-militar-na-amazonia,70003356752\" target=\"_blank\" rel=\"noreferrer noopener\">O Estado de S. Paulo<\/a><\/em>&nbsp;denunciou que os dados da Opera\u00e7\u00e3o Verde Brasil 2 foram inflados para embutir o resultado de opera\u00e7\u00f5es que n\u00e3o tinham liga\u00e7\u00e3o com o apoio militar. \u201cEm vez de 104 tratores de esteira, escavadeiras e m\u00e1quinas agr\u00edcolas, a pasta (Minist\u00e9rio da Defesa) informou que, na realidade, foram destru\u00eddos 27 equipamentos desse tipo\u201d, diz a reportagem.<\/p>\n\n\n\n<p>O Minist\u00e9rio P\u00fablico Federal (MPF) pediu que fosse aberto processo no Tribunal de Contas da Uni\u00e3o (TCU) para investigar a execu\u00e7\u00e3o financeira da opera\u00e7\u00e3o militar. Outra reportagem do&nbsp;<em>Estad\u00e3o<\/em>&nbsp;havia mostrado que&nbsp; opera\u00e7\u00e3o militar Verde Brasil 2 havia executado, at\u00e9 3 de julho, apenas 0,7% de seu or\u00e7amento previsto, o equivalente a R$ 2,3 milh\u00f5es dos R$ 60 milh\u00f5es previstos. \u201cA execu\u00e7\u00e3o insignificante do or\u00e7amento relativamente \u00e0s a\u00e7\u00f5es de combate ao desmatamento na Amaz\u00f4nia indica que o programa Verde Brasil 2 n\u00e3o passou de pe\u00e7a publicit\u00e1ria\u201d, resumiu o subprocurador-geral do MP Lucas Rocha Furtado em sua representa\u00e7\u00e3o.<\/p>\n\n\n\n<p>A ag\u00eancia&nbsp;<strong>Amaz\u00f4nia Real<\/strong>&nbsp;ouviu em Rond\u00f4nia fiscais do Ibama, ICMbio e da Secretaria Estadual de Desenvolvimento Ambiental de Rond\u00f4nia (Sedam) sobre o comando do Ex\u00e9rcito no combate a desmatamentos e queimadas e outros delitos ambientais. O Estado est\u00e1 entre os dez com mais alertas de desmatamentos no semestre com 14% de participa\u00e7\u00e3o na devasta\u00e7\u00e3o, segundo o Imazon.<\/p>\n\n\n\n<p>\u201cNossas equipes t\u00eam \u2018know-how\u2019 e principalmente, comprometimento para conduzir as opera\u00e7\u00f5es. O governo tinha que investir esse volume de dinheiro nos \u00f3rg\u00e3os e servidores competentes para proteger o meio ambiente, pois o benef\u00edcio \u00e9 de longo prazo. Com os militares, n\u00e3o. Quando acaba o dinheiro, a GLO, v\u00e3o embora para os quart\u00e9is e o problema continua. E o pior \u00e9 que ainda v\u00e3o divulgar que foi o Ex\u00e9rcito quem salvou a Amaz\u00f4nia\u201d, desabafou um fiscal do ICMbio, que pediu anonimato.<\/p>\n\n\n\n<p>Um fiscal da Sedam, que tamb\u00e9m pediu para n\u00e3o revelar seu nome com medo de retalia\u00e7\u00f5es, afirmou que n\u00e3o h\u00e1 colabora\u00e7\u00e3o entre militares e os atuais agentes de fiscaliza\u00e7\u00e3o. Isso acabou por criar um clima de animosidade nas opera\u00e7\u00f5es conjuntas desde que o governo nomeou dezenas de militares nos \u00f3rg\u00e3os ambientais. \u201cOs militares n\u00e3o gostam de interfer\u00eancia no comando como orienta\u00e7\u00f5es t\u00e9cnicas para atingir melhor resultado. Qualquer observa\u00e7\u00e3o \u00e9 vista como ordem de baixo para cima, de fiscal para militar. Esse \u00e9 o nosso trabalho e fazemos bem. Com o que eles t\u00eam poder\u00edamos fazer muito mais\u201d, disse. \u201cEst\u00e3o gastando e ganhando muito dinheiro! Tem um verdadeiro festival de di\u00e1rias pagas a militares que substitu\u00edram fiscais muito mais qualificados. Se compararmos, os militares t\u00eam muito mais estrutura e s\u00e3o bem melhor remunerados para fazer o trabalho de controle ambiental. \u00c9 infame a situa\u00e7\u00e3o\u201d.<\/p>\n\n\n\n<p>No dia 19 de julho, o programa&nbsp;<em>Fant\u00e1stico<\/em>, da TV Globo, mostrou reportagem sobre o aumento dos alertas de desmatamento e o enfraquecimento das pol\u00edticas ambientais. O MPF pede em A\u00e7\u00e3o Civil P\u00fablica o afastamento imediato do ministro Ricardo Salles por improbidade administrativa, patente na desestrutura\u00e7\u00e3o dos \u00f3rg\u00e3os de fiscaliza\u00e7\u00e3o promovida oficialmente pelo titular da pasta.<\/p>\n\n\n\n<p>Ouvido pela reportagem da TV Globo, o ex-presidente do ICMbio Adalberto Eberhardt foi um dos entrevistados e contou por que ficou apenas tr\u00eas meses no governo Bolsonaro. \u201cO Ex\u00e9rcito fazendo opera\u00e7\u00f5es fardado, com fardas verde-camufladas na Amaz\u00f4nia, fazendo show para a imprensa, para televis\u00e3o e o Ibama e ICMbio que s\u00e3o os \u00f3rg\u00e3os realmente respons\u00e1veis pelo setor, em casa esperando as coisas acontecerem\u201d, desabafou.<\/p>\n\n\n\n<p>Para o fiscal do Ibama ouvido pela&nbsp;<strong>Amaz\u00f4nia Real,<\/strong>&nbsp;haver\u00e1 um enfraquecimento ainda maior dos \u00f3rg\u00e3os ambientais e a um custo alt\u00edssimo se a Opera\u00e7\u00e3o Verde Brasil se estender at\u00e9 o final do mandato do governo Bolsonaro. \u201c\u00c9 o Ex\u00e9rcito que vai lucrar midiaticamente com uma miss\u00e3o conjunta para a qual contribuiu menos. A inten\u00e7\u00e3o \u00e9 desqualificar nosso trabalho. N\u00e3o \u00e9 uma parceria leg\u00edtima a que usa o trabalho de um para promover o outro\u201d, criticou Eberhardt.<\/p>\n\n\n\n<hr class=\"wp-block-separator\"\/>\n\n\n\n<figure class=\"wp-block-image\"><img data-recalc-dims=\"1\" height=\"400\" width=\"600\" decoding=\"async\" src=\"https:\/\/i0.wp.com\/amazoniareal.com.br\/wp-content\/uploads\/2020\/04\/fires-in-the-amazon_48869258271_o-1024x682.jpg?resize=600%2C400\" alt=\"\" class=\"wp-image-53772\"\/><figcaption>Queimadas e desmatamento em Novo Aripuan\u00e3 no sul do Amazonas<br>(Foto: Marcella Haddad\/C\u00e1ritas\/31\/08\/2019)<\/figcaption><\/figure>\n","protected":false},"excerpt":{"rendered":"<p>Por Luciana Oliveira, especial para a Amaz\u00f4nia Real Porto Velho (RO) \u2013&nbsp;\u201cO Ex\u00e9rcito brasileiro n\u00e3o foi criado para comandar opera\u00e7\u00f5es ambientais, por isso faz menos com muito mais recursos\u201d. A frase de uma das ambientalistas mais importantes da regi\u00e3o amaz\u00f4nica,Ivaneide Bandeira, engrossa o coro das organiza\u00e7\u00f5es n\u00e3o-governamentais que criticam o expressivo esfor\u00e7o militar para evitar&#8230;<a class=\"more-link\" href=\"http:\/\/blogdalucianaoliveira.com.br\/blog\/2020\/07\/28\/combate-a-desmatamentos-e-duramente-criticado-por-defensores-da-amazonia\/\">Continue a leitura <span class=\"meta-nav\">&raquo;<\/span><\/a><\/p>\n","protected":false},"author":1,"featured_media":0,"comment_status":"closed","ping_status":"open","sticky":false,"template":"","format":"standard","meta":{"_exactmetrics_skip_tracking":false,"_exactmetrics_sitenote_active":false,"_exactmetrics_sitenote_note":"","_exactmetrics_sitenote_category":0,"jetpack_post_was_ever_published":false,"_jetpack_newsletter_access":"","_jetpack_dont_email_post_to_subs":false,"_jetpack_newsletter_tier_id":0,"_jetpack_memberships_contains_paywalled_content":false,"_jetpack_memberships_contains_paid_content":false,"footnotes":"","jetpack_publicize_message":"","jetpack_publicize_feature_enabled":true,"jetpack_social_post_already_shared":true,"jetpack_social_options":{"image_generator_settings":{"template":"highway","enabled":false},"version":2}},"categories":[1],"tags":[],"class_list":["post-29315","post","type-post","status-publish","format-standard","hentry","category-notas"],"jetpack_publicize_connections":[],"jetpack_sharing_enabled":true,"jetpack_featured_media_url":"","jetpack_shortlink":"https:\/\/wp.me\/p7wKYW-7CP","jetpack-related-posts":[],"_links":{"self":[{"href":"http:\/\/blogdalucianaoliveira.com.br\/blog\/wp-json\/wp\/v2\/posts\/29315","targetHints":{"allow":["GET"]}}],"collection":[{"href":"http:\/\/blogdalucianaoliveira.com.br\/blog\/wp-json\/wp\/v2\/posts"}],"about":[{"href":"http:\/\/blogdalucianaoliveira.com.br\/blog\/wp-json\/wp\/v2\/types\/post"}],"author":[{"embeddable":true,"href":"http:\/\/blogdalucianaoliveira.com.br\/blog\/wp-json\/wp\/v2\/users\/1"}],"replies":[{"embeddable":true,"href":"http:\/\/blogdalucianaoliveira.com.br\/blog\/wp-json\/wp\/v2\/comments?post=29315"}],"version-history":[{"count":1,"href":"http:\/\/blogdalucianaoliveira.com.br\/blog\/wp-json\/wp\/v2\/posts\/29315\/revisions"}],"predecessor-version":[{"id":29317,"href":"http:\/\/blogdalucianaoliveira.com.br\/blog\/wp-json\/wp\/v2\/posts\/29315\/revisions\/29317"}],"wp:attachment":[{"href":"http:\/\/blogdalucianaoliveira.com.br\/blog\/wp-json\/wp\/v2\/media?parent=29315"}],"wp:term":[{"taxonomy":"category","embeddable":true,"href":"http:\/\/blogdalucianaoliveira.com.br\/blog\/wp-json\/wp\/v2\/categories?post=29315"},{"taxonomy":"post_tag","embeddable":true,"href":"http:\/\/blogdalucianaoliveira.com.br\/blog\/wp-json\/wp\/v2\/tags?post=29315"}],"curies":[{"name":"wp","href":"https:\/\/api.w.org\/{rel}","templated":true}]}}