{"id":29318,"date":"2020-07-28T21:04:31","date_gmt":"2020-07-29T01:04:31","guid":{"rendered":"http:\/\/blogdalucianaoliveira.com.br\/blog\/?p=29318"},"modified":"2020-07-28T21:11:23","modified_gmt":"2020-07-29T01:11:23","slug":"indigenas-prendem-invasor-armado-e-o-obrigam-a-usar-mascara-e-alcool-em-gel-contra-covid-19","status":"publish","type":"post","link":"http:\/\/blogdalucianaoliveira.com.br\/blog\/2020\/07\/28\/indigenas-prendem-invasor-armado-e-o-obrigam-a-usar-mascara-e-alcool-em-gel-contra-covid-19\/","title":{"rendered":"\u00cdnd\u00edgenas prendem invasor armado e o obrigam a usar m\u00e1scara e \u00e1lcool em gel contra Covid-19"},"content":{"rendered":"\n<figure class=\"wp-block-image size-large\"><img data-recalc-dims=\"1\" loading=\"lazy\" decoding=\"async\" width=\"600\" height=\"350\" data-attachment-id=\"29319\" data-permalink=\"http:\/\/blogdalucianaoliveira.com.br\/blog\/2020\/07\/28\/indigenas-prendem-invasor-armado-e-o-obrigam-a-usar-mascara-e-alcool-em-gel-contra-covid-19\/288c3967-352a-4d3a-8117-6c609af46723\/\" data-orig-file=\"https:\/\/i0.wp.com\/blogdalucianaoliveira.com.br\/blog\/wp-content\/uploads\/2020\/07\/288C3967-352A-4D3A-8117-6C609AF46723.jpeg?fit=806%2C470\" data-orig-size=\"806,470\" data-comments-opened=\"0\" data-image-meta=\"{&quot;aperture&quot;:&quot;0&quot;,&quot;credit&quot;:&quot;&quot;,&quot;camera&quot;:&quot;&quot;,&quot;caption&quot;:&quot;&quot;,&quot;created_timestamp&quot;:&quot;0&quot;,&quot;copyright&quot;:&quot;&quot;,&quot;focal_length&quot;:&quot;0&quot;,&quot;iso&quot;:&quot;0&quot;,&quot;shutter_speed&quot;:&quot;0&quot;,&quot;title&quot;:&quot;&quot;,&quot;orientation&quot;:&quot;1&quot;}\" data-image-title=\"288C3967-352A-4D3A-8117-6C609AF46723\" data-image-description=\"\" data-image-caption=\"\" data-medium-file=\"https:\/\/i0.wp.com\/blogdalucianaoliveira.com.br\/blog\/wp-content\/uploads\/2020\/07\/288C3967-352A-4D3A-8117-6C609AF46723.jpeg?fit=300%2C175\" data-large-file=\"https:\/\/i0.wp.com\/blogdalucianaoliveira.com.br\/blog\/wp-content\/uploads\/2020\/07\/288C3967-352A-4D3A-8117-6C609AF46723.jpeg?fit=600%2C350\" src=\"https:\/\/i0.wp.com\/blogdalucianaoliveira.com.br\/blog\/wp-content\/uploads\/2020\/07\/288C3967-352A-4D3A-8117-6C609AF46723.jpeg?resize=600%2C350\" alt=\"\" class=\"wp-image-29319\" srcset=\"https:\/\/i0.wp.com\/blogdalucianaoliveira.com.br\/blog\/wp-content\/uploads\/2020\/07\/288C3967-352A-4D3A-8117-6C609AF46723.jpeg?w=806 806w, https:\/\/i0.wp.com\/blogdalucianaoliveira.com.br\/blog\/wp-content\/uploads\/2020\/07\/288C3967-352A-4D3A-8117-6C609AF46723.jpeg?resize=300%2C175 300w, https:\/\/i0.wp.com\/blogdalucianaoliveira.com.br\/blog\/wp-content\/uploads\/2020\/07\/288C3967-352A-4D3A-8117-6C609AF46723.jpeg?resize=768%2C448 768w, https:\/\/i0.wp.com\/blogdalucianaoliveira.com.br\/blog\/wp-content\/uploads\/2020\/07\/288C3967-352A-4D3A-8117-6C609AF46723.jpeg?resize=514%2C300 514w\" sizes=\"auto, (max-width: 600px) 100vw, 600px\" \/><\/figure>\n\n\n\n<p>O homem estava com uma moto, arma de fogo e motosserra quando ind\u00edgenas que faziam monitoramento do desmatamento o flagraram em territ\u00f3rio Uru Eu Wau Wau pr\u00f3ximo ao munic\u00edpio de Governador Jorge Teixeira, em Rond\u00f4nia.<\/p>\n\n\n\n<!--more-->\n\n\n\n<p><br> A pol\u00edcia federal e os \u00f3rg\u00e3os de fiscaliza\u00e7\u00e3o foram acionados e depois de uma tarde de espera foi levado \u00e0 delegacia do munic\u00edpio de Buritis onde prestou depoimento.<\/p>\n\n\n\n<p><br> Desde o in\u00edcio da pandemia os ind\u00edgenas pedem refor\u00e7o na fiscaliza\u00e7\u00e3o contra invasores que podem levar o novo coronav\u00edrus \u00e0s aldeias.<\/p>\n\n\n\n<p><br> Os Uru Eu Wau Wau n\u00e3o t\u00eam registro da doen\u00e7a e diante do invasor, mostraram duas armas poderosas: a m\u00e1scara e o \u00e1lcool em gel.<\/p>\n\n\n\n<figure class=\"wp-block-embed-youtube wp-block-embed is-type-video is-provider-youtube wp-embed-aspect-16-9 wp-has-aspect-ratio\"><div class=\"wp-block-embed__wrapper\">\n<div class=\"jetpack-video-wrapper\"><iframe loading=\"lazy\" title=\"Ind\u00edgenas prendem invasor e o obrigam a usar m\u00e1scara e \u00e1lcool em gel contra Covid\" width=\"600\" height=\"338\" src=\"https:\/\/www.youtube.com\/embed\/g9bQHBdyy0E?feature=oembed\" frameborder=\"0\" allow=\"accelerometer; autoplay; clipboard-write; encrypted-media; gyroscope; picture-in-picture; web-share\" referrerpolicy=\"strict-origin-when-cross-origin\" allowfullscreen><\/iframe><\/div>\n<\/div><\/figure>\n\n\n\n<p>Segundo relatos, o homem disse que n\u00e3o sabia que estava entrando em \u00e1rea ind\u00edgena e que foi ver de perto lotes que estariam \u00e0 venda no territ\u00f3rio demarcado desde 1991.<\/p>\n\n\n\n<p><br> As autoriza\u00e7\u00f5es para entrada em terras ind\u00edgenas est\u00e3o suspensas desde 17 de mar\u00e7o em fun\u00e7\u00e3o da pandemia, por meio da Portaria n\u00ba 419 da Presid\u00eancia da Rep\u00fablica. S\u00f3 quem presta servi\u00e7os essenciais \u00e0s comunidades ind\u00edgenas pode entrar. O controle \u00e9 para garantir prote\u00e7\u00e3o a um grupo de risco que \u00e9 mais vulner\u00e1vel ao cont\u00e1gio.<\/p>\n\n\n\n<p><br> A presen\u00e7a do invasor foi detectada pelo grupo de vigil\u00e2ncia dos ind\u00edgenas que foi capacitado para utilizar drones no monitoramento de desmatamentos. O homem estava pr\u00f3ximo a uma base da Funai constru\u00edda com recursos de compensa\u00e7\u00e3o das hidrel\u00e9tricas do rio Madeira que est\u00e1 abandonada. <\/p>\n\n\n\n<p><br> Os ind\u00edgenas contam que a estrutura abandonada serve de abrigo a invasores.<\/p>\n\n\n\n<p><br> \u201cOs invasores usam a base que seria para prote\u00e7\u00e3o dos ind\u00edgenas como abrigo para reuni\u00f5es criminosas, diz um Uru Eu Wau Wau.<\/p>\n\n\n\n<p><br> O territ\u00f3rio UEWW \u00e9 constantemente invadido por madeireiros e grileiros como j\u00e1 denunciou in\u00fameras vezes Neidinha Suru\u00ed, da Associa\u00e7\u00e3o de Defesa Etnoambiental Kanind\u00e9.<\/p>\n\n\n\n<p><br> \u201cA situa\u00e7\u00e3o dos povos ind\u00edgenas piorou muito, pois agora o inimigo conhecido traz outro inimigo e invis\u00edvel, o v\u00edrus que pode dizimar aldeias inteiras\u201d.  <br><\/p>\n\n\n\n<figure class=\"wp-block-image size-large\"><img loading=\"lazy\" decoding=\"async\" width=\"1280\" height=\"960\" data-attachment-id=\"29320\" data-permalink=\"http:\/\/blogdalucianaoliveira.com.br\/blog\/2020\/07\/28\/indigenas-prendem-invasor-armado-e-o-obrigam-a-usar-mascara-e-alcool-em-gel-contra-covid-19\/a934d27a-9bd0-47a3-8d4e-2d508a0ec4b7\/\" data-orig-file=\"https:\/\/i0.wp.com\/blogdalucianaoliveira.com.br\/blog\/wp-content\/uploads\/2020\/07\/A934D27A-9BD0-47A3-8D4E-2D508A0EC4B7.jpeg?fit=1280%2C960\" data-orig-size=\"1280,960\" data-comments-opened=\"0\" data-image-meta=\"{&quot;aperture&quot;:&quot;0&quot;,&quot;credit&quot;:&quot;&quot;,&quot;camera&quot;:&quot;&quot;,&quot;caption&quot;:&quot;&quot;,&quot;created_timestamp&quot;:&quot;0&quot;,&quot;copyright&quot;:&quot;&quot;,&quot;focal_length&quot;:&quot;0&quot;,&quot;iso&quot;:&quot;0&quot;,&quot;shutter_speed&quot;:&quot;0&quot;,&quot;title&quot;:&quot;&quot;,&quot;orientation&quot;:&quot;0&quot;}\" data-image-title=\"A934D27A-9BD0-47A3-8D4E-2D508A0EC4B7\" data-image-description=\"\" data-image-caption=\"\" data-medium-file=\"https:\/\/i0.wp.com\/blogdalucianaoliveira.com.br\/blog\/wp-content\/uploads\/2020\/07\/A934D27A-9BD0-47A3-8D4E-2D508A0EC4B7.jpeg?fit=300%2C225\" data-large-file=\"https:\/\/i0.wp.com\/blogdalucianaoliveira.com.br\/blog\/wp-content\/uploads\/2020\/07\/A934D27A-9BD0-47A3-8D4E-2D508A0EC4B7.jpeg?fit=600%2C450\" src=\"https:\/\/i0.wp.com\/blogdalucianaoliveira.com.br\/blog\/wp-content\/uploads\/2020\/07\/A934D27A-9BD0-47A3-8D4E-2D508A0EC4B7.jpeg?fit=600%2C450\" alt=\"\" class=\"wp-image-29320\" srcset=\"https:\/\/i0.wp.com\/blogdalucianaoliveira.com.br\/blog\/wp-content\/uploads\/2020\/07\/A934D27A-9BD0-47A3-8D4E-2D508A0EC4B7.jpeg?w=1280 1280w, https:\/\/i0.wp.com\/blogdalucianaoliveira.com.br\/blog\/wp-content\/uploads\/2020\/07\/A934D27A-9BD0-47A3-8D4E-2D508A0EC4B7.jpeg?resize=300%2C225 300w, https:\/\/i0.wp.com\/blogdalucianaoliveira.com.br\/blog\/wp-content\/uploads\/2020\/07\/A934D27A-9BD0-47A3-8D4E-2D508A0EC4B7.jpeg?resize=1024%2C768 1024w, https:\/\/i0.wp.com\/blogdalucianaoliveira.com.br\/blog\/wp-content\/uploads\/2020\/07\/A934D27A-9BD0-47A3-8D4E-2D508A0EC4B7.jpeg?resize=768%2C576 768w, https:\/\/i0.wp.com\/blogdalucianaoliveira.com.br\/blog\/wp-content\/uploads\/2020\/07\/A934D27A-9BD0-47A3-8D4E-2D508A0EC4B7.jpeg?resize=400%2C300 400w, https:\/\/i0.wp.com\/blogdalucianaoliveira.com.br\/blog\/wp-content\/uploads\/2020\/07\/A934D27A-9BD0-47A3-8D4E-2D508A0EC4B7.jpeg?w=1200 1200w\" sizes=\"auto, (max-width: 600px) 100vw, 600px\" \/><\/figure>\n\n\n\n<p><br> No dia 15 de julho o chefe da divis\u00e3o t\u00e9cnica e coordenador regional substituto da Funda\u00e7\u00e3o Nacional do \u00cdndio (Funai) em Ji-Paran\u00e1 (RO), Vicente Batista Filho, foi exonerado ap\u00f3s 32 anos trabalhando para proteger povos e territ\u00f3rios ind\u00edgenas.<br><\/p>\n\n\n\n<p>No lugar dele foi nomeado Jo\u00e3o Carlos Gerheim Infante, militar filiado ao partido Solidariedade.<\/p>\n","protected":false},"excerpt":{"rendered":"<p>O homem estava com uma moto, arma de fogo e motosserra quando ind\u00edgenas que faziam monitoramento do desmatamento o flagraram em territ\u00f3rio Uru Eu Wau Wau pr\u00f3ximo ao munic\u00edpio de Governador Jorge Teixeira, em Rond\u00f4nia.<\/p>\n","protected":false},"author":1,"featured_media":0,"comment_status":"closed","ping_status":"open","sticky":false,"template":"","format":"standard","meta":{"_exactmetrics_skip_tracking":false,"_exactmetrics_sitenote_active":false,"_exactmetrics_sitenote_note":"","_exactmetrics_sitenote_category":0,"jetpack_post_was_ever_published":false,"_jetpack_newsletter_access":"","_jetpack_dont_email_post_to_subs":false,"_jetpack_newsletter_tier_id":0,"_jetpack_memberships_contains_paywalled_content":false,"_jetpack_memberships_contains_paid_content":false,"footnotes":"","jetpack_publicize_message":"","jetpack_publicize_feature_enabled":true,"jetpack_social_post_already_shared":true,"jetpack_social_options":{"image_generator_settings":{"template":"highway","enabled":false},"version":2}},"categories":[1],"tags":[],"class_list":["post-29318","post","type-post","status-publish","format-standard","hentry","category-notas"],"jetpack_publicize_connections":[],"jetpack_sharing_enabled":true,"jetpack_featured_media_url":"","jetpack_shortlink":"https:\/\/wp.me\/p7wKYW-7CS","jetpack-related-posts":[],"_links":{"self":[{"href":"http:\/\/blogdalucianaoliveira.com.br\/blog\/wp-json\/wp\/v2\/posts\/29318","targetHints":{"allow":["GET"]}}],"collection":[{"href":"http:\/\/blogdalucianaoliveira.com.br\/blog\/wp-json\/wp\/v2\/posts"}],"about":[{"href":"http:\/\/blogdalucianaoliveira.com.br\/blog\/wp-json\/wp\/v2\/types\/post"}],"author":[{"embeddable":true,"href":"http:\/\/blogdalucianaoliveira.com.br\/blog\/wp-json\/wp\/v2\/users\/1"}],"replies":[{"embeddable":true,"href":"http:\/\/blogdalucianaoliveira.com.br\/blog\/wp-json\/wp\/v2\/comments?post=29318"}],"version-history":[{"count":3,"href":"http:\/\/blogdalucianaoliveira.com.br\/blog\/wp-json\/wp\/v2\/posts\/29318\/revisions"}],"predecessor-version":[{"id":29323,"href":"http:\/\/blogdalucianaoliveira.com.br\/blog\/wp-json\/wp\/v2\/posts\/29318\/revisions\/29323"}],"wp:attachment":[{"href":"http:\/\/blogdalucianaoliveira.com.br\/blog\/wp-json\/wp\/v2\/media?parent=29318"}],"wp:term":[{"taxonomy":"category","embeddable":true,"href":"http:\/\/blogdalucianaoliveira.com.br\/blog\/wp-json\/wp\/v2\/categories?post=29318"},{"taxonomy":"post_tag","embeddable":true,"href":"http:\/\/blogdalucianaoliveira.com.br\/blog\/wp-json\/wp\/v2\/tags?post=29318"}],"curies":[{"name":"wp","href":"https:\/\/api.w.org\/{rel}","templated":true}]}}