{"id":29330,"date":"2020-07-30T12:23:18","date_gmt":"2020-07-30T16:23:18","guid":{"rendered":"http:\/\/blogdalucianaoliveira.com.br\/blog\/?p=29330"},"modified":"2020-07-30T12:23:23","modified_gmt":"2020-07-30T16:23:23","slug":"acoes-da-natura-disparam-apos-polemica-sobre-participacao-de-thammy-em-campanha-do-dia-dos-pais","status":"publish","type":"post","link":"http:\/\/blogdalucianaoliveira.com.br\/blog\/2020\/07\/30\/acoes-da-natura-disparam-apos-polemica-sobre-participacao-de-thammy-em-campanha-do-dia-dos-pais\/","title":{"rendered":"A\u00e7\u00f5es da Natura disparam ap\u00f3s pol\u00eamica sobre participa\u00e7\u00e3o de Thammy em campanha do Dia dos Pais"},"content":{"rendered":"\n<figure class=\"wp-block-image size-large\"><img data-recalc-dims=\"1\" loading=\"lazy\" decoding=\"async\" width=\"300\" height=\"169\" data-attachment-id=\"29332\" data-permalink=\"http:\/\/blogdalucianaoliveira.com.br\/blog\/2020\/07\/30\/acoes-da-natura-disparam-apos-polemica-sobre-participacao-de-thammy-em-campanha-do-dia-dos-pais\/3d7ac6ca-8621-4303-8d47-aca67197d74a\/\" data-orig-file=\"https:\/\/i0.wp.com\/blogdalucianaoliveira.com.br\/blog\/wp-content\/uploads\/2020\/07\/3D7AC6CA-8621-4303-8D47-ACA67197D74A.jpeg?fit=300%2C169\" data-orig-size=\"300,169\" data-comments-opened=\"0\" data-image-meta=\"{&quot;aperture&quot;:&quot;0&quot;,&quot;credit&quot;:&quot;&quot;,&quot;camera&quot;:&quot;&quot;,&quot;caption&quot;:&quot;&quot;,&quot;created_timestamp&quot;:&quot;0&quot;,&quot;copyright&quot;:&quot;&quot;,&quot;focal_length&quot;:&quot;0&quot;,&quot;iso&quot;:&quot;0&quot;,&quot;shutter_speed&quot;:&quot;0&quot;,&quot;title&quot;:&quot;&quot;,&quot;orientation&quot;:&quot;0&quot;}\" data-image-title=\"3D7AC6CA-8621-4303-8D47-ACA67197D74A\" data-image-description=\"\" data-image-caption=\"\" data-medium-file=\"https:\/\/i0.wp.com\/blogdalucianaoliveira.com.br\/blog\/wp-content\/uploads\/2020\/07\/3D7AC6CA-8621-4303-8D47-ACA67197D74A.jpeg?fit=300%2C169\" data-large-file=\"https:\/\/i0.wp.com\/blogdalucianaoliveira.com.br\/blog\/wp-content\/uploads\/2020\/07\/3D7AC6CA-8621-4303-8D47-ACA67197D74A.jpeg?fit=300%2C169\" src=\"https:\/\/i0.wp.com\/blogdalucianaoliveira.com.br\/blog\/wp-content\/uploads\/2020\/07\/3D7AC6CA-8621-4303-8D47-ACA67197D74A.jpeg?resize=300%2C169\" alt=\"\" class=\"wp-image-29332\"\/><\/figure>\n\n\n\n<h4 class=\"wp-block-heading\">Presen\u00e7a do ator transexual provocou amea\u00e7as de boicote \u00e0 marca, mas, segundo analistas do mercado, tamb\u00e9m refor\u00e7ou a imagem inclusiva da empresa de cosm\u00e9ticos<\/h4>\n\n\n\n<!--more-->\n\n\n\n<p>Ana Luiza de Carvalho e Talita Nascimento, O Estado de S.Paulo&nbsp;<\/p>\n\n\n\n<p>A grande repercuss\u00e3o da campanha de&nbsp;<a href=\"https:\/\/tudo-sobre.estadao.com.br\/Dia%20dos%20Pais\" target=\"_blank\" rel=\"noreferrer noopener\"><strong>Dia dos Pais<\/strong><\/a>&nbsp;da&nbsp;<a rel=\"noreferrer noopener\" href=\"http:\/\/natura\/\" target=\"_blank\"><strong>Natura<\/strong><\/a>&nbsp;nas redes sociais, incluindo muitas cr\u00edticas, n\u00e3o atrapalhou o entusiasmo do mercado em rela\u00e7\u00e3o \u00e0 companhia. Sem fato relevante divulgado pela empresa ao mercado ou not\u00edcias relacionadas diretamente a dados operacionais da companhia, analistas ouvidos pelo&nbsp;<strong>Estad\u00e3o\/Broadcast<\/strong>&nbsp;apontam que os pap\u00e9is foram impulsionados pela avalia\u00e7\u00e3o positiva do mercado em rela\u00e7\u00e3o \u00e0 nova estrat\u00e9gia de marketing da companhia, que incluiu um homem transexual em sua campanha de Dia dos Pais.&nbsp;<\/p>\n\n\n\n<p>As a\u00e7\u00f5es ordin\u00e1rias da fabricante de cosm\u00e9ticos operaram em alta durante toda a quarta-feira, 29, e terminaram o preg\u00e3o com avan\u00e7o de\u00a0<strong>6,73%<\/strong>, o maior do\u00a0<a rel=\"noreferrer noopener\" href=\"https:\/\/economia.estadao.com.br\/noticias\/geral,entenda-o-que-e-o-ibovespa-e-como-o-indice-e-calculado,70002884873\" target=\"_blank\"><strong>Ibovespa<\/strong><\/a>, enquanto o principal \u00edndice do mercado brasileiro subiu<strong>\u00a01,44%<\/strong>.<\/p>\n\n\n\n<p>O ator\u00a0<a rel=\"noreferrer noopener\" href=\"https:\/\/tudo-sobre.estadao.com.br\/Thammy%20Miranda\" target=\"_blank\"><strong>Thammy Miranda<\/strong><\/a>, que \u00e9 pai do beb\u00ea<strong>Bento Ferreira de Miranda<\/strong>, de seis meses, foi convidado para participar da campanha com outras personalidades midi\u00e1ticas, como o ex-BBB\u00a0<a rel=\"noreferrer noopener\" href=\"https:\/\/tudo-sobre.estadao.com.br\/Babu%20Santana\" target=\"_blank\"><strong>Babu Santana<\/strong><\/a>, o chef de cozinha\u00a0<a rel=\"noreferrer noopener\" href=\"https:\/\/tudo-sobre.estadao.com.br\/Henrique%20Foga%C3%A7a\" target=\"_blank\"><strong>Henrique Foga\u00e7a<\/strong><\/a>\u00a0e o m\u00fasico\u00a0<strong>Lucas Silveira<\/strong>.<\/p>\n\n\n\n<p>Em nota enviada ao&nbsp;<strong>Estad\u00e3o\/Broadcast<\/strong>, a Natura afirma que a campanha de Dia dos Pais &#8220;mergulha na rotina desafiadora que todos est\u00e3o vivendo durante a quarentena&#8221; e que a presen\u00e7a paterna \u00e9 o maior presente. &#8220;A Natura celebra todas as maneiras de ser homem, livre de estere\u00f3tipos e preconceitos, e acredita que essa masculinidade, quando encontra a paternidade, transforma rela\u00e7\u00f5es&#8221;, afirmou a companhia. A empresa disse&nbsp;ainda que &#8220;valoriza a diversidade&#8221; em sua trajet\u00f3ria de mais devinte anos.&nbsp;<\/p>\n\n\n\n<p>O analista da&nbsp;<strong>Ativa Investimentos Ilan Arbetman<\/strong>&nbsp;aponta que o mercado recebeu bem a movimenta\u00e7\u00e3o da Natura, pois a contrata\u00e7\u00e3o de um homem transexual est\u00e1 em linha com suas&nbsp;<strong>pr\u00e1ticas de<\/strong>&nbsp;<strong>ESG (Ambiental, Social e Governan\u00e7a, na sigla em ingl\u00eas)<\/strong>. &#8220;A campanha dialoga muito com a for\u00e7a da marca e mostra que ela pode ampliar sua base de consumidores, pois o nome tem um foco muito grande em governan\u00e7a&#8221;, afirmou ao&nbsp;<strong>Estad\u00e3o\/Broadcast.<\/strong><\/p>\n\n\n\n<p>Essa tamb\u00e9m \u00e9 a vis\u00e3o de&nbsp;<strong>Jorge Junqueira, s\u00f3cio da Gauss Capital.<\/strong>&nbsp;O economista observa que h\u00e1 uma tend\u00eancia de que o mercado invista em companhias que atuam de maneira mais forte junto \u00e0 defesa de minorias.&#8221;Esse comportamento pr\u00f3-sociedade est\u00e1 sendo cada dia mais bem-visto e o investidor tem interiorizado isso de pagar mais por empresas que t\u00eam esse comportamento&#8221;, observa.&nbsp;<\/p>\n\n\n\n<h3 class=\"wp-block-heading\">Diversidade como gera\u00e7\u00e3o de valor<\/h3>\n\n\n\n<p><strong>F\u00e1bio Mariano Borges, professor do programa de Mestrado Profissional em Comportamento do Consumidor&nbsp;<\/strong>na&nbsp;<a href=\"https:\/\/tudo-sobre.estadao.com.br\/ESPM\" target=\"_blank\" rel=\"noreferrer noopener\"><strong>ESPM<\/strong><\/a>, afirma que, para que as campanhas de marketing gerem impacto, \u00e9 necess\u00e1rio que estejam alinhadas \u00e0 miss\u00e3o e aos valores da empresa. Ele lembra que a Natura j\u00e1 encabe\u00e7ou v\u00e1rias campanhas que incluem cenas como beijo l\u00e9sbico, mesmo sendo amea\u00e7ada de boicote. &#8220;Essa \u00e9 uma campanha que tem o DNA da Natura. A\u00e7\u00f5es inclusivas geram valor, quando ligadas \u00e0 biografia da empresa, n\u00e3o \u00e9 t\u00e1tica ocasional&#8221;, aponta.&nbsp;<\/p>\n\n\n\n<p>O acad\u00eamico afirma ainda que, al\u00e9m de todo o debate gerado na sociedade e a repercuss\u00e3o nas redes sociais, as campanhas ecoam no pr\u00f3prio futuro das empresas. &#8220;Pol\u00edticas inclusivas t\u00eam impacto financeiro, principalmente quando falamos de investimentos estrangeiros. \u00c9 uma caracter\u00edstica que os investidores est\u00e3o atentos, e uma empresa que se valoriza de forma pertinente ao s\u00e9culo 21, vai atravess\u00e1-lo bem&#8221;, afirma.&nbsp;<\/p>\n\n\n\n<figure class=\"wp-block-image\"><img data-recalc-dims=\"1\" decoding=\"async\" src=\"https:\/\/i0.wp.com\/img.estadao.com.br\/resources\/jpg\/6\/3\/1596070471736.jpg?w=600&#038;ssl=1\" alt=\"Natura\"\/><figcaption>Analistas apontam que postura da Natura sempre foi inclusiva. Foto: Diogo Yanata\/Natura<\/figcaption><\/figure>\n\n\n\n<p>O<strong>&nbsp;analista de renda vari\u00e1vel da Warren Igor Cavaca afirma<\/strong>&nbsp;que a busca por empresas com pr\u00e1ticas sustent\u00e1veis vem especialmente de investidores mais jovens. &#8220;Essa gera\u00e7\u00e3o mais nova tem essa preocupa\u00e7\u00e3o. Eles t\u00eam menos acesso \u00e0 renda vari\u00e1vel, mas est\u00e3o chegando, e cada vez mais prezam por identidade cultural&#8221;, afirmou ao&nbsp;<strong>Estad\u00e3o\/Broadcast.&nbsp;<\/strong><\/p>\n\n\n\n<p>Cavaca lembra que a B3 possui o&nbsp;<strong>\u00cdndice de Sustentabilidade<\/strong>&nbsp;e que a quest\u00e3o tamb\u00e9m est\u00e1 no radar das corretoras de investimentos. A&nbsp;<strong>Warren<\/strong>, por exemplo, criou em mar\u00e7o o&nbsp;<strong>fundo Equals<\/strong>, com empresas que se destacam por pol\u00edticas de equidade de g\u00eanero. J\u00e1 o fundo&nbsp;<strong>Green<\/strong>, criado em outubro de 2019, \u00e9 voltado \u00e0 sustentabilidade e meio ambiente.&nbsp;<\/p>\n\n\n\n<p>O analista explica que n\u00e3o se trata apenas de discurso e que, quando as companhias trabalham al\u00e9m de impactos diretos como lucratividade, d\u00e3o sinais positivos ao mercado. &#8220;Empresas com boa governan\u00e7a t\u00eam menos exposi\u00e7\u00e3o ao risco&#8221;, afirma.<\/p>\n","protected":false},"excerpt":{"rendered":"<p>Presen\u00e7a do ator transexual provocou amea\u00e7as de boicote \u00e0 marca, mas, segundo analistas do mercado, tamb\u00e9m refor\u00e7ou a imagem inclusiva da empresa de cosm\u00e9ticos<\/p>\n","protected":false},"author":1,"featured_media":0,"comment_status":"closed","ping_status":"open","sticky":false,"template":"","format":"standard","meta":{"_exactmetrics_skip_tracking":false,"_exactmetrics_sitenote_active":false,"_exactmetrics_sitenote_note":"","_exactmetrics_sitenote_category":0,"jetpack_post_was_ever_published":false,"_jetpack_newsletter_access":"","_jetpack_dont_email_post_to_subs":false,"_jetpack_newsletter_tier_id":0,"_jetpack_memberships_contains_paywalled_content":false,"_jetpack_memberships_contains_paid_content":false,"footnotes":"","jetpack_publicize_message":"","jetpack_publicize_feature_enabled":true,"jetpack_social_post_already_shared":true,"jetpack_social_options":{"image_generator_settings":{"template":"highway","enabled":false},"version":2}},"categories":[1],"tags":[],"class_list":["post-29330","post","type-post","status-publish","format-standard","hentry","category-notas"],"jetpack_publicize_connections":[],"jetpack_sharing_enabled":true,"jetpack_featured_media_url":"","jetpack_shortlink":"https:\/\/wp.me\/p7wKYW-7D4","jetpack-related-posts":[],"_links":{"self":[{"href":"http:\/\/blogdalucianaoliveira.com.br\/blog\/wp-json\/wp\/v2\/posts\/29330","targetHints":{"allow":["GET"]}}],"collection":[{"href":"http:\/\/blogdalucianaoliveira.com.br\/blog\/wp-json\/wp\/v2\/posts"}],"about":[{"href":"http:\/\/blogdalucianaoliveira.com.br\/blog\/wp-json\/wp\/v2\/types\/post"}],"author":[{"embeddable":true,"href":"http:\/\/blogdalucianaoliveira.com.br\/blog\/wp-json\/wp\/v2\/users\/1"}],"replies":[{"embeddable":true,"href":"http:\/\/blogdalucianaoliveira.com.br\/blog\/wp-json\/wp\/v2\/comments?post=29330"}],"version-history":[{"count":1,"href":"http:\/\/blogdalucianaoliveira.com.br\/blog\/wp-json\/wp\/v2\/posts\/29330\/revisions"}],"predecessor-version":[{"id":29333,"href":"http:\/\/blogdalucianaoliveira.com.br\/blog\/wp-json\/wp\/v2\/posts\/29330\/revisions\/29333"}],"wp:attachment":[{"href":"http:\/\/blogdalucianaoliveira.com.br\/blog\/wp-json\/wp\/v2\/media?parent=29330"}],"wp:term":[{"taxonomy":"category","embeddable":true,"href":"http:\/\/blogdalucianaoliveira.com.br\/blog\/wp-json\/wp\/v2\/categories?post=29330"},{"taxonomy":"post_tag","embeddable":true,"href":"http:\/\/blogdalucianaoliveira.com.br\/blog\/wp-json\/wp\/v2\/tags?post=29330"}],"curies":[{"name":"wp","href":"https:\/\/api.w.org\/{rel}","templated":true}]}}