{"id":29337,"date":"2020-07-30T17:13:57","date_gmt":"2020-07-30T21:13:57","guid":{"rendered":"http:\/\/blogdalucianaoliveira.com.br\/blog\/?p=29337"},"modified":"2020-07-30T17:14:06","modified_gmt":"2020-07-30T21:14:06","slug":"carta-de-mil-padres-com-criticas-a-bolsonaro-esquenta-racha-politico-na-igreja","status":"publish","type":"post","link":"http:\/\/blogdalucianaoliveira.com.br\/blog\/2020\/07\/30\/carta-de-mil-padres-com-criticas-a-bolsonaro-esquenta-racha-politico-na-igreja\/","title":{"rendered":"Carta de mil padres com cr\u00edticas a Bolsonaro esquenta racha pol\u00edtico na Igreja"},"content":{"rendered":"\n<figure class=\"wp-block-image size-large\"><img data-recalc-dims=\"1\" loading=\"lazy\" decoding=\"async\" width=\"410\" height=\"230\" data-attachment-id=\"29338\" data-permalink=\"http:\/\/blogdalucianaoliveira.com.br\/blog\/2020\/07\/30\/carta-de-mil-padres-com-criticas-a-bolsonaro-esquenta-racha-politico-na-igreja\/image-58-8\/\" data-orig-file=\"https:\/\/i0.wp.com\/blogdalucianaoliveira.com.br\/blog\/wp-content\/uploads\/2020\/07\/image-58.jpeg?fit=410%2C230\" data-orig-size=\"410,230\" data-comments-opened=\"0\" data-image-meta=\"{&quot;aperture&quot;:&quot;0&quot;,&quot;credit&quot;:&quot;&quot;,&quot;camera&quot;:&quot;&quot;,&quot;caption&quot;:&quot;&quot;,&quot;created_timestamp&quot;:&quot;0&quot;,&quot;copyright&quot;:&quot;&quot;,&quot;focal_length&quot;:&quot;0&quot;,&quot;iso&quot;:&quot;0&quot;,&quot;shutter_speed&quot;:&quot;0&quot;,&quot;title&quot;:&quot;&quot;,&quot;orientation&quot;:&quot;0&quot;}\" data-image-title=\"image-58\" data-image-description=\"\" data-image-caption=\"\" data-medium-file=\"https:\/\/i0.wp.com\/blogdalucianaoliveira.com.br\/blog\/wp-content\/uploads\/2020\/07\/image-58.jpeg?fit=300%2C168\" data-large-file=\"https:\/\/i0.wp.com\/blogdalucianaoliveira.com.br\/blog\/wp-content\/uploads\/2020\/07\/image-58.jpeg?fit=410%2C230\" src=\"https:\/\/i0.wp.com\/blogdalucianaoliveira.com.br\/blog\/wp-content\/uploads\/2020\/07\/image-58.jpeg?resize=410%2C230\" alt=\"\" class=\"wp-image-29338\" srcset=\"https:\/\/i0.wp.com\/blogdalucianaoliveira.com.br\/blog\/wp-content\/uploads\/2020\/07\/image-58.jpeg?w=410 410w, https:\/\/i0.wp.com\/blogdalucianaoliveira.com.br\/blog\/wp-content\/uploads\/2020\/07\/image-58.jpeg?resize=300%2C168 300w\" sizes=\"auto, (max-width: 410px) 100vw, 410px\" \/><\/figure>\n\n\n\n<p>Mil e cinquenta e oito padres brasileiros assinaram um manifesto, divulgado na tarde desta quinta-feira (30), em apoio a uma carta de 152 bispos da Igreja Cat\u00f3lica com duras cr\u00edticas ao governo do presidente Jair Bolsonaro (sem partido), tornada p\u00fablica no fim de semana.&nbsp;<\/p>\n\n\n\n<p>Gilberto NascimentoDe S\u00e3o Paulo para a BBC News Brasil.<\/p>\n\n\n\n<!--more-->\n\n\n\n<p>A iniciativa desses sacerdotes esquenta ainda mais o embate entre as chamadas alas &#8220;progressista&#8221; e &#8220;conservadora&#8221; na Igreja Cat\u00f3lica.<\/p>\n\n\n\n<p>Grupos conservadores haviam reagido ao documento dos representantes do episcopado, a &#8220;Carta ao Povo de Deus&#8221;, divulgada no domingo pelo jornal Folha de S.Paulo.<\/p>\n\n\n\n<p>Os bispos disseram que o Brasil atravessa um dos momentos mais dif\u00edceis de sua Hist\u00f3ria e vive uma &#8220;tempestade perfeita&#8221;, combinando uma crise sem precedentes na sa\u00fade e um &#8220;avassalador colapso na economia&#8221;, com questionadas e pol\u00eamicas a\u00e7\u00f5es do presidente da Rep\u00fablica que resultam &#8220;numa profunda crise pol\u00edtica e de governan\u00e7a&#8221;.&nbsp;<\/p>\n\n\n\n<h2 class=\"wp-block-heading\">&#8216;Agir em favor de toda a popula\u00e7\u00e3o&#8217;<\/h2>\n\n\n\n<p>Os padres afirmam que a manifesta\u00e7\u00e3o dos bispos brasileiros &#8220;em profunda comunh\u00e3o com o papa Francisco e seu magist\u00e9rio e em comunh\u00e3o plena com a Confer\u00eancia Nacional dos Bispos do Brasil (CNBB)&#8221; oferece ao povo &#8220;luzes para o discernimento dos sinais nestes tempos t\u00e3o dif\u00edceis da hist\u00f3ria do nosso Pa\u00eds&#8221;.<\/p>\n\n\n\n<p>Segundo o documento dos padres, os governantes &#8220;t\u00eam o dever de agir em favor de toda a popula\u00e7\u00e3o, de maneira especial os mais pobres&#8221;, mas &#8220;n\u00e3o tem sido esse o projeto do atual governo&#8221;, que &#8220;n\u00e3o coloca no centro a pessoa humana e o bem de todos, mas a defesa intransigente dos interesses de uma economia que mata, centrada no mercado e no lucro a qualquer pre\u00e7o&#8221;.&nbsp;<\/p>\n\n\n\n<p>E acrescenta: &#8220;Por isso, tamb\u00e9m estamos profundamente indignados com a\u00e7\u00f5es do presidente da Rep\u00fablica em desfavor e com desd\u00e9m para com a vida de seres humanos e tamb\u00e9m com a da &#8216;nossa irm\u00e3, a M\u00e3e Terra&#8217;, e tantas a\u00e7\u00f5es que v\u00e3o contra a vida do povo e a soberania do Brasil&#8221;.&nbsp;<\/p>\n\n\n\n<p>O documento dos bispos brasileiros deveria ser divulgado inicialmente na quarta-feira (22), mas foi suspenso para ser analisado pelo Conselho Permanente da CNBB.&nbsp;<\/p>\n\n\n\n<p>Acabou vazando, deliberadamente, diante do temor de alguns signat\u00e1rios de que os conservadores cat\u00f3licos impedissem a sua divulga\u00e7\u00e3o.&nbsp;<\/p>\n\n\n\n<p>Assinaram o documento, entre outros, o arcebispo em\u00e9rito de S\u00e3o Paulo, dom Claudio Hummes, o bispo em\u00e9rito de Blumenau dom Ang\u00e9lico S\u00e2ndalo Bernardino; o bispo de S\u00e3o Gabriel da Cachoeira (AM), dom Edson Damian; o arcebispo de Bel\u00e9m, dom Alberto Taveira Corr\u00eaa, e o bispo em\u00e9rito do Xingu (PA), dom Erwin Krautler.&nbsp;<\/p>\n\n\n\n<p>O texto ser\u00e1 avaliado pela CNBB em reuni\u00e3o no pr\u00f3ximo dia 5. A CNBB, na avalia\u00e7\u00e3o de religiosos, tende a se manifestar em favor da autonomia dos bispos para darem declara\u00e7\u00f5es.&nbsp;<\/p>\n\n\n\n<h2 class=\"wp-block-heading\">Padres da Caminhada<\/h2>\n\n\n\n<p>J\u00e1 os padres tamb\u00e9m contr\u00e1rios \u00e0s a\u00e7\u00f5es de Bolsonaro se organizaram em movimentos como o Padres da Caminhada &#8211; com cerca de 200 integrantes, entre eles bispos em\u00e9ritos, com dom Mauro Morelli, de Duque de Caxias (RJ) -, e os Padres contra o Fascismo, com 170 membros.&nbsp;<\/p>\n\n\n\n<p>Surgido no final do ano passado em um encontro de comunidades eclesiais de base em Canoas, no Rio do Grande do sul, os Padres da Caminhada sa\u00edram em defesa do p\u00e1roco Edson Tagliaferro, da cidade de Artur Nogueira (SP), que chamou Bolsonaro de &#8220;bandido&#8221; numa homilia, no in\u00edcio de julho.&nbsp;<\/p>\n\n\n\n<p>Tamb\u00e9m apoiaram os colegas padres Dennis Koltz e Sisto Magro, agredidos por um fazendeiro no interior do Amap\u00e1, h\u00e1 cinco meses, e se posicionaram contra o racismo na Igreja Cat\u00f3lica, reivindicando ao papa Francisco a nomea\u00e7\u00e3o de mais bispos negros.&nbsp;<\/p>\n\n\n\n<figure class=\"wp-block-image\"><img data-recalc-dims=\"1\" decoding=\"async\" src=\"https:\/\/i0.wp.com\/ichef.bbci.co.uk\/news\/410\/cpsprodpb\/13348\/production\/_113746687_gettyimages-930571732.jpg?w=600&#038;ssl=1\" alt=\"M\u00e3o pegando h\u00f3stia em casti\u00e7al\"\/><figcaption>Image captionPadres afirmam ser necess\u00e1ria e urgente a reconstru\u00e7\u00e3o das rela\u00e7\u00f5es sociais no Brasil<\/figcaption><\/figure>\n\n\n\n<p>Na carta divulgada ontem, os padres afirmam ser necess\u00e1ria e urgente a reconstru\u00e7\u00e3o das rela\u00e7\u00f5es sociais no Brasil, pois &#8220;este cen\u00e1rio de perigosos impasses, que colocam nosso Pa\u00eds \u00e0 prova, exige de suas institui\u00e7\u00f5es, l\u00edderes e organiza\u00e7\u00f5es civis muito mais di\u00e1logo do que discursos ideol\u00f3gicos fechados&#8221;.&nbsp;<\/p>\n\n\n\n<p>Afirmam ainda um compromisso &#8220;em favor da vida, principalmente dos segmentos mais vulner\u00e1veis e exclu\u00eddos, nesta sociedade estruturalmente desigual, injusta e violenta&#8221;, e se solidarizam com todas as fam\u00edlias que perderam vidas por causa da covid-19.&nbsp;<\/p>\n\n\n\n<p>&#8220;Essa doen\u00e7a ceifa vidas e aterroriza a todos. Pr\u00f3ximos de atingir 100 mil mortos nesta pandemia, \u00e9 inadmiss\u00edvel que n\u00e3o haja neste governo um ministro da Sa\u00fade, que possa conduzir as pol\u00edticas de combate ao novo coronav\u00edrus&#8221;, reclama o documento.&nbsp;<\/p>\n\n\n\n<p>Leia a \u00edntegra:<\/p>\n\n\n\n<p><em>Boa tarde, irm\u00e3os da Caminhada!<\/em><\/p>\n\n\n\n<p><em>Para contribuir na contextualiza\u00e7\u00e3o da exist\u00eancia deste grupo, retomamos alguns elementos aqui, como segue!<\/em><\/p>\n\n\n\n<p><em>Este grupo surgiu a partir de uma sugest\u00e3o apresentada no IV Sul\u00e3o das CEBs, em Canoas, de 15 a 17 de novembro de 2019 . Refletimos sobre &#8220;Igreja da base na perspectiva do Papa Fancisco&#8221;. Aos poucos, outros padres em sintonia com a perspectiva eclesiol\u00f3gica do Povo de Deus, da liberta\u00e7\u00e3o foram entrando neste grupo, que de regional passou a nacional.<\/em><\/p>\n\n\n\n<p><em>A inten\u00e7\u00e3o primeira era articular os padres que comungam desta perspectiva teol\u00f3gica e que buscam caminhar em sintonia com ensinamentos do Papa Francisco. N\u00e3o \u00e9 simplesmente um seguimento do Papa Francisco, mas o projeto que ele representa e que nos identificamos. Podemos perceber ao longo destes anos do Pontificados de Francisco que, de fato, ele *est\u00e1 * concretizando (recepcionando) o verdadeiro esp\u00edrito do Conc\u00edlio Vaticano II.**&nbsp;<\/em><\/p>\n\n\n\n<p><em>Este grupo, portanto, tem um primeiro objetivo de nos articular em n\u00edvel de pa\u00eds , como padres que assumem o Vaticano II, buscando implement\u00e1-lo em nossas pr\u00e1ticas eclesiais e em nossas rela\u00e7\u00f5es cotidianas.<\/em><\/p>\n\n\n\n<p><em>Quer ser tamb\u00e9m um espa\u00e7o de partilha de nossas pr\u00e1ticas : o que estamos fazendo e que contribuem para a concretiza\u00e7\u00e3o de uma Igreja mais libertadora, prof\u00e9tica, comprometida com a realidade, mas principalmente de ser pobre com os pobres.<\/em><\/p>\n\n\n\n<p><em>Mas, al\u00e9m de tudo, queremos refletir sobre temas importantes para viver a Igreja Povo de Deus, construir alternativas dentro da Igreja e do espa\u00e7o em que estamos inseridos.<\/em><\/p>\n\n\n\n<p><em>A voc\u00ea, meu irm\u00e3o, que est\u00e1 chegando agora neste grupo, seja bem vindo! E contamos com sua participa\u00e7\u00e3o e colabora\u00e7\u00e3o.<\/em><\/p>\n","protected":false},"excerpt":{"rendered":"<p>Mil e cinquenta e oito padres brasileiros assinaram um manifesto, divulgado na tarde desta quinta-feira (30), em apoio a uma carta de 152 bispos da Igreja Cat\u00f3lica com duras cr\u00edticas ao governo do presidente Jair Bolsonaro (sem partido), tornada p\u00fablica no fim de semana.&nbsp; Gilberto NascimentoDe S\u00e3o Paulo para a BBC News Brasil.<\/p>\n","protected":false},"author":1,"featured_media":0,"comment_status":"closed","ping_status":"open","sticky":false,"template":"","format":"standard","meta":{"_exactmetrics_skip_tracking":false,"_exactmetrics_sitenote_active":false,"_exactmetrics_sitenote_note":"","_exactmetrics_sitenote_category":0,"jetpack_post_was_ever_published":false,"_jetpack_newsletter_access":"","_jetpack_dont_email_post_to_subs":false,"_jetpack_newsletter_tier_id":0,"_jetpack_memberships_contains_paywalled_content":false,"_jetpack_memberships_contains_paid_content":false,"footnotes":"","jetpack_publicize_message":"","jetpack_publicize_feature_enabled":true,"jetpack_social_post_already_shared":true,"jetpack_social_options":{"image_generator_settings":{"template":"highway","enabled":false},"version":2}},"categories":[1],"tags":[],"class_list":["post-29337","post","type-post","status-publish","format-standard","hentry","category-notas"],"jetpack_publicize_connections":[],"jetpack_sharing_enabled":true,"jetpack_featured_media_url":"","jetpack_shortlink":"https:\/\/wp.me\/p7wKYW-7Db","jetpack-related-posts":[],"_links":{"self":[{"href":"http:\/\/blogdalucianaoliveira.com.br\/blog\/wp-json\/wp\/v2\/posts\/29337","targetHints":{"allow":["GET"]}}],"collection":[{"href":"http:\/\/blogdalucianaoliveira.com.br\/blog\/wp-json\/wp\/v2\/posts"}],"about":[{"href":"http:\/\/blogdalucianaoliveira.com.br\/blog\/wp-json\/wp\/v2\/types\/post"}],"author":[{"embeddable":true,"href":"http:\/\/blogdalucianaoliveira.com.br\/blog\/wp-json\/wp\/v2\/users\/1"}],"replies":[{"embeddable":true,"href":"http:\/\/blogdalucianaoliveira.com.br\/blog\/wp-json\/wp\/v2\/comments?post=29337"}],"version-history":[{"count":1,"href":"http:\/\/blogdalucianaoliveira.com.br\/blog\/wp-json\/wp\/v2\/posts\/29337\/revisions"}],"predecessor-version":[{"id":29339,"href":"http:\/\/blogdalucianaoliveira.com.br\/blog\/wp-json\/wp\/v2\/posts\/29337\/revisions\/29339"}],"wp:attachment":[{"href":"http:\/\/blogdalucianaoliveira.com.br\/blog\/wp-json\/wp\/v2\/media?parent=29337"}],"wp:term":[{"taxonomy":"category","embeddable":true,"href":"http:\/\/blogdalucianaoliveira.com.br\/blog\/wp-json\/wp\/v2\/categories?post=29337"},{"taxonomy":"post_tag","embeddable":true,"href":"http:\/\/blogdalucianaoliveira.com.br\/blog\/wp-json\/wp\/v2\/tags?post=29337"}],"curies":[{"name":"wp","href":"https:\/\/api.w.org\/{rel}","templated":true}]}}