{"id":29340,"date":"2020-07-31T09:34:19","date_gmt":"2020-07-31T13:34:19","guid":{"rendered":"http:\/\/blogdalucianaoliveira.com.br\/blog\/?p=29340"},"modified":"2020-07-31T09:34:28","modified_gmt":"2020-07-31T13:34:28","slug":"com-mofo-no-pulmao-bolsonaro-volta-aos-comicios-em-plena-pandemia","status":"publish","type":"post","link":"http:\/\/blogdalucianaoliveira.com.br\/blog\/2020\/07\/31\/com-mofo-no-pulmao-bolsonaro-volta-aos-comicios-em-plena-pandemia\/","title":{"rendered":"Com \u201cmofo no pulm\u00e3o\u201d, Bolsonaro volta aos \u2018com\u00edcios\u2019 em plena pandemia"},"content":{"rendered":"\n<figure class=\"wp-block-image size-large\"><img data-recalc-dims=\"1\" loading=\"lazy\" decoding=\"async\" width=\"600\" height=\"401\" data-attachment-id=\"29341\" data-permalink=\"http:\/\/blogdalucianaoliveira.com.br\/blog\/2020\/07\/31\/com-mofo-no-pulmao-bolsonaro-volta-aos-comicios-em-plena-pandemia\/image-59-8\/\" data-orig-file=\"https:\/\/i0.wp.com\/blogdalucianaoliveira.com.br\/blog\/wp-content\/uploads\/2020\/07\/image-59.jpeg?fit=640%2C428\" data-orig-size=\"640,428\" data-comments-opened=\"0\" data-image-meta=\"{&quot;aperture&quot;:&quot;0&quot;,&quot;credit&quot;:&quot;&quot;,&quot;camera&quot;:&quot;&quot;,&quot;caption&quot;:&quot;&quot;,&quot;created_timestamp&quot;:&quot;0&quot;,&quot;copyright&quot;:&quot;&quot;,&quot;focal_length&quot;:&quot;0&quot;,&quot;iso&quot;:&quot;0&quot;,&quot;shutter_speed&quot;:&quot;0&quot;,&quot;title&quot;:&quot;&quot;,&quot;orientation&quot;:&quot;0&quot;}\" data-image-title=\"image-59\" data-image-description=\"\" data-image-caption=\"\" data-medium-file=\"https:\/\/i0.wp.com\/blogdalucianaoliveira.com.br\/blog\/wp-content\/uploads\/2020\/07\/image-59.jpeg?fit=300%2C201\" data-large-file=\"https:\/\/i0.wp.com\/blogdalucianaoliveira.com.br\/blog\/wp-content\/uploads\/2020\/07\/image-59.jpeg?fit=600%2C401\" src=\"https:\/\/i0.wp.com\/blogdalucianaoliveira.com.br\/blog\/wp-content\/uploads\/2020\/07\/image-59.jpeg?resize=600%2C401\" alt=\"\" class=\"wp-image-29341\" srcset=\"https:\/\/i0.wp.com\/blogdalucianaoliveira.com.br\/blog\/wp-content\/uploads\/2020\/07\/image-59.jpeg?w=640 640w, https:\/\/i0.wp.com\/blogdalucianaoliveira.com.br\/blog\/wp-content\/uploads\/2020\/07\/image-59.jpeg?resize=300%2C201 300w, https:\/\/i0.wp.com\/blogdalucianaoliveira.com.br\/blog\/wp-content\/uploads\/2020\/07\/image-59.jpeg?resize=449%2C300 449w\" sizes=\"auto, (max-width: 600px) 100vw, 600px\" \/><\/figure>\n\n\n\n<h4 class=\"wp-block-heading\">No dia em que a primeira dama anunciou estar infectada, presidente esteve no Nordeste onde cavalgou entre multid\u00e3o e fez promessas na regi\u00e3o em que \u00e9 pior avaliado no pa\u00eds<\/h4>\n\n\n\n<!--more-->\n\n\n\n<p><a href=\"https:\/\/brasil.elpais.com\/autor\/afonso-benites\/\">AFONSO BENITES<\/a>, El Pa\u00eds <\/p>\n\n\n\n<p>No dia em que a primeira-dama do Brasil,\u00a0<a href=\"https:\/\/brasil.elpais.com\/noticias\/michelle-de-paula-firmo-reinaldo-bolsonaro\/\">Michelle Bolsonaro<\/a>, anunciou ter sido diagnosticada com covid-19, seu marido,\u00a0<a href=\"https:\/\/brasil.elpais.com\/brasil\/2020-07-29\/sucessao-de-ministros-no-stf-atica-disputa-politica-e-poe-em-xeque-atuacao-de-favoritos-de-bolsonaro.html\">Jair Bolsonaro<\/a>\u00a0voltou ao um roteiro conhecido desde que come\u00e7ou a pandemia \u2014e que ele havia paralisado quando ele pr\u00f3prio disse ter contra\u00eddo o v\u00edrus\u2014: viajou 2.500 quil\u00f4metros, visitou duas cidades do interior nordestino, S\u00e3o Raimundo Nonato (PI) e Campo Alegre de Lourdes (BA), e, de novo, promoveu aglomera\u00e7\u00f5es. Retirando a m\u00e1scara em diversas ocasi\u00f5es, o presidente tocou nas m\u00e3os das pessoas e conversou com elas. Cavalgou entre o p\u00fablico usando um chap\u00e9u de couro t\u00edpico do sertanejo, encarnando uma esp\u00e9cie de \u201c<a href=\"https:\/\/brasil.elpais.com\/brasil\/2018\/12\/13\/politica\/1544736443_496134.html\">rei do gado<\/a>\u201d, para usar a imagem da telenovela dos anos 1990 da\u00a0<a href=\"https:\/\/brasil.elpais.com\/noticias\/globo-tv-brasil\/\">Globo<\/a>.<\/p>\n\n\n\n<p>As tr\u00eas semanas de distanciamento social as quais ele foi for\u00e7ado a fazer por ter contra\u00eddo o\u00a0<a href=\"https:\/\/brasil.elpais.com\/brasil\/2020-07-30\/ao-vivo-noticias-sobre-o-coronavirus-e-a-crise-politica-no-brasil.html\">novo coronav\u00edrus<\/a>, portanto, n\u00e3o o fizeram mudar de atitude. Bolsonaro voltou a ser Bolsonaro. Descumpriu as recomenda\u00e7\u00f5es das autoridades sanit\u00e1rias de distanciamento social e seguiu a vida como se estivesse em meio a uma campanha eleitoral. Nesta quinta-feira, o Brasil chegou \u00e0 marca de 91.263 mortos pelo coronav\u00edrus e 2,6 milh\u00f5es de contaminados. O pa\u00eds mant\u00e9m um ritmo acelerado tanto de contamina\u00e7\u00f5es como de mortes, na expectativa de chegar a 100.000 \u00f3bitos pela pandemia j\u00e1 na semana que vem.<\/p>\n\n\n\n<p>Nos munic\u00edpios piauiense e baiano, o presidente inaugurou um sistema de abastecimento de \u00e1gua, visitou o Parque Nacional da Serra da Capivara, Museu Arqueol\u00f3gico e Museu da Natureza, ambos polos tur\u00edsticos na zona. Fez quest\u00e3o de fazer acenos elogiosos \u00e0 \u00fanica regi\u00e3o na qual perdeu a elei\u00e7\u00e3o presidencial em 2018&nbsp;<a href=\"https:\/\/ponte.org\/policia-usa-forca-com-motoboy-e-fala-fino-com-30-caras-de-fuzil\/\" target=\"_blank\" rel=\"noreferrer noopener\">e na qual \u00e9 pior avaliado<\/a>&nbsp;(24% de \u00f3timo e bom, contra 30% na m\u00e9dia do pa\u00eds, segundo a mais recente pesquisa XP). \u201cVoc\u00eas s\u00e3o pessoas iguais \u00e0s outras quatro regi\u00f5es do nosso Brasil\u201d, anunciou. \u201cN\u00f3s somos todos iguais, somos um s\u00f3 povo, uma s\u00f3 ra\u00e7a, temos um s\u00f3 objetivo, \u00e9 o Brasil acima de todos.\u201d Mais tarde, como sempre, ele fez um compilado das imagens de seu passeio com \u201cbanho de povo\u201d e cavalgada entre o p\u00fablico em&nbsp;<a href=\"https:\/\/www.youtube.com\/watch?v=lIQMZRY_IDs\">seus perfis<\/a>&nbsp;no YouTube e Facebook.<\/p>\n\n\n\n<h3 class=\"wp-block-heading\">\u201cMofo no pulm\u00e3o\u201d<\/h3>\n\n\n\n<p>\u00c0 noite, na tradicional&nbsp;<em>live<\/em>&nbsp;semanal pelo Facebook, citou sua viagem e disse que ajudou a popula\u00e7\u00e3o local. N\u00e3o falou sobre a contamina\u00e7\u00e3o de sua esposa. Sobre a pandemia, em si, Bolsonaro apenas disse que o Brasil faz parte do&nbsp;<a href=\"https:\/\/brasil.elpais.com\/internacional\/2020-07-23\/um-exercito-de-pesquisadores-sem-parar-ou-dormir-em-busca-de-uma-vacina.html\">cons\u00f3rcio de pa\u00edses junto com a Universidade de Oxford<\/a>&nbsp;(Inglaterra) para produzir a vacina. \u201cPelo que tudo indica, vai dar certo. 100 milh\u00f5es de unidades chegar\u00e3o para n\u00f3s. N\u00e3o \u00e9 daquele outro pa\u00eds [China], n\u00e3o. \u00c9 de Oxford\u201d, disse o presidente, que copia Donald Trump na ret\u00f3rica anti-China, especialmente quando fala diretamente ao seus seguidores mais radicais. Para depois completar: \u201cEu n\u00e3o preciso tomar, porque j\u00e1 estou safo\u201d. O presidente revelou, no entanto, estar tratando uma infec\u00e7\u00e3o no pulm\u00e3o, sem maiores detalhes: \u201cAcabei de fazer um exame de sangue, n\u00e9, estava com um pouco de fraqueza ontem, acharam at\u00e9 um pouco de infec\u00e7\u00e3o tamb\u00e9m. Estou agora no antibi\u00f3tico, deve ser&#8230; agora depois de 20 dias dentro de casa, a gente pega outros problemas. Eu peguei mofo, mofo no pulm\u00e3o.\u201d<\/p>\n\n\n\n<p>As cenas vistas na regi\u00e3o Nordeste devem se repetir nesta sexta-feira no Sul do pa\u00eds. Seu objetivo \u00e9 criar uma agenda positiva com inaugura\u00e7\u00f5es de obras todos os meses. O presidente viajar\u00e1 ao Rio Grande do Sul, Estado que est\u00e1 em que a pandemia est\u00e1 em franca ascens\u00e3o \u2013 atingiu 1.825 mortos nesta semana. Entre os 66.473 ga\u00fachos contaminados, est\u00e1 o\u00a0<a href=\"https:\/\/brasil.elpais.com\/brasil\/2020-03-30\/eduardo-leite-governador-do-rs-ninguem-vai-pagar-para-ver-quando-se-paga-com-vidas.html\">governador local, Eduardo Leite<\/a>\u00a0(PSDB). As agendas da comitiva presidencial ser\u00e3o no munic\u00edpio de Bag\u00e9, onde ele deve visitar uma escola militar e um quartel do Ex\u00e9rcito, al\u00e9m de entregar 1.164 casas para fam\u00edlias de baixa renda.<\/p>\n\n\n\n<p>Bolsonaro tinha previsto ainda uma ida na pr\u00f3xima semana \u00e0 regi\u00e3o do Vale do Ribeira, em S\u00e3o Paulo, onde ele foi criado. Mas teve de adiar a viagem porque o governador paulista e seu&nbsp;<a href=\"https:\/\/brasil.elpais.com\/brasil\/2020-06-02\/joao-doria-se-houver-um-aumento-de-contagios-nos-vamos-recuar.html\">ex-aliado pol\u00edtico, Jo\u00e3o Doria<\/a>&nbsp;(PSDB), anunciou que decretaria a regi\u00e3o como \u00e1rea vermelha por causa da pandemia. Nesta fase, eventos p\u00fablicos s\u00e3o proibidos. Na&nbsp;<em>live<\/em>, o presidente disse que respeitaria a decis\u00e3o de Doria e, em tom de provoca\u00e7\u00e3o, o convidou para visitar o Vale do Ribeira quando estivesse l\u00e1. \u201cEst\u00e1 convidado, senhor Jo\u00e3o Doria. Est\u00e1 convidado a ir comigo no meu helic\u00f3ptero. Onde eu falar, o senhor fala\u201d. O governador \u00e9 um potencial concorrente de Bolsonaro na elei\u00e7\u00e3o de 2022.<\/p>\n\n\n\n<p>O presidente anunciou que foi contaminado com a covid-19 no dia 7 de julho e que, em 25 de julho, estava livre da doen\u00e7a. Em todas as ocasi\u00f5es que pode, fez alus\u00e3o ao tratamento com a cloroquina, medicamento que n\u00e3o tem efic\u00e1cia comprovada. Voltou a faz\u00ea-lo nesta quinta-feira, em sua&nbsp;<em>live<\/em>semanal, quando disse que outros dois ministros que tamb\u00e9m tiveram a doen\u00e7a,&nbsp;<a href=\"https:\/\/brasil.elpais.com\/noticias\/onyx-dornelles-lorenzoni\/\">Onyx Lorenzoni<\/a>(Cidadania) e&nbsp;<a href=\"https:\/\/brasil.elpais.com\/brasil\/2020-07-10\/pastor-ligado-ao-grupo-mackenzie-sera-novo-ministro-da-educacao.html\">Milton Ribeiro<\/a>&nbsp;(Educa\u00e7\u00e3o), se sentiram bem ap\u00f3s o uso do medicamento. A insist\u00eancia de Bolsonaro sobre o rem\u00e9dio que trata mal\u00e1ria levou o Ex\u00e9rcito a produzir milhares de c\u00e1psulas \u2014o pr\u00f3prio Minist\u00e9rio da Sa\u00fade passou a recomendar o uso. Nesta quinta, o ex-presidente Luiz In\u00e1cio Lula da Silva, seu ferrenho opositor, usou uma conversa com correspondentes estrangeiros para provocar: \u201cCreio que Bolsonaro inventou que estava infectado para fazer propaganda do rem\u00e9dio.\u201d<\/p>\n\n\n\n<h3 class=\"wp-block-heading\">Conduta negacionista<\/h3>\n\n\n\n<p>Nas primeiras agendas externas que cumpriu ap\u00f3s dizer que estava curado, Bolsonaro sinalizava ter se sensibilizado com os cuidados com as demais pessoas. Ao se encontrar com apoiadores na entrada do Pal\u00e1cio da Alvorada, pediu que as pessoas mantivessem dist\u00e2ncia dele. Afirmou que n\u00e3o as cumprimentaria tocando em suas m\u00e3os. E seguiu usando a m\u00e1scara. A volta ao seu velho estilo, contudo, n\u00e3o demorou tanto. Antes de viajar ao Nordeste, seguiu participando de reuni\u00f5es com autoridades e personalidades no Pal\u00e1cio do Planalto sem nenhum equipamento de prote\u00e7\u00e3o individual.<\/p>\n\n\n\n<p>A conduta negacionista do mandat\u00e1rio em rela\u00e7\u00e3o ao v\u00edrus \u00e9 alvo de cr\u00edticas h\u00e1 meses porque, al\u00e9m de si e de seus familiares, ele frequentemente p\u00f5e em risco servidores, apoiadores e at\u00e9 transeuntes \u2014mais de uma vez ele causou aglomera\u00e7\u00e3o ao frequentar pequenos com\u00e9rcios em Bras\u00edlia e no entorno.<\/p>\n\n\n\n<p>Especialistas dizem que o per\u00edodo em que uma pessoa infectada mais transmite a doen\u00e7a \u00e9 dois dias antes do in\u00edcio dos sintomas at\u00e9 durante a primeira semana. Em tese, deixa de transmitir ap\u00f3s testar negativo. Mas ainda h\u00e1 mais d\u00favidas do que certezas sobre a resposta imunol\u00f3gica ao&nbsp;<a href=\"https:\/\/brasil.elpais.com\/ciencia\/2020-06-03\/e-verdade-que-o-virus-sars-cov-2-esta-perdendo-virulencia.html\">SARS-CoV-2<\/a>. A Organiza\u00e7\u00e3o Mundial de Sa\u00fade e pa\u00edses como Alemanha e Reino Unido chegaram a estudar a possibilidade de emitir uma esp\u00e9cie de passaporte sorol\u00f3gico para quem j\u00e1 tivesse contra\u00eddo a doen\u00e7a e se imunizado, mas abandonaram a ideia por entenderem que ainda n\u00e3o \u00e9 poss\u00edvel ter essa seguran\u00e7a.<\/p>\n\n\n\n<p>Uma das raz\u00f5es \u00e9 que&nbsp;<a href=\"https:\/\/brasil.elpais.com\/ciencia\/2020-07-29\/quatro-razoes-pelas-quais-o-passaporte-sorologico-nao-e-justo-nem-eficaz.html\">n\u00e3o est\u00e1 claro se h\u00e1 a possibilidade de reinfec\u00e7\u00e3o<\/a>. Houve casos de pessoas que, depois de dar negativo em um teste de PCR (que detecta o pr\u00f3prio v\u00edrus), voltaram a dar positivo. Isso pode ter sido uma reinfec\u00e7\u00e3o ou a pessoa pode n\u00e3o ter eliminado o v\u00edrus e o teste ter falhado.<\/p>\n","protected":false},"excerpt":{"rendered":"<p>No dia em que a primeira dama anunciou estar infectada, presidente esteve no Nordeste onde cavalgou entre multid\u00e3o e fez promessas na regi\u00e3o em que \u00e9 pior avaliado no pa\u00eds<\/p>\n","protected":false},"author":1,"featured_media":0,"comment_status":"closed","ping_status":"open","sticky":false,"template":"","format":"standard","meta":{"_exactmetrics_skip_tracking":false,"_exactmetrics_sitenote_active":false,"_exactmetrics_sitenote_note":"","_exactmetrics_sitenote_category":0,"jetpack_post_was_ever_published":false,"_jetpack_newsletter_access":"","_jetpack_dont_email_post_to_subs":false,"_jetpack_newsletter_tier_id":0,"_jetpack_memberships_contains_paywalled_content":false,"_jetpack_memberships_contains_paid_content":false,"footnotes":"","jetpack_publicize_message":"","jetpack_publicize_feature_enabled":true,"jetpack_social_post_already_shared":true,"jetpack_social_options":{"image_generator_settings":{"template":"highway","enabled":false},"version":2}},"categories":[1],"tags":[],"class_list":["post-29340","post","type-post","status-publish","format-standard","hentry","category-notas"],"jetpack_publicize_connections":[],"jetpack_sharing_enabled":true,"jetpack_featured_media_url":"","jetpack_shortlink":"https:\/\/wp.me\/p7wKYW-7De","jetpack-related-posts":[],"_links":{"self":[{"href":"http:\/\/blogdalucianaoliveira.com.br\/blog\/wp-json\/wp\/v2\/posts\/29340","targetHints":{"allow":["GET"]}}],"collection":[{"href":"http:\/\/blogdalucianaoliveira.com.br\/blog\/wp-json\/wp\/v2\/posts"}],"about":[{"href":"http:\/\/blogdalucianaoliveira.com.br\/blog\/wp-json\/wp\/v2\/types\/post"}],"author":[{"embeddable":true,"href":"http:\/\/blogdalucianaoliveira.com.br\/blog\/wp-json\/wp\/v2\/users\/1"}],"replies":[{"embeddable":true,"href":"http:\/\/blogdalucianaoliveira.com.br\/blog\/wp-json\/wp\/v2\/comments?post=29340"}],"version-history":[{"count":1,"href":"http:\/\/blogdalucianaoliveira.com.br\/blog\/wp-json\/wp\/v2\/posts\/29340\/revisions"}],"predecessor-version":[{"id":29342,"href":"http:\/\/blogdalucianaoliveira.com.br\/blog\/wp-json\/wp\/v2\/posts\/29340\/revisions\/29342"}],"wp:attachment":[{"href":"http:\/\/blogdalucianaoliveira.com.br\/blog\/wp-json\/wp\/v2\/media?parent=29340"}],"wp:term":[{"taxonomy":"category","embeddable":true,"href":"http:\/\/blogdalucianaoliveira.com.br\/blog\/wp-json\/wp\/v2\/categories?post=29340"},{"taxonomy":"post_tag","embeddable":true,"href":"http:\/\/blogdalucianaoliveira.com.br\/blog\/wp-json\/wp\/v2\/tags?post=29340"}],"curies":[{"name":"wp","href":"https:\/\/api.w.org\/{rel}","templated":true}]}}